{"id":6265,"date":"2020-03-18T22:36:06","date_gmt":"2020-03-18T21:36:06","guid":{"rendered":"http:\/\/www.fu-frechen.de\/?p=6265"},"modified":"2020-07-31T11:18:25","modified_gmt":"2020-07-31T09:18:25","slug":"klopapier-gegen-coronaviren","status":"publish","type":"post","link":"https:\/\/www.fu-frechen.de\/?p=6265","title":{"rendered":"Klopapier gegen Coronaviren?"},"content":{"rendered":"<p style=\"text-align: justify;\"><strong><a href=\"https:\/\/www.fu-frechen.de\/wp-content\/uploads\/2020\/05\/n1a.jpg\"><img decoding=\"async\" loading=\"lazy\" class=\" wp-image-6523 alignleft\" src=\"https:\/\/www.fu-frechen.de\/wp-content\/uploads\/2020\/05\/n1a-293x300.jpg\" alt=\"\" width=\"217\" height=\"222\" srcset=\"https:\/\/www.fu-frechen.de\/wp-content\/uploads\/2020\/05\/n1a-293x300.jpg 293w, https:\/\/www.fu-frechen.de\/wp-content\/uploads\/2020\/05\/n1a-624x638.jpg 624w, https:\/\/www.fu-frechen.de\/wp-content\/uploads\/2020\/05\/n1a.jpg 704w\" sizes=\"(max-width: 217px) 100vw, 217px\" \/><\/a>OTRUF<\/strong> w\u00e4hlen, weil im Supermarkt das Klopapier alle ist. Geht&#8217;s noch? Ein Witz? Nein, so geschehen am letzten Wochenende in einem K\u00f6lner Stadtteil. Ist das Dummheit oder Unwissen? Oder ist das ein sicheres Symptom daf\u00fcr, dass der Homo Sapiens zu degenerieren beginnt?<br \/>\nWer hat denn so wenig Durchblick, dass er f\u00fcr solche Sachen den Notruf w\u00e4hlt, der nur f\u00fcr F\u00e4lle eingerichtet wurde, in denen es um Leib und Leben geht und schwere gesundheitliche Sch\u00e4den verhindert werden sollen? Man denkt: Sowas wei\u00df doch jede(r). Denkste!<br \/>\nEbenso daneben ticken Leute, die Rettungssanit\u00e4ter oder Feuerwehrleute anp\u00f6beln und angreifen. Das ist auch mit Drogen (z.B. Alkohol) nicht zu entschuldigen, denn sowas sollte einfach tabu sein. Ist es ja auch f\u00fcr die Mehrheit der Mitb\u00fcrgerInnen. Aber wieso nimmt die Minderheit der Dummen und zugleich Gewaltt\u00e4tigen zu?<br \/>\nVielleicht liegt es daran, dass der Trend zu mehr individueller Freiheit bei einigen Leuten den Irrtum ausl\u00f6st, ohne Regeln und Einschr\u00e4nkungen funktioniere das Leben noch viel besser. Man erlebt das heutzutage \u00f6fter z.B. im Stra\u00dfenverkehr, und zwar nicht nur bei Autofahrern. Man beobachtet vermehrt egoistisches Verhalten, gepaart mit r\u00fccksichtsloser Ellbogenmentalit\u00e4t.\u00a0 Aber selbst bei eigentlich harmlosen Dingen wie Feiern sch\u00fctten sich vor allem j\u00fcngere Menschen so mit Alkohol zu, dass sie desorientiert und bald besinnungslos, auf jeden Fall w\u00fcrdelos Unfug und P\u00f6beleien veranstalten. Ist das so toll, die Sau rauszulassen bei (vermeintlicher) Freiheit von Verantwortung?<\/p>\n<p style=\"text-align: justify;\">Vielleicht ist es z.T. auch eine Folge des Jugendwahns: Unter Jungsein verstehen Viele nicht nur k\u00f6rperlich fit und gutaussehend sein, sondern auch mental unbeschwerter, spontaner, risikofreudiger und hemmungsloser (gern unter Drogeneinfluss) zu handeln. So laufen denn z.B. vermehrt \u00e4ltere Menschen spontan \u00fcber die Stra\u00dfe, ohne auf eine gr\u00f6\u00dfere L\u00fccke im Verkehr zu warten oder die paar Meter bis zum Zebrastreifen zu gehen. Bleibt man so l\u00e4nger jung, oder erh\u00f6ht man so lediglich sein Unfallrisiko? Oder ist das der Mode geschuldet, spontanen Bauchentscheidungen zu folgen, ohne den Verstand zu beteiligen?<\/p>\n<p style=\"text-align: justify;\">Es ist geradezu Realit\u00e4tsverweigerung, wenn Menschen in der gegenw\u00e4rtigen Corona-Krise alle Warnungen ignorieren, keine Sicherheitsabst\u00e4nde einhalten, sich sogar in Gruppen treffen; und da gibt es sogar welche, die glauben, sie m\u00fcssten sich schnell infizieren, um dann auch schnell immun zu sein gegen erneute Ansteckung. Selbst schuld? Wenn es nur sie allein betr\u00e4fe! Aber sie stecken Andere an, ehe sie \u00fcberhaupt wissen, dass sie infiziert sind, und sie verursachen wom\u00f6glich das vorzeitige Sterben von \u00c4lteren, mit denen sie in Kontakt kommen.<\/p>\n<p style=\"text-align: justify;\">Und ganz egoistisch gesehen: Wer wei\u00df denn, wie im Fall einer Infektion sein eigener Krankheitsverlauf sein wird? Wer auf die Vorsichtsregeln von Experten schon nicht h\u00f6rt, der wei\u00df doch erst recht nicht, was bei einer Erkrankung auf ihn zukommt. Wer wei\u00df denn, ob nur Menschen aus der &#8222;Risikogruppe&#8220; der Alten und Vorerkrankten daran sterben k\u00f6nnen? Selbst die Virologen k\u00f6nnen derzeit keine sicheren Aussagen dar\u00fcber machen, sie lernen das Virus erst kennen.<\/p>\n<p style=\"text-align: justify;\">Es kursierte bei jungen Leuten einmal der Spruch: &#8222;No risk, no fun.&#8220; Selten habe ich einen d\u00fcmmeren Spruch geh\u00f6rt! Frau\/man kann eine Menge Spa\u00df und Lebensfreude genie\u00dfen, ohne dabei gef\u00e4hrliche Risiken einzugehen. Ich w\u00fcrde sogar so weit gehen zu behaupten: Es macht Spa\u00df und erf\u00fcllt eine\/n mit gro\u00dfer Genugtuung, wenn frau\/man besonnen und mit Verantwortung f\u00fcr sich und Andere handelt. Und dann kommt man auch nicht auf die Idee, Klopapier zu horten oder Experten-Ratschl\u00e4ge zu ignorieren.<\/p>\n<p>W. R.<\/p>\n<p style=\"text-align: justify;\">P.S.(1)\u00a0 Wie schon oft, tauchen auch zu diesem Thema angebliche Experten auf und behaupten Dinge, die die Bev\u00f6lkerung verwirren. Ein Lungenfacharzt geht derzeit damit hausieren, dass es gar keine gef\u00e4hrliche Pandemie gebe und das aktuelle Corona-Virus wie andere zuvor nur wieder ein Erk\u00e4ltungserreger sei. Dem widersprechen andere Wissenschaftler heftig: Das aktuelle Virus aus der gro\u00dfen Familie der Corona-Viren verh\u00e4lt sich anders als zuvor bekannte Viren dieser Gruppe.<\/p>\n<p style=\"text-align: justify;\">Hatten wir nicht vor einiger Zeit schon mal einen Lungenfacharzt, der zu einem aktuellen Thema der allgemeinen Ansicht der Wissenschaft widersprach und sogar in mehreren Talkshows im Fernsehen auftrat? Als er dann massiv widerlegt wurde, h\u00f6rte man nichts mehr von ihm. (Da ging es um Grenzwerte beim Schadstoff-Aussto\u00df von Diesel-Fahrzeugen.)<\/p>\n<p style=\"text-align: justify;\">Inzwischen ist es aber offenbar noch leichter, Falschmeldungen im Internet zu streuen und Verwirrung zu stiften. Ich sag jetzt mal: Dahinter steckt eine Verschw\u00f6rung, um unseren Staat zu destabilisieren. Wie das? Ganz klar: Da treten Leute auf, die sich mit kontr\u00e4ren Thesen wichtig machen wollen, ferner agieren da Leute aus dem &#8222;Fl\u00fcgel&#8220;, &#8222;Reichsb\u00fcrger&#8220;, diverse rechtsradikale Kampfgruppen, Putins Trollfabriken, und Hobby-Unruhestifter, um das Vertrauen in unsere Regierung und die Institutionen zu untergraben \u2014 damit es zu Chaos kommt, das bewaffnete Hitler-Fans nutzen wollen, um ihren &#8222;Tag X&#8220; ausrufen und die Macht zu ergreifen (wovon sie unentwegt tr\u00e4umen).<\/p>\n<p style=\"text-align: justify;\">Und ich verga\u00df zu erw\u00e4hnen: Die Corona-Pandemie ist eine Erfindung der US-Demokraten (sagte Donald Trump), schlie\u00dflich war die Klimakatastrophe (laut Trump) ja auch eine Erfindung der Chinesen oder ist zumindest ma\u00dflos \u00fcbertrieben. Und ich sage Euch: Gegen Corona-Infektion hilft Unmengen Cola saufen (weil ich gerade ein Aktienpaket von denen gekauft habe), und&#8230; Wollt Ihr noch mehr Unsinn lesen und glauben? Dann &#8222;informiert&#8220; Ihr Euch am besten gleich bei Fox News (Trumps Lieblingskanal) und bei RT (von Putin finanziert).<\/p>\n<p style=\"text-align: justify;\">Nachtrag dazu: Wer sich eine ganze Palette von verqueren bis abstrusen Wortmeldungen zum Thema Corona antun m\u00f6chte, klicke diesen Link an: <a href=\"https:\/\/www.tagesspiegel.de\/themen\/reportage\/verschwoerungstheorien-zum-coronavirus-die-schaebigen-die-toedlichen-und-die-saudummen\/25716306.html\">(5) Verschw\u00f6rungstheorien zum Coronavirus: Die Sch\u00e4bigen, die T\u00f6dlichen und die Saudummen &#8211; Reportageseite &#8211; Tagesspiegel<\/a>\u00a0 Und versucht nicht, mit Anh\u00e4ngern von Verschw\u00f6rungs-&#8222;theorien&#8220; zu diskutieren! Wollt Ihr Leuten mit Fakten kommen, die unbedingt an fantastischen Schwachsinn glauben wollen? Da tut&#8217;s auch der Glaube an den Weihnachtsmann: Kann man den sachlich widerlegen?<\/p>\n<p style=\"text-align: justify;\">P.S.(2)\u00a0 In den Medien fragen manche Journalisten, ob und wie lange sich die Leute gefallen lassen, dass ihre pers\u00f6nlichen Freiheiten, ihre Grundrechte eingeschr\u00e4nkt werden. Hallo? Will da jemand die Menschen zur Unvernunft aufwiegeln? Es ist doch zuallererst <em>meine pers\u00f6nliche Freiheit<\/em>, nach meinem eigenen gesunden Menschenverstand zu handeln und deshalb den Empfehlungen der kompetenten Gesundheitsexperten zu folgen! Das schr\u00e4nkt meine Freiheit \u00fcberhaupt nicht ein, weil ich das tue, was ich tun will \u2014 n\u00e4mlich meine Gesundheit sch\u00fctzen, so gut es geht nach dem aktuellen Stand der Wissenschaft. Wer dagegen opponiert, ist entweder nicht ganz bei Trost, oder ist sowieso gegen alles, nach dem pubert\u00e4ren Motto: Ich lasse mir von niemandem vorschreiben, was ich zu tun habe. Deshalb schlage ich auch gute Ratschl\u00e4ge in den Wind &#8211; aus Trotz, nicht aus besserem Wissen.<\/p>\n<p style=\"text-align: justify;\">Pubert\u00e4r oder kindisch, jedenfalls hat Trump mit dem anf\u00e4nglichen Abwiegeln ein Eigentor geschossen. Und dem Land geschadet. Die hochfliegenden B\u00f6rsenkurse und eine gute Wirtschaftslage, die er seiner &#8222;fantastischen&#8220; Politik gutschrieb, sind dahin, dunkle Wolken verd\u00fcstern damit auch die Aussichten auf seine Wiederwahl&#8230;<\/p>\n<p><img decoding=\"async\" loading=\"lazy\" class=\"aligncenter\" src=\"https:\/\/www.fu-frechen.de\/wp-content\/uploads\/2013\/06\/13g+-300x219.jpg\" width=\"106\" height=\"78\" \/><\/p>\n","protected":false},"excerpt":{"rendered":"<p>OTRUF w\u00e4hlen, weil im Supermarkt das Klopapier alle ist. Geht&#8217;s noch? Ein Witz? Nein, so geschehen am letzten Wochenende in einem K\u00f6lner Stadtteil. Ist das Dummheit oder Unwissen? Oder ist das ein sicheres Symptom daf\u00fcr, dass der Homo Sapiens zu degenerieren beginnt? Wer hat denn so wenig Durchblick, dass er f\u00fcr solche Sachen den Notruf [&hellip;]<\/p>\n","protected":false},"author":3,"featured_media":0,"comment_status":"closed","ping_status":"open","sticky":false,"template":"","format":"standard","meta":[],"categories":[1,526],"tags":[560,558,559],"_links":{"self":[{"href":"https:\/\/www.fu-frechen.de\/index.php?rest_route=\/wp\/v2\/posts\/6265"}],"collection":[{"href":"https:\/\/www.fu-frechen.de\/index.php?rest_route=\/wp\/v2\/posts"}],"about":[{"href":"https:\/\/www.fu-frechen.de\/index.php?rest_route=\/wp\/v2\/types\/post"}],"author":[{"embeddable":true,"href":"https:\/\/www.fu-frechen.de\/index.php?rest_route=\/wp\/v2\/users\/3"}],"replies":[{"embeddable":true,"href":"https:\/\/www.fu-frechen.de\/index.php?rest_route=%2Fwp%2Fv2%2Fcomments&post=6265"}],"version-history":[{"count":24,"href":"https:\/\/www.fu-frechen.de\/index.php?rest_route=\/wp\/v2\/posts\/6265\/revisions"}],"predecessor-version":[{"id":6617,"href":"https:\/\/www.fu-frechen.de\/index.php?rest_route=\/wp\/v2\/posts\/6265\/revisions\/6617"}],"wp:attachment":[{"href":"https:\/\/www.fu-frechen.de\/index.php?rest_route=%2Fwp%2Fv2%2Fmedia&parent=6265"}],"wp:term":[{"taxonomy":"category","embeddable":true,"href":"https:\/\/www.fu-frechen.de\/index.php?rest_route=%2Fwp%2Fv2%2Fcategories&post=6265"},{"taxonomy":"post_tag","embeddable":true,"href":"https:\/\/www.fu-frechen.de\/index.php?rest_route=%2Fwp%2Fv2%2Ftags&post=6265"}],"curies":[{"name":"wp","href":"https:\/\/api.w.org\/{rel}","templated":true}]}}