{"id":6422,"date":"2020-04-26T11:33:02","date_gmt":"2020-04-26T09:33:02","guid":{"rendered":"http:\/\/www.fu-frechen.de\/?p=6422"},"modified":"2020-12-24T22:43:40","modified_gmt":"2020-12-24T21:43:40","slug":"wie-ertragen-die-das","status":"publish","type":"post","link":"https:\/\/www.fu-frechen.de\/?p=6422","title":{"rendered":"Wie ertragen die das?"},"content":{"rendered":"\n<p><img decoding=\"async\" loading=\"lazy\" width=\"1981\" height=\"1460\" class=\"wp-image-6457\" style=\"width: 150px;\" src=\"https:\/\/www.fu-frechen.de\/wp-content\/uploads\/2020\/04\/w4.jpg\" alt=\"\" srcset=\"https:\/\/www.fu-frechen.de\/wp-content\/uploads\/2020\/04\/w4.jpg 1981w, https:\/\/www.fu-frechen.de\/wp-content\/uploads\/2020\/04\/w4-300x221.jpg 300w, https:\/\/www.fu-frechen.de\/wp-content\/uploads\/2020\/04\/w4-1024x755.jpg 1024w, https:\/\/www.fu-frechen.de\/wp-content\/uploads\/2020\/04\/w4-768x566.jpg 768w, https:\/\/www.fu-frechen.de\/wp-content\/uploads\/2020\/04\/w4-1536x1132.jpg 1536w, https:\/\/www.fu-frechen.de\/wp-content\/uploads\/2020\/04\/w4-624x460.jpg 624w\" sizes=\"(max-width: 1981px) 100vw, 1981px\" \/><strong>IR<\/strong> sehen, es geht: Ein gro\u00dfes Land w\u00e4hlt einen inkompetenten D\u00f6del zum Pr\u00e4sidenten, der sich durch schlechtes Benehmen, gro\u00dfmaulige Ank\u00fcndigungen, schamloses Selbstlob, und irrlichternde Entscheidungen immer wieder selbst disqualifiziert. Und dennoch, oder gerade deswegen, lieben und unterst\u00fctzen ihn seine Anh\u00e4nger, denn seht, er ist einer von uns, er redet und benimmt sich wie wir, wir verstehen ihn und er uns, einen besseren Pr\u00e4sidenten k\u00f6nnen wir uns gar nicht vorstellen.<br>So scheint das f\u00fcr Donald Trump zu funktionieren. Und wenn er Gl\u00fcck hat, kann das sogar f\u00fcr seine Wiederwahl funktionieren. Jedenfalls ordnet er alles diesem Ziel unter. Das Wohl des Landes interessiert ihn nur soweit, wie er sich als m\u00e4chtiger Pr\u00e4sident wohlf\u00fchlen und in Szene setzen kann. In den Augen von Menschen, die nicht zu seinen W\u00e4hlern und Anh\u00e4ngern z\u00e4hlen, ist er eine schlechte Karikatur eines geltungss\u00fcchtigen M\u00f6chtegern-F\u00fcrsten mit absolutistischem Glanz. Solche Kritik st\u00f6rt aber einen Trump nicht, ihm ist nur wichtig, bei seinen Anh\u00e4ngern gut anzukommen.<br>Man m\u00f6chte eigentlich gar nicht mehr \u00fcber ihn reden, aber das geht nicht, wenn so ein unreifer Kindskopf dieses Amt innehat und einfach nicht die Klappe halten kann &#8211; und wieder mal Mist baut, f\u00fcr den Andere verantwortlich sein sollen. Es gibt daf\u00fcr mittlerweile zahlreiche Beispiele. Und weil er es nicht versteht, dass es gut w\u00e4re, auch mal den Mund zu halten, liefert er zuverl\u00e4ssig immer neue Kl\u00f6pse und Aufreger. Er muss zu Allem unreflektiert seinen Senf geben, am liebsten \u00fcber Twitter; das kommt seinen knappen, kindisch \u00fcbertriebenen Formulierungsm\u00f6glichkeiten entgegen.<\/p>\n\n\n\n<p>Aber genau damit verh\u00e4lt er sich so wie die Mehrheit der Menschen, die in den &#8222;sozialen Netzwerken&#8220; unterwegs sind: Nachricht und Unfug werden oberfl\u00e4chlich wahrgenommen, nebeneinander gestellt, gleichwertig konsumiert, und spontan gelikt, kommentiert, geteilt. Auch Trump hat keine Ahnung, was guter Journalismus ist, f\u00fcr ihn ist eine Meldung bei den rechtslastigen Fox-News, die ihm spontan gef\u00e4llt, mehr wert als ein Artikel in der New York Times, der nach den Regeln des Journalismus recherchiert wurde und dessen Autor seine Quellen kritisch gepr\u00fcft hat.<\/p>\n\n\n\n<p>So beschimpft er denn auch Vertreter des Qualit\u00e4ts-Journalismus auf seinen Pressekonferenzen oft: &#8222;You are Fake News!&#8220; Denn Kritik und kluge Einw\u00e4nde mag er gar nicht, und demgem\u00e4\u00df verh\u00e4lt er sich, er lobt, er beschimpft, er prahlt aus dem Bauch heraus. Mit der Wahrheit nimmt er es auch nicht genau, er l\u00e4sst sich beim L\u00fcgen ertappen, er sucht die Schuld f\u00fcr seine Fehler immer bei Anderen &#8211; eine Erkl\u00e4rung daf\u00fcr, dass in seinem Beraterkreis eine hohe Fluktuation herrscht. Das verst\u00e4rkt noch die Tendenz zu sprunghafter und planloser Politik.<\/p>\n\n\n\n<p>Schlimmer geht immer: In der Corona-Krise heizt er die aggressive Stimmung an, spaltet weiter das Land, ruft indirekt zum Sturz von Gouverneuren auf, die wirksame Ma\u00dfnahmen durchsetzen &#8211; sofern es Demokraten sind: &#8222;Befreit Michigan!&#8220; Und schon rotten sich bewaffnete Demonstranten vor dem Gouverneurs-Amtssitz zusammen. Das bewegt sich schon gef\u00e4hrlich in die N\u00e4he eines B\u00fcrgerkriegs.<\/p>\n\n\n\n<p>&#8222;Make America great again&#8220; &#8211; dass ich nicht lache! Trump demontiert das Ansehen der USA wie ein Horrorclown. Armes Amerika! Da bleibt einem das Lachen im Halse stecken. Wie ertragen die Vern\u00fcnftigen im Lande das nur?*<\/p>\n\n\n\n<p>W. R.<\/p>\n\n\n\n<p>*Antwort: gar nicht. <a href=\"https:\/\/www.tagesspiegel.de\/politik\/eine-weltmacht-hoehlt-sich-selbst-aus-die-usa-sind-auf-dem-weg-zu-einem-failed-state\/25797988.html\">(5) Eine Weltmacht h\u00f6hlt sich selbst aus: Die USA sind auf dem Weg zu einem \u201efailed state\u201c &#8211; Politik &#8211; Tagesspiegel<\/a><\/p>\n\n\n\n<p>Nachtrag am 04.05.2020: Wie k\u00f6nnte es anders sein, nicht nur in den USA, sondern auch bei uns versuchen verschiedene Akteure, auf der Corona-Krise ihr eigenes S\u00fcppchen zu kochen:  <a href=\"https:\/\/www.tagesspiegel.de\/politik\/das-wird-man-ja-wohl-mal-sagen-duerfen-der-fehlgeleitete-furor-der-corona-kritiker\/25797158.html\">\u201eDas wird man ja wohl mal sagen d\u00fcrfen\u201c: Der fehlgeleitete Furor der Corona-Kritiker &#8211; Politik &#8211; Tagesspiegel<\/a><\/p>\n\n\n\n<p>Aktueller Einwurf Juni 2020:      <img decoding=\"async\" loading=\"lazy\" width=\"495\" height=\"531\" class=\"wp-image-6531\" style=\"width: 150px;\" src=\"https:\/\/www.fu-frechen.de\/wp-content\/uploads\/2020\/06\/Black-lives.png\" alt=\"\" srcset=\"https:\/\/www.fu-frechen.de\/wp-content\/uploads\/2020\/06\/Black-lives.png 495w, https:\/\/www.fu-frechen.de\/wp-content\/uploads\/2020\/06\/Black-lives-280x300.png 280w\" sizes=\"(max-width: 495px) 100vw, 495px\" \/><\/p>\n\n\n\n<p>Nachtrag im Juli 2020: Wer die Nachrichten verfolgt, sieht, dass es \u00fcber Trump im Prinzip nichts Neues zu melden gibt. In der Bev\u00f6lkerung scheint aber der \u00dcberdru\u00df an seiner Schaumschl\u00e4gerei zu wachsen. Denn die Menschen m\u00fcssen seine verfehlte Politik der Verharmlosung des Covid 19 Virus ausbaden. Sie glauben immer weniger seinen markigen Beteuerungen des &#8222;Wir haben alles im Griff&#8220;. Und sein autorit\u00e4res, brachiales Vorgehen gegen Demonstranten kommt nicht gut an bei Leuten, die noch an die Demokratie im Lande glauben wollen.<\/p>\n\n\n\n<p>Typisch f\u00fcr Trump sind auch seine sprunghaften Kehrtwendungen. Monatelang lehnte er es ab, mit Mund-Nasen-Schutz aufzutreten. Dann pl\u00f6tzlich zeigt er sich mit Maske und sagt, er habe nie etwas gegen die Masken gehabt. Dass seine Anh\u00e4nger ihrem Vorbild folgten und mehrheitlich seine Wahlveranstaltungen ohne Masken besuchten, dass danach die Infektionszahlen in derselben Gegend sprunghaft anstiegen &#8211; das interessiert einen Trump nicht. Hauptsache, er hatte seine Show. <\/p>\n\n\n\n<p>Was interessiert einen Trump \u00fcberhaupt? Dass er Beifall bekommt, dass er wiedergew\u00e4hlt wird. Mit Wissenschaft und Fakten hat er nichts (Gutes) im Sinn, weil die oft seinen Behauptungen und L\u00fcgen widersprechen. Konkret: &gt;<a href=\"https:\/\/www.sueddeutsche.de\/medien\/us-wahl-scientific-american-trump-1.5036722\">US-Wahl: &#8222;Dass Trump Republikaner ist, ist zweitrangig&#8220; &#8211; Medien &#8211; SZ.de<\/a><\/p>\n\n\n\n<p>Nachtrag am 24.12.2020: Trump ist abgew\u00e4hlt, aber noch im Amt. Und er treibt Unfug und egoistische Man\u00f6ver bis zuletzt, siehe &gt; <a href=\"https:\/\/www.sueddeutsche.de\/politik\/donald-trump-begnadigung-1.5157754\">US-Pr\u00e4sident Donald Trump: Pr\u00e4sident gnadenlos &#8211; Politik &#8211; SZ.de<\/a><\/p>\n\n\n\n<p> Trump will rundum alle daf\u00fcr strafen, dass sich seine Erz\u00e4hlung vom (nicht belegten) &#8222;Wahlbetrug&#8220; nicht durchsetzt. Das kommt davon, wenn man so einen egozentrischen Kindskopf zum Pr\u00e4sidenten w\u00e4hlt. Doch Schadenfreude ist unangebracht, weil Trump noch bis 20.01.2021 weiteren Schaden anrichten kann. Sein Nachfolger kann einem jetzt schon leid tun.<\/p>\n\n\n\n<div class=\"wp-block-image\"><figure class=\"aligncenter is-resized\"><img decoding=\"async\" loading=\"lazy\" src=\"https:\/\/www.fu-frechen.de\/wp-content\/uploads\/2013\/06\/13g+-300x219.jpg\" alt=\"\" width=\"117\" height=\"86\"\/><\/figure><\/div>\n\n\n\n<p><\/p>\n\n\n\n<p><\/p>\n\n\n\n<p><\/p>\n","protected":false},"excerpt":{"rendered":"<p>IR sehen, es geht: Ein gro\u00dfes Land w\u00e4hlt einen inkompetenten D\u00f6del zum Pr\u00e4sidenten, der sich durch schlechtes Benehmen, gro\u00dfmaulige Ank\u00fcndigungen, schamloses Selbstlob, und irrlichternde Entscheidungen immer wieder selbst disqualifiziert. Und dennoch, oder gerade deswegen, lieben und unterst\u00fctzen ihn seine Anh\u00e4nger, denn seht, er ist einer von uns, er redet und benimmt sich wie wir, wir [&hellip;]<\/p>\n","protected":false},"author":3,"featured_media":0,"comment_status":"closed","ping_status":"open","sticky":false,"template":"","format":"standard","meta":[],"categories":[1,534,453],"tags":[395,569],"_links":{"self":[{"href":"https:\/\/www.fu-frechen.de\/index.php?rest_route=\/wp\/v2\/posts\/6422"}],"collection":[{"href":"https:\/\/www.fu-frechen.de\/index.php?rest_route=\/wp\/v2\/posts"}],"about":[{"href":"https:\/\/www.fu-frechen.de\/index.php?rest_route=\/wp\/v2\/types\/post"}],"author":[{"embeddable":true,"href":"https:\/\/www.fu-frechen.de\/index.php?rest_route=\/wp\/v2\/users\/3"}],"replies":[{"embeddable":true,"href":"https:\/\/www.fu-frechen.de\/index.php?rest_route=%2Fwp%2Fv2%2Fcomments&post=6422"}],"version-history":[{"count":20,"href":"https:\/\/www.fu-frechen.de\/index.php?rest_route=\/wp\/v2\/posts\/6422\/revisions"}],"predecessor-version":[{"id":6851,"href":"https:\/\/www.fu-frechen.de\/index.php?rest_route=\/wp\/v2\/posts\/6422\/revisions\/6851"}],"wp:attachment":[{"href":"https:\/\/www.fu-frechen.de\/index.php?rest_route=%2Fwp%2Fv2%2Fmedia&parent=6422"}],"wp:term":[{"taxonomy":"category","embeddable":true,"href":"https:\/\/www.fu-frechen.de\/index.php?rest_route=%2Fwp%2Fv2%2Fcategories&post=6422"},{"taxonomy":"post_tag","embeddable":true,"href":"https:\/\/www.fu-frechen.de\/index.php?rest_route=%2Fwp%2Fv2%2Ftags&post=6422"}],"curies":[{"name":"wp","href":"https:\/\/api.w.org\/{rel}","templated":true}]}}