{"id":6424,"date":"2020-04-23T00:53:00","date_gmt":"2020-04-22T22:53:00","guid":{"rendered":"http:\/\/www.fu-frechen.de\/?p=6424"},"modified":"2022-08-13T23:31:04","modified_gmt":"2022-08-13T21:31:04","slug":"sieben-jahre-schon","status":"publish","type":"post","link":"https:\/\/www.fu-frechen.de\/?p=6424","title":{"rendered":"Sieben Jahre schon"},"content":{"rendered":"\n<div class=\"is-layout-flow wp-block-group\"><div class=\"wp-block-group__inner-container\">\n<p><\/p>\n\n\n\n<figure class=\"wp-block-image\"><img decoding=\"async\" src=\"https:\/\/www.fu-frechen.de\/wp-content\/uploads\/2020\/07\/1aha-scaled.jpg\" alt=\"\" class=\"wp-image-6579\"\/><\/figure>\n\n\n\n<p class=\"has-drop-cap\"><strong>SIEBEN<\/strong> Jahre schon begl\u00fcckt diese Website<strong> <em>fu-frechen.de<\/em><\/strong> den interessierten und  denkbereiten Teil der Welt. Offizieller Start war am Welttag des Buches, damit verbunden war ein Statement: Diese Website ist wie interessante B\u00fccher f\u00fcr Leute gemacht, die nicht dem hektischen Konsum, sondern dem bedachten, mitdenkenden Gebrauch von Kulturg\u00fctern fr\u00f6nen. Erst in dieser Zeit der Corona-Krise geht vielen Menschen auf, dass die verbreitete Hektik &#8222;vor Corona&#8220; nicht das Ma\u00df allen Lebens sein kann&#8230; So nehmen sich manche &#8211; teils gen\u00f6tigt durch das &#8222;stay-at-home&#8220;-Prinzip &#8211; endlich mal Zeit, in Ruhe zu sichten, was im Internet auf sie einflutet, sie lernen ein St\u00fcck weit, genauer hinzusehen und hinzuh\u00f6ren, und auszuw\u00e4hlen. Und manch <code><span class=\"has-inline-color has-dark-gray-color\"><\/span><\/code>Eine\/r macht die Erfahrung, dass sich beim Husch-Husch-Zappen durch m\u00f6glichst viele Kan\u00e4le und Websites Manches leicht \u00fcberh\u00f6rt oder \u00fcbersieht, was Einem\/r erst beim zweiten Hinh\u00f6ren bzw. Hinsehen auff\u00e4llt. Und dabei d\u00e4mmert irgendwann auch die Erkenntnis: Man verpasst vielleicht mal etwas, wenn man Einiges wegl\u00e4sst, aber man gewinnt auch Lebensqualit\u00e4t, wenn man ausw\u00e4hlt und das dann umso mehr genie\u00dft\/auswertet\/wertsch\u00e4tzt. Also: mehr Klasse, weniger Masse.<\/p>\n<\/div><\/div>\n\n\n\n<p>Am 23. April, dem Welttag des Buches, sei auf die Unterseite &gt;<em>F.U.F.-Bibliothek <\/em>hingewiesen. Alles Weitere dort!<\/p>\n\n\n\n<div class=\"wp-block-image\"><figure class=\"aligncenter is-resized\"><img decoding=\"async\" loading=\"lazy\" src=\"https:\/\/www.fu-frechen.de\/wp-content\/uploads\/2013\/06\/13g+-300x219.jpg\" alt=\"\" width=\"90\" height=\"66\"\/><\/figure><\/div>\n\n\n\n<p><br><\/p>\n","protected":false},"excerpt":{"rendered":"<p>SIEBEN Jahre schon begl\u00fcckt diese Website fu-frechen.de den interessierten und denkbereiten Teil der Welt. Offizieller Start war am Welttag des Buches, damit verbunden war ein Statement: Diese Website ist wie interessante B\u00fccher f\u00fcr Leute gemacht, die nicht dem hektischen Konsum, sondern dem bedachten, mitdenkenden Gebrauch von Kulturg\u00fctern fr\u00f6nen. Erst in dieser Zeit der Corona-Krise geht [&hellip;]<\/p>\n","protected":false},"author":3,"featured_media":0,"comment_status":"closed","ping_status":"open","sticky":false,"template":"","format":"standard","meta":[],"categories":[1],"tags":[567,566],"_links":{"self":[{"href":"https:\/\/www.fu-frechen.de\/index.php?rest_route=\/wp\/v2\/posts\/6424"}],"collection":[{"href":"https:\/\/www.fu-frechen.de\/index.php?rest_route=\/wp\/v2\/posts"}],"about":[{"href":"https:\/\/www.fu-frechen.de\/index.php?rest_route=\/wp\/v2\/types\/post"}],"author":[{"embeddable":true,"href":"https:\/\/www.fu-frechen.de\/index.php?rest_route=\/wp\/v2\/users\/3"}],"replies":[{"embeddable":true,"href":"https:\/\/www.fu-frechen.de\/index.php?rest_route=%2Fwp%2Fv2%2Fcomments&post=6424"}],"version-history":[{"count":18,"href":"https:\/\/www.fu-frechen.de\/index.php?rest_route=\/wp\/v2\/posts\/6424\/revisions"}],"predecessor-version":[{"id":7731,"href":"https:\/\/www.fu-frechen.de\/index.php?rest_route=\/wp\/v2\/posts\/6424\/revisions\/7731"}],"wp:attachment":[{"href":"https:\/\/www.fu-frechen.de\/index.php?rest_route=%2Fwp%2Fv2%2Fmedia&parent=6424"}],"wp:term":[{"taxonomy":"category","embeddable":true,"href":"https:\/\/www.fu-frechen.de\/index.php?rest_route=%2Fwp%2Fv2%2Fcategories&post=6424"},{"taxonomy":"post_tag","embeddable":true,"href":"https:\/\/www.fu-frechen.de\/index.php?rest_route=%2Fwp%2Fv2%2Ftags&post=6424"}],"curies":[{"name":"wp","href":"https:\/\/api.w.org\/{rel}","templated":true}]}}