{"id":6493,"date":"2020-05-20T12:09:02","date_gmt":"2020-05-20T10:09:02","guid":{"rendered":"http:\/\/www.fu-frechen.de\/?p=6493"},"modified":"2020-09-03T16:54:04","modified_gmt":"2020-09-03T14:54:04","slug":"bienenfleissig","status":"publish","type":"post","link":"https:\/\/www.fu-frechen.de\/?p=6493","title":{"rendered":"bienenflei\u00dfig"},"content":{"rendered":"\n<p><\/p>\n\n\n\n<div class=\"wp-block-media-text alignwide is-stacked-on-mobile\" style=\"grid-template-columns:29% auto\"><figure class=\"wp-block-media-text__media\"><img decoding=\"async\" loading=\"lazy\" width=\"348\" height=\"366\" src=\"https:\/\/www.fu-frechen.de\/wp-content\/uploads\/2020\/05\/a1_LI-2.jpg\" alt=\"\" class=\"wp-image-6513\" srcset=\"https:\/\/www.fu-frechen.de\/wp-content\/uploads\/2020\/05\/a1_LI-2.jpg 348w, https:\/\/www.fu-frechen.de\/wp-content\/uploads\/2020\/05\/a1_LI-2-285x300.jpg 285w\" sizes=\"(max-width: 348px) 100vw, 348px\" \/><\/figure><div class=\"wp-block-media-text__content\">\n<p style=\"font-size:15px\"><strong>M<\/strong>  Tag der Bienen schwankt der Sinn zwischen einem sehr sinnvollen, informativen Beitrag zu den Bienen &#8211; und einem Artikel \u00fcber die bienenflei\u00dfige Zensur in Polen, wo die regierende PiS alles tut, um weiter an der Rest-Demokratie zu s\u00e4gen, europ\u00e4ische Werte zu missachten und ihr autorit\u00e4res Regime zu festigen. Was dabei \u00dcbereifer bewirken kann, liest man hier:<\/p>\n<\/div><\/div>\n\n\n\n<p><a href=\"https:\/\/www.tagesspiegel.de\/politik\/aufruhr-um-populaeres-radioprogramm-in-polen-ein-regierungskritischer-song-und-schon-wird-eine-beliebte-sendung-abgesetzt\/25838806.html\">(1) Aufruhr um popul\u00e4res Radioprogramm in Polen: Ein regierungskritischer Song &#8211; und schon wird eine beliebte Sendung abgesetzt &#8211; Politik &#8211; Tagesspiegel<\/a><\/p>\n\n\n\n<p><strong>A<\/strong>ber den informativen, <strong><em>Neues<\/em><\/strong> enthaltenden Beitrag \u00fcber Honigbienen wollte ich Euch nicht vorenthalten. Also entspannt Euch und begebt Euch neugierig ins Reich der Natur: <a href=\"https:\/\/www.tagesspiegel.de\/wissen\/der-20-mai-ist-weltbienentag-im-bienenvolk-gibt-es-keine-verlierer\/25832288.html\">(1) Der 20. Mai ist Weltbienentag: \u201eIm Bienenvolk gibt es keine Verlierer\u201c &#8211; Wissen &#8211; Tagesspiegel<\/a><\/p>\n\n\n\n<p>Im \u00dcbrigen d\u00fcrfte zumindest den NaturfreundInnen nicht entgangen sein, dass wir schon seit Jahren einen deutlichen Schwund an Insekten verzeichnen. Das ist nicht nur ein Thema f\u00fcr die Wissenschaft, die die (weltweit!) abnehmende Artenvielfalt in der Natur mit Besorgnis beobachtet.<\/p>\n\n\n\n<p>Jeder Mensch, der sich drau\u00dfen bewegt und nicht die Musikst\u00f6psel in den Ohren hat, sondern mit wachen Sinnen seine Umgebung wahrnimmt, muss best\u00e4tigen: Fr\u00fcher war mehr Gesumme in den Wiesen und an den Weihern, und es war bunter durch viele umherflatternde Schmetterlinge und viel mehr Wildblumen.<\/p>\n\n\n\n<div class=\"wp-block-image\"><figure class=\"aligncenter is-resized\"><img decoding=\"async\" loading=\"lazy\" src=\"https:\/\/www.fu-frechen.de\/wp-content\/uploads\/2013\/06\/13g+-300x219.jpg\" alt=\"\" width=\"134\" height=\"98\"\/><\/figure><\/div>\n\n\n\n<p class=\"has-text-align-center\"><\/p>\n","protected":false},"excerpt":{"rendered":"<p>M Tag der Bienen schwankt der Sinn zwischen einem sehr sinnvollen, informativen Beitrag zu den Bienen &#8211; und einem Artikel \u00fcber die bienenflei\u00dfige Zensur in Polen, wo die regierende PiS alles tut, um weiter an der Rest-Demokratie zu s\u00e4gen, europ\u00e4ische Werte zu missachten und ihr autorit\u00e4res Regime zu festigen. Was dabei \u00dcbereifer bewirken kann, liest [&hellip;]<\/p>\n","protected":false},"author":3,"featured_media":0,"comment_status":"closed","ping_status":"open","sticky":false,"template":"","format":"standard","meta":[],"categories":[1],"tags":[571,572,573,570],"_links":{"self":[{"href":"https:\/\/www.fu-frechen.de\/index.php?rest_route=\/wp\/v2\/posts\/6493"}],"collection":[{"href":"https:\/\/www.fu-frechen.de\/index.php?rest_route=\/wp\/v2\/posts"}],"about":[{"href":"https:\/\/www.fu-frechen.de\/index.php?rest_route=\/wp\/v2\/types\/post"}],"author":[{"embeddable":true,"href":"https:\/\/www.fu-frechen.de\/index.php?rest_route=\/wp\/v2\/users\/3"}],"replies":[{"embeddable":true,"href":"https:\/\/www.fu-frechen.de\/index.php?rest_route=%2Fwp%2Fv2%2Fcomments&post=6493"}],"version-history":[{"count":8,"href":"https:\/\/www.fu-frechen.de\/index.php?rest_route=\/wp\/v2\/posts\/6493\/revisions"}],"predecessor-version":[{"id":6687,"href":"https:\/\/www.fu-frechen.de\/index.php?rest_route=\/wp\/v2\/posts\/6493\/revisions\/6687"}],"wp:attachment":[{"href":"https:\/\/www.fu-frechen.de\/index.php?rest_route=%2Fwp%2Fv2%2Fmedia&parent=6493"}],"wp:term":[{"taxonomy":"category","embeddable":true,"href":"https:\/\/www.fu-frechen.de\/index.php?rest_route=%2Fwp%2Fv2%2Fcategories&post=6493"},{"taxonomy":"post_tag","embeddable":true,"href":"https:\/\/www.fu-frechen.de\/index.php?rest_route=%2Fwp%2Fv2%2Ftags&post=6493"}],"curies":[{"name":"wp","href":"https:\/\/api.w.org\/{rel}","templated":true}]}}