{"id":6764,"date":"2020-10-10T22:18:53","date_gmt":"2020-10-10T20:18:53","guid":{"rendered":"http:\/\/www.fu-frechen.de\/?p=6764"},"modified":"2020-10-21T19:51:38","modified_gmt":"2020-10-21T17:51:38","slug":"was-sagt-diese-flagge","status":"publish","type":"post","link":"https:\/\/www.fu-frechen.de\/?p=6764","title":{"rendered":"Was sagt diese Flagge?"},"content":{"rendered":"\n<p class=\"has-drop-cap\">Die Reichskriegsflagge &#8211; ein Lieblings-Objekt der Rechtsradikalen und Faschisten bei Aufm\u00e4rschen und Demos, wurde jetzt im Bundesland NRW vom Landtag verboten. Das war l\u00e4ngst f\u00e4llig, wie auch manch Anderes, was unser toleranter Staat so durchgehen l\u00e4sst. Die Toleranz gegen Rechts hat ja bisher nur eins bewirkt: Die Rechten werden immer frecher, sie halten das Ausnutzen dieser Toleranz schon f\u00fcr ihre St\u00e4rke&#8230; dabei ist es der starke Staat, die starke Demokratie, die sich diese Toleranz leisten kann. Nur: Alles hat Grenzen. Und wenn diese Grenzen st\u00e4ndig ausgetestet und \u00fcberschritten werden, muss auch der demokratische Staat mal deutlich machen: Da h\u00f6rt der Spass auf. Wo Symbole in der \u00d6ffentlichkeit herumgetragen werden, die f\u00fcr Militarismus, Krieg, und einen undemokratischen Obrigkeitsstaat standen, da werden die Werte unserer Verfassung demonstrativ missachtet. <\/p>\n\n\n\n<p class=\"has-text-align-left\">Viele Leute wissen heute nicht, was diese Reichskriegsflagge ist, und wann sie offiziell gezeigt wurde. Darum ein Beispiel: Diese Abbildung aus einem in der Kaiserzeit <img decoding=\"async\" loading=\"lazy\" width=\"2560\" height=\"1978\" class=\"wp-image-6769\" style=\"width: 452px;\" src=\"https:\/\/www.fu-frechen.de\/wp-content\/uploads\/2020\/10\/9t-scaled.jpg\" alt=\"\" srcset=\"https:\/\/www.fu-frechen.de\/wp-content\/uploads\/2020\/10\/9t-scaled.jpg 2560w, https:\/\/www.fu-frechen.de\/wp-content\/uploads\/2020\/10\/9t-300x232.jpg 300w, https:\/\/www.fu-frechen.de\/wp-content\/uploads\/2020\/10\/9t-1024x791.jpg 1024w, https:\/\/www.fu-frechen.de\/wp-content\/uploads\/2020\/10\/9t-768x593.jpg 768w, https:\/\/www.fu-frechen.de\/wp-content\/uploads\/2020\/10\/9t-1536x1187.jpg 1536w, https:\/\/www.fu-frechen.de\/wp-content\/uploads\/2020\/10\/9t-2048x1582.jpg 2048w, https:\/\/www.fu-frechen.de\/wp-content\/uploads\/2020\/10\/9t-624x482.jpg 624w\" sizes=\"(max-width: 2560px) 100vw, 2560px\" \/>verlegten Buch zeigt deutsche Marinesoldaten in Afrika, die zu einer Zeremonie angetreten sind, diese Flagge hissen und das Land drumherum damit offiziell f\u00fcr Deutschland in Besitz nehmen. Das ist eine reine Machtdemonstration im Zeichen des Kolonialismus und Imperialismus. <br>In vielen Teilen der Welt werden heute ungehemmt Kriege gef\u00fchrt, oder es  wird mit Krieg gedroht. In solchen Zeiten mit dieser Flagge drau\u00dfen herumlaufen hei\u00dft doch: Wir teilen eure Werte von Friedfertigkeit, Respekt, Toleranz und Menschenw\u00fcrde nicht, wir sind f\u00fcr Gewalt und Krieg, wir wollen uns mit Waffengewalt an die Macht putschen, und wenn wir an der Macht sind, werden wir Waffen gegen Alle einsetzen, auch gegen andere L\u00e4nder, die unseren W\u00fcnschen im Wege stehen. Das Alles, liebe Mitb\u00fcrgerInnen, bedeutet das Zeigen der Reichskriegsflagge bei \u00f6ffentlichen Auftritten.<\/p>\n\n\n\n<p class=\"has-text-align-left\"><br>Bei uns ist &#8211; bei aller Toleranz und Meinungsfreiheit &#8211; auch Einiges verboten, und dazu geh\u00f6rt &#8211; mit gutem Grund &#8211; die Verherrlichung von Gewalt. Das Verbot jener Flagge ist daher nur konsequent. Warum blo\u00df hat als einzige Partei die AfD gegen das Verbot gestimmt?<\/p>\n\n\n\n<p>W. R.<\/p>\n\n\n\n<p>Nachtrag am 21.10.2020 &#8211; Krass: W\u00e4hrend bei Bauarbeiten in unseren St\u00e4dten immer noch Weltkriegs-Bomben gefunden werden, tr\u00e4umen einige Gewalt-Affine und Verpeilte von neuen milit\u00e4rischen Abenteuern mit der Wehrmacht als Vorbild. Manche lernen es wohl nie&#8230; Wie unbedarft muss man sein, wenn man mit schwarz-wei\u00df-roten Fahnen auf Demos heruml\u00e4uft &#8211; und wie politisch unbedarft ist  jemand, der zul\u00e4sst, dass solche Trollos neben ihm\/ihr herlaufen?<\/p>\n\n\n\n<div class=\"wp-block-image\"><figure class=\"aligncenter is-resized\"><img decoding=\"async\" loading=\"lazy\" src=\"https:\/\/www.fu-frechen.de\/wp-content\/uploads\/2013\/06\/13g+-300x219.jpg\" alt=\"\" width=\"115\" height=\"84\"\/><\/figure><\/div>\n\n\n\n<p><br><\/p>\n","protected":false},"excerpt":{"rendered":"<p>Die Reichskriegsflagge &#8211; ein Lieblings-Objekt der Rechtsradikalen und Faschisten bei Aufm\u00e4rschen und Demos, wurde jetzt im Bundesland NRW vom Landtag verboten. Das war l\u00e4ngst f\u00e4llig, wie auch manch Anderes, was unser toleranter Staat so durchgehen l\u00e4sst. Die Toleranz gegen Rechts hat ja bisher nur eins bewirkt: Die Rechten werden immer frecher, sie halten das Ausnutzen [&hellip;]<\/p>\n","protected":false},"author":3,"featured_media":0,"comment_status":"closed","ping_status":"open","sticky":false,"template":"","format":"standard","meta":[],"categories":[1],"tags":[584,583,585],"_links":{"self":[{"href":"https:\/\/www.fu-frechen.de\/index.php?rest_route=\/wp\/v2\/posts\/6764"}],"collection":[{"href":"https:\/\/www.fu-frechen.de\/index.php?rest_route=\/wp\/v2\/posts"}],"about":[{"href":"https:\/\/www.fu-frechen.de\/index.php?rest_route=\/wp\/v2\/types\/post"}],"author":[{"embeddable":true,"href":"https:\/\/www.fu-frechen.de\/index.php?rest_route=\/wp\/v2\/users\/3"}],"replies":[{"embeddable":true,"href":"https:\/\/www.fu-frechen.de\/index.php?rest_route=%2Fwp%2Fv2%2Fcomments&post=6764"}],"version-history":[{"count":9,"href":"https:\/\/www.fu-frechen.de\/index.php?rest_route=\/wp\/v2\/posts\/6764\/revisions"}],"predecessor-version":[{"id":6783,"href":"https:\/\/www.fu-frechen.de\/index.php?rest_route=\/wp\/v2\/posts\/6764\/revisions\/6783"}],"wp:attachment":[{"href":"https:\/\/www.fu-frechen.de\/index.php?rest_route=%2Fwp%2Fv2%2Fmedia&parent=6764"}],"wp:term":[{"taxonomy":"category","embeddable":true,"href":"https:\/\/www.fu-frechen.de\/index.php?rest_route=%2Fwp%2Fv2%2Fcategories&post=6764"},{"taxonomy":"post_tag","embeddable":true,"href":"https:\/\/www.fu-frechen.de\/index.php?rest_route=%2Fwp%2Fv2%2Ftags&post=6764"}],"curies":[{"name":"wp","href":"https:\/\/api.w.org\/{rel}","templated":true}]}}