{"id":709,"date":"2013-08-06T10:15:47","date_gmt":"2013-08-06T08:15:47","guid":{"rendered":"http:\/\/www.fu-frechen.de\/?p=709"},"modified":"2020-03-11T20:55:10","modified_gmt":"2020-03-11T19:55:10","slug":"koln-notizen-7","status":"publish","type":"post","link":"https:\/\/www.fu-frechen.de\/?p=709","title":{"rendered":"K\u00f6ln-Notizen #7"},"content":{"rendered":"<p style=\"text-align: justify;\"><a href=\"https:\/\/www.fu-frechen.de\/wp-content\/uploads\/2013\/06\/50.jpg\"><img decoding=\"async\" loading=\"lazy\" class=\"size-medium wp-image-278 alignleft\" src=\"https:\/\/www.fu-frechen.de\/wp-content\/uploads\/2013\/06\/50-300x191.jpg\" alt=\"50\" width=\"300\" height=\"191\" srcset=\"https:\/\/www.fu-frechen.de\/wp-content\/uploads\/2013\/06\/50-300x191.jpg 300w, https:\/\/www.fu-frechen.de\/wp-content\/uploads\/2013\/06\/50-1024x654.jpg 1024w, https:\/\/www.fu-frechen.de\/wp-content\/uploads\/2013\/06\/50-624x398.jpg 624w\" sizes=\"(max-width: 300px) 100vw, 300px\" \/><\/a><strong>E<\/strong>s ist der <strong>6. August<\/strong>, ein besonderes Datum, das man nicht so leicht vergisst. An diesem Tag im Jahr 1945 fand der erste Einsatz einer Atombombe statt, sie wurde \u00fcber der japanischen Gro\u00dfstadt Hiroshima abgeworfen mit dem Ziel, m\u00f6glichst viel Zerst\u00f6rung und Tod anzurichten und m\u00f6glichst gro\u00dfen Schrecken zu verbreiten.<\/p>\n<p style=\"text-align: justify;\">In K\u00f6ln, zwischen dem Japanischen Kulturinstitut am Aachener Weiher und der Universit\u00e4t, hei\u00dft ein Park seit einigen Jahren <em>Hiroshima-Nagasaki-Park<\/em>. \u00dcber Nagasaki wurde ein paar Tage nach der ersten die zweite Atombombe abgeworfen.<\/p>\n<p style=\"text-align: justify;\">Eigentlich nennt man so etwas Terror. Aber hier handelt es sich ja um Ma\u00dfnahmen eines m\u00e4chtigen Staates, und der hatte ja erkl\u00e4rterma\u00dfen nur Gutes im Sinn: Man wollte m\u00f6glichst wenige Menschenleben opfern, wohlgemerkt die Leben amerikanischer Soldaten, w\u00e4hrend man Japan zur Kapitulation zwang. Also musste Japan mit einem Riesenschock zum Aufgeben gezwungen werden, einem Schock, ausgel\u00f6st durch das schlagartige Ausl\u00f6schen sehr vieler Leben japanischer Zivilisten. Nebenbei waren zumindest die beteiligten Wissenschaftler und Techniker daran interessiert, bei diesem ersten Kriegseinsatz der A-Bombe die realen Auswirkungen zu beobachten, also: einen Test auf Feindesgebiet durchzuf\u00fchren.<\/p>\n<p style=\"text-align: justify;\">Die realen Auswirkungen &#8211; wir kennen wohl alle die Filmaufnahmen, die Tage sp\u00e4ter im zerst\u00f6rten Zentrum von Hiroshima gedreht wurden &#8211; sind mit Worten kaum zu fassen und mit keinem vorherigen Waffeneinsatz vergleichbar. Die Menschen waren nicht vorgewarnt, und bis heute sind die Sp\u00e4tfolgen, die schweren Erkrankungen tausender verstrahlter Menschen, an denen die meisten l\u00e4ngst vorzeitig verstorben sind, in Japan pr\u00e4sent.<\/p>\n<p style=\"text-align: justify;\">Umso eindringlicher appellierten viele Demonstranten in Japan nach dem Reaktor-GAU von Fukushima, die Gefahren im Umgang mit Atomkraft nicht herunterzuspielen. Aber die Politik und die Betreiber von Atomkraftwerken str\u00e4uben sich dagegen, ihre gut ge\u00f6lte Verzahnung, die \u00fcber Jahrzehnte den Ausbau der Nutzung von&nbsp; Atomkraft den Japanern als notwendig und sicher verkauft hat, zu revidieren und z.B. Kurs auf den Ausbau der Nutzung erneuerbarer Energien zu nehmen.<\/p>\n<p style=\"text-align: justify;\">Merkw\u00fcrdigerweise wurden die an den Sp\u00e4tfolgen leidenden Opfer von Hiroshima und Nagasaki jahrzehntelang in der \u00d6ffentlichkeit eher versteckt und fast wie Unpersonen behandelt. Warum? 1. Sie erinnerten die Japaner an die schwere Niederlage am Ende des Zweiten Weltkrieges. 2. Sie erinnerten an die gef\u00e4hrlichen Wirkungen freigesetzter radioaktiver Strahlung, und die wollte man von offizieller Seite m\u00f6glichst verdr\u00e4ngen.<\/p>\n<p style=\"text-align: justify;\">Man lernt daraus, wie nicht nur von Einzelpersonen, sondern auch kollektiv von ganzen Nationen <em>unangenehme Erinnerungen verdr\u00e4ngt<\/em> werden k\u00f6nnen. Das gibt es nicht nur in Japan, sondern \u00fcberall auf der Welt, wo Menschen sich schwer damit tun, sich einer schmerzlichen Wahrheit zu stellen. (siehe auch &gt;K\u00f6ln-Notizen #4)<\/p>\n<p style=\"text-align: justify;\"><strong>In Deutschland<\/strong> hatten wir z.B. die von Hindenburg freigesetzte Dolchsto\u00dflegende: Der Erste Weltkrieg sei nicht durch eine milit\u00e4rische Niederlage verloren gegangen, die Hindenburg &amp;Co zu verantworten hatten, sondern die Revolution\u00e4re in der Heimat h\u00e4tten der deutschen Front von hinten einen Dolchsto\u00df versetzt und damit die Niederlage verschuldet. Hindenburg log sich und Ludendorff damit aus der Verantwortung und belastete f\u00fcr die Folgezeit das politische Klima der Weimarer Republik. Und viele Deutsche glaubten gern, dass ihre Helden-Armee &#8222;im Felde unbesiegt&#8220; gewesen sei. Sie w\u00e4hlten Hindenburg sp\u00e4ter sogar zum Reichspr\u00e4sidenten!<\/p>\n<p style=\"text-align: justify;\">Nach diesem Muster versuchten sich in Deutschland immer wieder braun-verseuchte K\u00f6pfe an der Konstruktion einer &#8222;Auschwitz-Legende&#8220;. Nach dem Verdr\u00e4ngungs- und Nicht-Wahrhaben-Wollen-Prinzip wurden die Opferzahlen der Nazi-Mordindustrie heruntergespielt. Man baute darauf, dass viele Menschen gerne die verbrecherische Grundrichtung des Nazi-Regimes verdr\u00e4ngen wollten. Das hat aber nur bei Wenigen funktioniert.<\/p>\n<p style=\"text-align: justify;\">\u00dcbrigens darf man froh sein, dass Hitler nicht \u00fcber die Atombombe verf\u00fcgte. Er h\u00e4tte seinen Satz &#8222;Wir werden ihre St\u00e4dte ausradieren&#8220; hemmungslos in die Tat umgesetzt. Man darf froh sein, dass der Zweite Weltkrieg in Europa schon im Mai 1945 mit der deutschen Kapitulation zu Ende war &#8211; sonst h\u00e4tten die USA die Bombe zuerst bei uns eingesetzt.<\/p>\n<p style=\"text-align: justify;\">Man lernt daraus &#8211; oder <em>sollte<\/em> das zumindest daraus lernen: Krieg ist Mist, und wem immer er im Einzelfall auch Nutzen bringen mag, die Verlierer und Leidtragenden sind immer die gro\u00dfe Mehrheit der Menschen. Das haben wenigstens die Menschen in Europa weitgehend kapiert. Und darum hat K\u00f6ln auch einen <em>Friedenspark<\/em>: Den findet man am Ende der S\u00fcdstadt in Rheinn\u00e4he, wo vom ehemaligen preu\u00dfischen Befestigungsg\u00fcrtel K\u00f6lns ein Fort \u00fcbriggeblieben ist. Wenn man dort spazierengeht, den Frieden genie\u00dft und die Kinder spielen sieht, dann wird einem wohler.<\/p>\n<p>W. R.<\/p>\n<p style=\"text-align: center;\"><a href=\"https:\/\/www.fu-frechen.de\/wp-content\/uploads\/2013\/06\/13g+.jpg\"><img decoding=\"async\" loading=\"lazy\" class=\"size-medium wp-image-256 aligncenter\" src=\"https:\/\/www.fu-frechen.de\/wp-content\/uploads\/2013\/06\/13g+-300x219.jpg\" alt=\"13g+\" width=\"109\" height=\"80\" srcset=\"https:\/\/www.fu-frechen.de\/wp-content\/uploads\/2013\/06\/13g+-300x219.jpg 300w, https:\/\/www.fu-frechen.de\/wp-content\/uploads\/2013\/06\/13g+-624x457.jpg 624w, https:\/\/www.fu-frechen.de\/wp-content\/uploads\/2013\/06\/13g+.jpg 864w\" sizes=\"(max-width: 109px) 100vw, 109px\" \/><\/a><\/p>\n","protected":false},"excerpt":{"rendered":"<p>Es ist der 6. August, ein besonderes Datum, das man nicht so leicht vergisst. An diesem Tag im Jahr 1945 fand der erste Einsatz einer Atombombe statt, sie wurde \u00fcber der japanischen Gro\u00dfstadt Hiroshima abgeworfen mit dem Ziel, m\u00f6glichst viel Zerst\u00f6rung und Tod anzurichten und m\u00f6glichst gro\u00dfen Schrecken zu verbreiten. In K\u00f6ln, zwischen dem Japanischen [&hellip;]<\/p>\n","protected":false},"author":3,"featured_media":0,"comment_status":"closed","ping_status":"open","sticky":false,"template":"","format":"standard","meta":[],"categories":[1,557,11],"tags":[27,28,29,26,506],"_links":{"self":[{"href":"https:\/\/www.fu-frechen.de\/index.php?rest_route=\/wp\/v2\/posts\/709"}],"collection":[{"href":"https:\/\/www.fu-frechen.de\/index.php?rest_route=\/wp\/v2\/posts"}],"about":[{"href":"https:\/\/www.fu-frechen.de\/index.php?rest_route=\/wp\/v2\/types\/post"}],"author":[{"embeddable":true,"href":"https:\/\/www.fu-frechen.de\/index.php?rest_route=\/wp\/v2\/users\/3"}],"replies":[{"embeddable":true,"href":"https:\/\/www.fu-frechen.de\/index.php?rest_route=%2Fwp%2Fv2%2Fcomments&post=709"}],"version-history":[{"count":11,"href":"https:\/\/www.fu-frechen.de\/index.php?rest_route=\/wp\/v2\/posts\/709\/revisions"}],"predecessor-version":[{"id":6270,"href":"https:\/\/www.fu-frechen.de\/index.php?rest_route=\/wp\/v2\/posts\/709\/revisions\/6270"}],"wp:attachment":[{"href":"https:\/\/www.fu-frechen.de\/index.php?rest_route=%2Fwp%2Fv2%2Fmedia&parent=709"}],"wp:term":[{"taxonomy":"category","embeddable":true,"href":"https:\/\/www.fu-frechen.de\/index.php?rest_route=%2Fwp%2Fv2%2Fcategories&post=709"},{"taxonomy":"post_tag","embeddable":true,"href":"https:\/\/www.fu-frechen.de\/index.php?rest_route=%2Fwp%2Fv2%2Ftags&post=709"}],"curies":[{"name":"wp","href":"https:\/\/api.w.org\/{rel}","templated":true}]}}