{"id":7107,"date":"2021-07-08T00:58:22","date_gmt":"2021-07-07T22:58:22","guid":{"rendered":"http:\/\/www.fu-frechen.de\/?p=7107"},"modified":"2022-03-18T21:26:47","modified_gmt":"2022-03-18T20:26:47","slug":"trotzdem-cool-bleiben","status":"publish","type":"post","link":"https:\/\/www.fu-frechen.de\/?p=7107","title":{"rendered":"Trotzdem cool bleiben"},"content":{"rendered":"\n<p class=\"has-drop-cap\">Nein, zum aktuellen Bundestagswahlkampf will sich der SR hier nicht \u00e4u\u00dfern. Aber W.R. als Privatperson wundert sich doch, dass es interessierter Einflussnahme gelingt, die \u00f6ffentliche Meinung so zu beeinflussen, dass Nebensachen zu gro\u00dfen Themen aufgebauscht werden, damit wichtige Themen in den Hintergrund gedr\u00e4ngt werden. Was ist gemeint? Dazu verweise ich als Beispiel auf diesen Artikel: <a href=\"https:\/\/www.klimareporter.de\/deutschland\/laschet-bestellt-die-feuerwehr-fuer-2038 \">https:\/\/www.klimareporter.de\/deutschland\/laschet-bestellt-die-feuerwehr-fuer-2038 <\/a><\/p>\n\n\n\n<p>Dazu mag frau\/man selbst eine Position haben oder finden. Hier in der F.U.F. geht es, wie schon \u00f6fter gesagt, nicht um tagespolitischen Hickhack, uns geht es um Themen, die auf l\u00e4ngere Sicht aktuell und von Bedeutung sind. Mit anderen Worten: Wir wollen das Denken nicht vernachl\u00e4ssigen, nur weil wieder ein paar Aufreger in den Medien hochgepuscht werden (nicht zu reden von diversen &#8222;sozialen Medien&#8220;). <\/p>\n\n\n\n<p>Unser Motto: Trotzdem cool bleiben und die wesentlichen Dinge nicht aus den Augen verlieren!<\/p>\n\n\n\n<p>W. R.<\/p>\n\n\n\n<p><em>Update 18.07.2021:<\/em> Auch wenn man sich ganz aus dem Wahlkampf heraushalten will, kann man nicht umhin festzustellen, was Viele auch in den Medien sagen &#8211; erst recht nach den katastrophalen Wetterereignissen vom 14.-17. Juli. Wir brauchen das nicht erneut zu zitieren, der o.a. Link zu &#8222;Klimareporter&#8220; war schon deutlich genug, und der wurde <em>VOR<\/em> den aktuellen \u00dcberflutungskatastrophen in Deutschland geschrieben. Die aktuellen Nachrichten sto\u00dfen jedenfalls auch die Begriffsstutzigeren mit der Nase auf die oben erw\u00e4hnten wesentlichen Dinge.<\/p>\n\n\n\n<p>Dazu ein Update vom 09.08.2021, die UN haben soeben ihren Weltklimabericht ver\u00f6ffentlicht, in S\u00fcdeuropa sind viele Br\u00e4nde immer noch nicht unter Kontrolle, Spitzenpolitiker sichern schnelle Finanzhilfen f\u00fcr die direkt Betroffenen zu &#8211; doch fehlen mir bisher die Ansagen zur Vermeidung oder Eind\u00e4mmung kommender Katastrophen, und daher kommt hier ein Link als Hilfe zum Durchblick bei den kommenden Wahlen: <a href=\"https:\/\/www.wwf.de\/bundestagswahl-2021\/wahlprogramm-check#c35532\">Der WWF-Wahlprogrammcheck 2021<\/a>  Ein wenig Orientierung ist schon hilfreich&#8230;<\/p>\n\n\n\n<div class=\"wp-block-image\"><figure class=\"aligncenter is-resized\"><img decoding=\"async\" loading=\"lazy\" src=\"https:\/\/www.fu-frechen.de\/wp-content\/uploads\/2013\/06\/13g+-300x219.jpg\" alt=\"Dieses Bild hat ein leeres Alt-Attribut. Der Dateiname ist 13g+-300x219.jpg\" width=\"119\" height=\"87\"\/><\/figure><\/div>\n","protected":false},"excerpt":{"rendered":"<p>Nein, zum aktuellen Bundestagswahlkampf will sich der SR hier nicht \u00e4u\u00dfern. Aber W.R. als Privatperson wundert sich doch, dass es interessierter Einflussnahme gelingt, die \u00f6ffentliche Meinung so zu beeinflussen, dass Nebensachen zu gro\u00dfen Themen aufgebauscht werden, damit wichtige Themen in den Hintergrund gedr\u00e4ngt werden. Was ist gemeint? Dazu verweise ich als Beispiel auf diesen Artikel: [&hellip;]<\/p>\n","protected":false},"author":3,"featured_media":0,"comment_status":"closed","ping_status":"open","sticky":false,"template":"","format":"standard","meta":[],"categories":[1,453,544],"tags":[321,597],"_links":{"self":[{"href":"https:\/\/www.fu-frechen.de\/index.php?rest_route=\/wp\/v2\/posts\/7107"}],"collection":[{"href":"https:\/\/www.fu-frechen.de\/index.php?rest_route=\/wp\/v2\/posts"}],"about":[{"href":"https:\/\/www.fu-frechen.de\/index.php?rest_route=\/wp\/v2\/types\/post"}],"author":[{"embeddable":true,"href":"https:\/\/www.fu-frechen.de\/index.php?rest_route=\/wp\/v2\/users\/3"}],"replies":[{"embeddable":true,"href":"https:\/\/www.fu-frechen.de\/index.php?rest_route=%2Fwp%2Fv2%2Fcomments&post=7107"}],"version-history":[{"count":9,"href":"https:\/\/www.fu-frechen.de\/index.php?rest_route=\/wp\/v2\/posts\/7107\/revisions"}],"predecessor-version":[{"id":7531,"href":"https:\/\/www.fu-frechen.de\/index.php?rest_route=\/wp\/v2\/posts\/7107\/revisions\/7531"}],"wp:attachment":[{"href":"https:\/\/www.fu-frechen.de\/index.php?rest_route=%2Fwp%2Fv2%2Fmedia&parent=7107"}],"wp:term":[{"taxonomy":"category","embeddable":true,"href":"https:\/\/www.fu-frechen.de\/index.php?rest_route=%2Fwp%2Fv2%2Fcategories&post=7107"},{"taxonomy":"post_tag","embeddable":true,"href":"https:\/\/www.fu-frechen.de\/index.php?rest_route=%2Fwp%2Fv2%2Ftags&post=7107"}],"curies":[{"name":"wp","href":"https:\/\/api.w.org\/{rel}","templated":true}]}}