{"id":7305,"date":"2021-12-23T00:17:42","date_gmt":"2021-12-22T23:17:42","guid":{"rendered":"http:\/\/www.fu-frechen.de\/?p=7305"},"modified":"2022-07-25T14:06:26","modified_gmt":"2022-07-25T12:06:26","slug":"talk-talk","status":"publish","type":"post","link":"https:\/\/www.fu-frechen.de\/?p=7305","title":{"rendered":"Talk Talk"},"content":{"rendered":"\n<p class=\"has-drop-cap\">Talk Shows im Fernsehen sind, was sie sind &#8211; und keine Terra-X-Bildungssendungen. Gelegentlich schaue ich doch mal rein, um (hoffentlich) zu einem Thema verschiedene Sachpositionen und evtl. neue Argumente zu h\u00f6ren. Am Abend des 11.11.21 war eine Talk-Runde zu Gange, bei der mal wieder Herr Kubicki von der FDP mit am Tisch sa\u00df. Wie so oft kam er als DER JURIST mit Argumenten aus dem Gerichtssaal um die Ecke, womit er normalerweise die anderen Nicht-Juristen in Talk-Runden alt aussehen l\u00e4sst. Denn meistens hat keiner sonst in der Sendung viel Ahnung von der Juristerei und der Rechtspraxis. Doch nicht so an diesem Abend: Da sa\u00df eine in Verfassungsrecht bewanderte Juristin mit am Tisch, die Kubicki Paroli bot und seine Aussagen bzw. Behauptungen begr\u00fcndet in Zweifel zog. Das war Kubicki nicht gew\u00f6hnt, prompt gingen ihm die Argumente aus, und seine Statements blieben nicht mehr alternativlos im Raum stehen. <\/p>\n\n\n\n<p>Wie man inzwischen merkt, greift Herr Kubicki zunehmend zu Argumenten, die Kopfsch\u00fctteln hervorrufen. Und wie zuvor schon sein Parteifreund Lindner spricht er immer noch absch\u00e4tzig \u00fcber Fridays for Future.  mehr: <a href=\"https:\/\/de.nachrichten.yahoo.com\/kommentar-wolfgang-kubicki-ist-der-raecher-der-enterbten-095015394.html?guccounter=1&amp;guce_referrer=aHR0cHM6Ly9kdWNrZHVja2dvLmNvbS8&amp;guce_referrer_sig=AQAAAFrsRBuF7dEHrF__9Pwb68P_JLZ6NcIvu3zLZyo5q9GWgeDV1PxDSA-ymYHwvMsp9GnfjtMZA8P8o85tTWFWAM410SHmwH0-oovrFLERFQjACIU9c_MNrDBGx8UAMl_mf3lyiY8fjr_CJDS5piX41bD20jrMqf7kKzabdbk7tzO9\">Wolfgang Kubicki ist der R\u00e4cher der Enterbten<\/a><\/p>\n\n\n\n<p>Auch FDP-Parteichef Lindner bekleckerte sich nicht mit Ruhm, als er bei Anne Will am 28.11. als Sprecher der &#8222;Freiheits-Partei&#8220; und Teil der k\u00fcnftigen Ampel-Regierung zu den derzeitigen Corona-Problemen nichts Neues oder Wirksames vorzuschlagen hatte und noch abwarten wollte. Damit brachte er in der Runde vor allem die &#8222;Spiegel&#8220;-Journalistin auf die Palme, die darauf hinwies, dass sofort und wirksam gegengesteuert werden m\u00fcsse, und zwar mit Allem, was hilft.<\/p>\n\n\n\n<p>Leider brachten aber auch in den Monaten zuvor Politiker in Regierungsverantwortung in Bund und L\u00e4ndern nichts N\u00fctzliches zum Thema &#8222;Corona-Pandemie&#8220; zustande, weil alle sich mit Wahlkampf besch\u00e4ftigten und sich scheuten, dem Wahlvolk unangenehme Dinge anzuk\u00fcndigen. So blieben von Juni bis Oktober 2021 wichtige Sachen liegen, z.B. Afghanistan oder die Vorbereitung auf die kommende Corona-Welle. Und nach der Bundestagswahl vom 26. September f\u00fchlte sich die gesch\u00e4ftsf\u00fchrende Merkel-Regierung kaum noch, die neu sich bildende Scholz-Regierung noch nicht zust\u00e4ndig f\u00fcr zupackende Ma\u00dfnahmen, sodass wir bis Anfang Dezember nur so-lala regiert wurden. <\/p>\n\n\n\n<p>Derweil stellte Putin seine Truppen an den Grenzen der Ukraine auf und testete, wie handlungsf\u00e4hig und -bereit die EU und der Westen sind, um seiner Machtpolitik etwas entgegenzusetzen. Und immer noch sind viele Leute im Westen z\u00f6gerlich, w\u00e4hrend manche meinen: Hier hilft keine Appeasement-Politik, und auf Worte m\u00fcssen auch Taten folgen. Fakt ist: In diesem Spiel ist es sicher nicht Putin, der vor brutalen Ma\u00dfnahmen zur\u00fcckschreckt (siehe Syrien, wo seine Bomber Assad halfen, in Rebellen-Gebieten gezielt Krankenh\u00e4user und Schulen zu bombardieren). Das nur am Rande, unseren &#8222;Putin-Verstehern&#8220; zugerufen.<\/p>\n\n\n\n<p>Aber jetzt kommt erstmal Weihnachten. Seien Sie vorsichtig und vern\u00fcnftig und warten Sie nicht darauf, ob oder dass der Staat Sie bei der Hand nimmt und sagt, was Sie tun d\u00fcrfen oder nicht. Sie sind frei, sich Ihres Verstandes zu bedienen und sich an die Corona-Vorsichtsregeln zu halten. Immer. Und, meine Empfehlung: Schauen sie nicht jede TV-Talkshow zum Thema Corona-Ma\u00dfnahmen, denn am Ende der Sendung schwirrt Ihnen der Kopf, und was f\u00fcr Sie am Anfang klar war, ist danach durch viele Wenns und Abers verunklart. Und selbstverst\u00e4ndlich sollten Sie, wenn noch nicht geschehen, sich baldm\u00f6glichst impfen lassen (es sei denn, medizinische Gr\u00fcnde sprechen dagegen), bis Sie Ihre drei Piekser gegen Corona bekommen haben. In diesem Sinne: Bleiben Sie gesund, und frohe Festtage!<\/p>\n\n\n\n<p>W. R. <\/p>\n\n\n\n<div class=\"wp-block-image\"><figure class=\"aligncenter is-resized\"><img decoding=\"async\" loading=\"lazy\" src=\"https:\/\/www.fu-frechen.de\/wp-content\/uploads\/2013\/06\/13g+-300x219.jpg\" alt=\"Dieses Bild hat ein leeres Alt-Attribut. Der Dateiname ist 13g+-300x219.jpg\" width=\"101\" height=\"74\"\/><\/figure><\/div>\n\n\n\n<p><\/p>\n\n\n\n<p><\/p>\n\n\n\n<p><\/p>\n\n\n\n<p> <\/p>\n\n\n\n<p><\/p>\n","protected":false},"excerpt":{"rendered":"<p>Talk Shows im Fernsehen sind, was sie sind &#8211; und keine Terra-X-Bildungssendungen. Gelegentlich schaue ich doch mal rein, um (hoffentlich) zu einem Thema verschiedene Sachpositionen und evtl. neue Argumente zu h\u00f6ren. Am Abend des 11.11.21 war eine Talk-Runde zu Gange, bei der mal wieder Herr Kubicki von der FDP mit am Tisch sa\u00df. Wie so [&hellip;]<\/p>\n","protected":false},"author":3,"featured_media":0,"comment_status":"closed","ping_status":"open","sticky":false,"template":"","format":"standard","meta":[],"categories":[1,636],"tags":[562,614,617,616],"_links":{"self":[{"href":"https:\/\/www.fu-frechen.de\/index.php?rest_route=\/wp\/v2\/posts\/7305"}],"collection":[{"href":"https:\/\/www.fu-frechen.de\/index.php?rest_route=\/wp\/v2\/posts"}],"about":[{"href":"https:\/\/www.fu-frechen.de\/index.php?rest_route=\/wp\/v2\/types\/post"}],"author":[{"embeddable":true,"href":"https:\/\/www.fu-frechen.de\/index.php?rest_route=\/wp\/v2\/users\/3"}],"replies":[{"embeddable":true,"href":"https:\/\/www.fu-frechen.de\/index.php?rest_route=%2Fwp%2Fv2%2Fcomments&post=7305"}],"version-history":[{"count":7,"href":"https:\/\/www.fu-frechen.de\/index.php?rest_route=\/wp\/v2\/posts\/7305\/revisions"}],"predecessor-version":[{"id":7378,"href":"https:\/\/www.fu-frechen.de\/index.php?rest_route=\/wp\/v2\/posts\/7305\/revisions\/7378"}],"wp:attachment":[{"href":"https:\/\/www.fu-frechen.de\/index.php?rest_route=%2Fwp%2Fv2%2Fmedia&parent=7305"}],"wp:term":[{"taxonomy":"category","embeddable":true,"href":"https:\/\/www.fu-frechen.de\/index.php?rest_route=%2Fwp%2Fv2%2Fcategories&post=7305"},{"taxonomy":"post_tag","embeddable":true,"href":"https:\/\/www.fu-frechen.de\/index.php?rest_route=%2Fwp%2Fv2%2Ftags&post=7305"}],"curies":[{"name":"wp","href":"https:\/\/api.w.org\/{rel}","templated":true}]}}