{"id":7379,"date":"2022-01-10T22:00:50","date_gmt":"2022-01-10T21:00:50","guid":{"rendered":"http:\/\/www.fu-frechen.de\/?p=7379"},"modified":"2022-08-28T23:53:20","modified_gmt":"2022-08-28T21:53:20","slug":"neues-jahr","status":"publish","type":"post","link":"https:\/\/www.fu-frechen.de\/?p=7379","title":{"rendered":"Neues Jahr"},"content":{"rendered":"\n<p class=\"has-drop-cap\">W<strong>ir<\/strong> kennen die Jahresr\u00fcckblicke in den Medien, und wir kennen die Hoffnungen, die an das Neue Jahr gekn\u00fcpft werden &#8211; m\u00f6gen letztere auch noch so verhalten ge\u00e4u\u00dfert werden (und wom\u00f6glich unrealistisch sein). <br>Mein pers\u00f6nlicher R\u00fcckblick auf 2021 verweist, wenn ich etwas Positives nennen soll, ganz klar auf einen Vorgang, der geeignet ist, denjenigen Menschen neuen Mut zu geben, die die Hoffnung auf die Menschheit schon aufgeben wollten und pessimistisch zu Misanthropen h\u00e4tten werden k\u00f6nnen. <br>Welchen Vorgang meine ich? Einige ahnen es schon: Es ist die gro\u00dfe Welle der Hilfsbereitschaft f\u00fcr die Opfer der Flutkatastrophe Mitte Juli, eine Welle, bei der besonders die zahlreichen freiwilligen Helferinnen und Helfer zu nennen sind, die nicht nur ein- oder zweimal, sondern \u00fcber einen langen Zeitraum immer wieder ihre freie Zeit dazu verwendeten, den Betroffenen beim Entschlammen und Aufr\u00e4umen ihrer H\u00e4user zu helfen, beim schwierigen Umgang mit Antr\u00e4gen auf Hilfsgelder, und beim moralischen Durchhalten angesichts zerst\u00f6rter Existenzen und bei oft noch ausbleibenden Geldern, die zwar von Politikern zugesagt, aber von der B\u00fcrokratie nicht z\u00fcgig dahin ausgezahlt werden, wo sie allerdringlichst ben\u00f6tigt werden.<\/p>\n\n\n\n<p>Diese freiwilligen Helfer sind Helden des Jahres 2021, und viele bleiben es auch in diesem Jahr, weil sie vor Ort erleben, was n\u00f6tig ist und wo Menschen ohne Unterst\u00fctzung nicht mehr auf die Beine kommen. Und weil sie Anteil nehmen am Schicksal der Betroffenen und sehen wollen, dass die tatkr\u00e4ftige Unterst\u00fctzung fruchtet und nicht vergebens war.<\/p>\n\n\n\n<p>Wo der Mensch dem Menschen eine St\u00fctze und Hilfe ist, da wird Menschlichkeit sichtbar und erlebbar. In einem moralischen Sinne ist das Gesundheit. Und wir alle w\u00fcnschen uns und denen, denen wir ein frohes Neues Jahr w\u00fcnschen, doch vor Allem eins: Gesundheit.<\/p>\n\n\n\n<p>S. R. <\/p>\n\n\n\n<p><em>Nachtrag am 13.01.2022:<\/em> Viele Leute glauben, es werde doch schon mit Spenden und staatlichen Hilfen daf\u00fcr gesorgt, dass die Flutgesch\u00e4digten wieder auf die Beine kommen. Doch hierzulande ist so viel b\u00fcrokratisch geregelt, dass &#8222;schnelle, unb\u00fcrokratische&#8220; Hilfe, wie sie von Politikern gutwillig versprochen wird, in der Realit\u00e4t von zahlreichen Bedingungen und Regeln ausgebremst und sogar konterkariert wird. Beispiel: <a href=\"https:\/\/www.sueddeutsche.de\/panorama\/ahrtal-flutwein-winzer-spenden-1.5506961\">Flutwein: Winzer kommen nicht an Spenden &#8211; Panorama &#8211; SZ.de<\/a>  Hinzu kommt noch der \u00c4rger mit Versicherungen, die pr\u00fcfen und pr\u00fcfen und ihre Ausnahmeklauseln dreimal wenden, ehe sie erwartete Zahlungen an Versicherte t\u00e4tigen. Nicht alle sind so, aber leider gibt es in den B\u00fcros mancher Versicherungen Leute, die sich schnell hocharbeiten wollen, indem sie besonders sparsam auszahlen, was Versicherten laut Vertrag zusteht. Leider wird dabei manchmal zynisch darauf spekuliert, dass die Gesch\u00e4digten eh schon entnervt sind und nicht die Kraft aufbringen, gegen die Hinhaltetaktik um ihr Geld zu k\u00e4mpfen.<\/p>\n\n\n\n<p>Angesichts solcher Hindernisse, die angeschlagene Menschen vollends zerm\u00fcrben k\u00f6nnen, ist die oben gelobte Arbeit der freiwilligen HelferInnen umso wertvoller!<\/p>\n\n\n\n<p><em>Nachtrag im August 2022:<\/em> Gerade diese spontane und effektive Hilfsbereitschaft der &#8222;Helden des Jahres 2021&#8220;, wie ich sie oben genannt habe, macht Hoffnung, dass die globale Geldgier im B\u00fcndnis mit Gleichg\u00fcltigkeit nicht obsiegen wird, sondern dass sich die positiven Kr\u00e4fte in dieser Welt zu Kooperation und gemeinsamem Handeln verst\u00e4ndigen werden und den Untergang der Menschheit im 21. Jahrhundert verhindern (N\u00e4heres >Blog\/<em>Grunds\u00e4tzliches<\/em> vom 16.08.2022).<\/p>\n\n\n\n<div class=\"wp-block-image\"><figure class=\"aligncenter is-resized\"><img decoding=\"async\" loading=\"lazy\" src=\"https:\/\/www.fu-frechen.de\/wp-content\/uploads\/2013\/06\/13g+-300x219.jpg\" alt=\"Dieses Bild hat ein leeres Alt-Attribut. Der Dateiname ist 13g+-300x219.jpg\" width=\"101\" height=\"73\"\/><\/figure><\/div>\n\n\n\n<p><\/p>\n","protected":false},"excerpt":{"rendered":"<p>Wir kennen die Jahresr\u00fcckblicke in den Medien, und wir kennen die Hoffnungen, die an das Neue Jahr gekn\u00fcpft werden &#8211; m\u00f6gen letztere auch noch so verhalten ge\u00e4u\u00dfert werden (und wom\u00f6glich unrealistisch sein). Mein pers\u00f6nlicher R\u00fcckblick auf 2021 verweist, wenn ich etwas Positives nennen soll, ganz klar auf einen Vorgang, der geeignet ist, denjenigen Menschen neuen [&hellip;]<\/p>\n","protected":false},"author":3,"featured_media":0,"comment_status":"closed","ping_status":"open","sticky":false,"template":"","format":"standard","meta":[],"categories":[1,638],"tags":[618,619],"_links":{"self":[{"href":"https:\/\/www.fu-frechen.de\/index.php?rest_route=\/wp\/v2\/posts\/7379"}],"collection":[{"href":"https:\/\/www.fu-frechen.de\/index.php?rest_route=\/wp\/v2\/posts"}],"about":[{"href":"https:\/\/www.fu-frechen.de\/index.php?rest_route=\/wp\/v2\/types\/post"}],"author":[{"embeddable":true,"href":"https:\/\/www.fu-frechen.de\/index.php?rest_route=\/wp\/v2\/users\/3"}],"replies":[{"embeddable":true,"href":"https:\/\/www.fu-frechen.de\/index.php?rest_route=%2Fwp%2Fv2%2Fcomments&post=7379"}],"version-history":[{"count":8,"href":"https:\/\/www.fu-frechen.de\/index.php?rest_route=\/wp\/v2\/posts\/7379\/revisions"}],"predecessor-version":[{"id":7820,"href":"https:\/\/www.fu-frechen.de\/index.php?rest_route=\/wp\/v2\/posts\/7379\/revisions\/7820"}],"wp:attachment":[{"href":"https:\/\/www.fu-frechen.de\/index.php?rest_route=%2Fwp%2Fv2%2Fmedia&parent=7379"}],"wp:term":[{"taxonomy":"category","embeddable":true,"href":"https:\/\/www.fu-frechen.de\/index.php?rest_route=%2Fwp%2Fv2%2Fcategories&post=7379"},{"taxonomy":"post_tag","embeddable":true,"href":"https:\/\/www.fu-frechen.de\/index.php?rest_route=%2Fwp%2Fv2%2Ftags&post=7379"}],"curies":[{"name":"wp","href":"https:\/\/api.w.org\/{rel}","templated":true}]}}