{"id":7408,"date":"2022-01-28T00:00:22","date_gmt":"2022-01-27T23:00:22","guid":{"rendered":"http:\/\/www.fu-frechen.de\/?p=7408"},"modified":"2022-02-26T23:02:56","modified_gmt":"2022-02-26T22:02:56","slug":"27-januar","status":"publish","type":"post","link":"https:\/\/www.fu-frechen.de\/?p=7408","title":{"rendered":"27. Januar"},"content":{"rendered":"\n<p class=\"has-drop-cap\">Antisemitismus hat in Deutschland und anderen L\u00e4ndern in der Welt zugenommen, h\u00f6ren wir in den Medien. Das darf doch wohl nicht wahr sein! Ist denn ein Teil der Menschheit geistig verwirrt? Es ist doch jedem gut informierten Menschen klar und eine Selbstverst\u00e4ndlichkeit, dass Rassismus ebenso wie Vorurteile \u00fcber bestimmte Volksgruppen undiskutabel sind und keineswegs sachlich begr\u00fcndbar.<br>Warum gibt es das trotzdem, und worum geht es den Leuten mit Vorurteilen und rassistischen Ressentiments?<br>Die Frage ist: Wem n\u00fctzt das, oder: Was hat ein Mensch davon, sich solche Einstellungen zu eigen zu machen und zu vertreten?<br>Ein Nutzen ist erst einmal nur psychologisch erkennbar: Wer andere Menschen durch die rassistische Brille sieht und sie abqualifiziert, hat offenbar ein BED\u00dcRFNIS, dies zu tun. Dieser Mensch will diese Brille mit voller Absicht tragen, denn dadurch kann er Menschen in verschieden wertige Kategorien einteilen. Und in welche ordnet er sich dann selbst ein? Bl\u00f6de Frage, nat\u00fcrlich in die h\u00f6chstwertige Kategorie! <br>Aha: Der Nutzen einer solchen Brille besteht darin, sich selbst aufzuwerten und \u00fcber andere Menschen zu erheben. Anders gesagt: Als Rassist stelle ich mich als Angeh\u00f6riger einer bestimmten Gruppe \u00fcber Andere, die nicht zu dieser Gruppe geh\u00f6ren. Ich erh\u00f6he meinen Wert auf Kosten Anderer, die ich herabstufe und erniedrige.<br>Das ist, kurz erl\u00e4utert, der Antrieb der Rassisten. <br>Und \u00e4hnlich gilt das f\u00fcr Menschen, die auf andere herabsehen (wollen), weil sie sich als Wohlhabendere, Gebildetere oder Besser Ausgebildete sehen und das kundtun, indem sie auf \u00c4rmere, Weniger Gebildete oder Menschen mit geringer beruflicher Qualifikation herabsehen und \u00fcber sie l\u00e4stern. <br>\u00dcbrigens kann man dasselbe Schema auch bei Leuten beobachten, die eine frauenfeindliche Einstellung haben. Besonders M\u00e4nner, die sich in Konkurrenz zu Frauen sehen, vertreten gern geringsch\u00e4tzige Ansichten gegen Frauen und machen deren Leistungen madig &#8211; auch aus Angst, da k\u00f6nnte eine Frau besser im Job sein und mehr Anerkennung bekommen.<br>Aber tats\u00e4chlich passiert es, dass Frauen sich f\u00fcr gleichen Lohn und gleiche Karrierechancen mehr anstrengen m\u00fcssen als M\u00e4nner &#8211; mit dem Effekt, dass einige in der Tat mehr leisten und besser werden als ihre m\u00e4nnlichen Konkurrenten und damit ihre F\u00e4higkeiten mehr trainieren als die M\u00e4nner, die glauben, es aufgrund ihres Geschlechts eher zu schaffen. Das zahlt sich f\u00fcr die Frauen, die sich nicht unterkriegen lassen, auf lange Sicht aus. <br>\u00dcbrigens: Die antisemitischen Vorurteile in der Gesellschaft und die h\u00e4ufige Benachteiligung f\u00fchrte in der Vergangenheit oft zu \u00e4hnlichen Effekten. Juden hatten es oft schwerer in Deutschland, waren gezwungen, m\u00f6glichst gut zu sein im Beruf, und dadurch wurden viele erfolgreich im Finanzsektor, oder sie nahmen ihre Bildungschancen ernster als Andere und erreichten in relativ gro\u00dfer Zahl h\u00f6here Bildungsabschl\u00fcsse. Unter deutschen Intellektuellen waren Juden daher auch relativ zahlreich. Und das wiederum verst\u00e4rkte die Abneigung und den Hass bei einigen Antisemiten, man verstieg sich z.B. zu der Behauptung, es sei eine krankhafte j\u00fcdische Eigenschaft, alles zu kritisieren und in Zweifel zu ziehen &#8211; anstatt z.B. unkritisch in nationalistische Begeisterung auszubrechen (wie ein &#8222;guter Deutscher&#8220;). Dabei wird &#8211; wie bei allen Vorurteilen &#8211; gern unterschlagen, dass sich Juden wie andere Menschengruppen insgesamt einfach menschlich verhalten. Viele von ihnen zogen z.B. im Ersten Weltkrieg mit den Anderen begeistert an die Front und wurden mit Orden dekoriert. Wir kennen alle die Bilder von j\u00fcdischen Frontk\u00e4mpfern, die sich dem SA-Mob mit ihren Orden entgegenstellten, was aber die johlenden Horden nicht interessierte. Wer an seinem Vorurteil h\u00e4ngt, der ignoriert eben auch Tatsachen, die sich eigentlich nicht leugnen lassen. Das findet sich leider eben &#8211; allzu menschlich &#8211; \u00fcberall auf der Welt.  <br>Und wer noch Beweise daf\u00fcr braucht, der schaue auf die arabische Welt, wo es eine Menge Leute gibt, die die gef\u00e4lschten &#8222;Protokolle der Weisen von Zion&#8220; als Argument f\u00fcr ihren Antisemitismus anf\u00fchren, obwohl dieses Machwerk schon 1919 als Schwindel entlarvt wurde. Aber manche Menschen wollen <em>nicht wissen, sondern glauben. <\/em><br>Apropos &#8222;glauben&#8220;: Auch die Verschw\u00f6rungsmythen leben davon, dass Leute sich keine mit rationalen Argumenten und Fakten begr\u00fcndete Meinung bilden, sondern lieber GLAUBEN, was ihnen ohne gro\u00dfes Nachdenken glaubhaft erscheint. Das ist geistig bequem, und gerade deshalb halten Menschen gern an ihren geglaubten &#8222;Wahrheiten&#8220; fest und wollen von einer Hinterfragung nichts h\u00f6ren. <br>So plapperte auch Hitler den Quatsch von der j\u00fcdischen Weltverschw\u00f6rung nach und entbl\u00f6dete sich nicht (obwohl er nicht bl\u00f6de war), in der zunehmenden Kriegsgefahr (die er selbst verst\u00e4rkte) den Juden \u00f6ffentlich Vernichtung anzudrohen, da sie angeblich die &#8222;j\u00fcdisch-bolschewistische Weltverschw\u00f6rung&#8220; betrieben. Wer in Wahrheit eine Verschw\u00f6rung gegen den Frieden und f\u00fcr Krieg betrieb, wurde dann offenkundig. <br>Die Wenigsten aber &#8211; und nicht einmal die meisten Nazi-Anh\u00e4nger &#8211; konnten sich damals vorstellen, dass Hitler und seine Komplizen ein solch gigantisches Verbrechen tats\u00e4chlich durchf\u00fchren w\u00fcrden: millionenfacher Mord aus rassistischen Gr\u00fcnden. <br>Und manche versuchen noch heute, auf Teufel-komm-raus zu leugnen und Desinformation zu streuen. Warum? Weil nicht wahr sein kann, was nicht wahr sein darf. Die nachgeborenen Nazis w\u00fcnschen sich eine vom gigantischen Massenmord unbefleckte Nazi-Ideologie. Da fehlt einfach das Begreifen von Tatsachen wie die, dass Worte auf Dauer nicht nur Worte bleiben, und dass menschenfeindliche Parolen dann auch zu menschenfeindlichen Taten f\u00fchren. Und &#8211; dass man selbst f\u00fcr seine Taten verantwortlich bleibt, auch wenn sie in einem johlenden Mob geschehen.<br> S. R.<\/p>\n\n\n\n<p class=\"has-text-align-center\"><img decoding=\"async\" loading=\"lazy\" width=\"864\" height=\"633\" class=\"wp-image-256\" style=\"width: 90px;\" src=\"https:\/\/www.fu-frechen.de\/wp-content\/uploads\/2013\/06\/13g+.jpg\" alt=\"\" srcset=\"https:\/\/www.fu-frechen.de\/wp-content\/uploads\/2013\/06\/13g+.jpg 864w, https:\/\/www.fu-frechen.de\/wp-content\/uploads\/2013\/06\/13g+-300x219.jpg 300w, https:\/\/www.fu-frechen.de\/wp-content\/uploads\/2013\/06\/13g+-624x457.jpg 624w\" sizes=\"(max-width: 864px) 100vw, 864px\" \/><\/p>\n","protected":false},"excerpt":{"rendered":"<p>Antisemitismus hat in Deutschland und anderen L\u00e4ndern in der Welt zugenommen, h\u00f6ren wir in den Medien. Das darf doch wohl nicht wahr sein! Ist denn ein Teil der Menschheit geistig verwirrt? Es ist doch jedem gut informierten Menschen klar und eine Selbstverst\u00e4ndlichkeit, dass Rassismus ebenso wie Vorurteile \u00fcber bestimmte Volksgruppen undiskutabel sind und keineswegs sachlich [&hellip;]<\/p>\n","protected":false},"author":3,"featured_media":0,"comment_status":"closed","ping_status":"open","sticky":false,"template":"","format":"standard","meta":[],"categories":[1,601,526],"tags":[621,620],"_links":{"self":[{"href":"https:\/\/www.fu-frechen.de\/index.php?rest_route=\/wp\/v2\/posts\/7408"}],"collection":[{"href":"https:\/\/www.fu-frechen.de\/index.php?rest_route=\/wp\/v2\/posts"}],"about":[{"href":"https:\/\/www.fu-frechen.de\/index.php?rest_route=\/wp\/v2\/types\/post"}],"author":[{"embeddable":true,"href":"https:\/\/www.fu-frechen.de\/index.php?rest_route=\/wp\/v2\/users\/3"}],"replies":[{"embeddable":true,"href":"https:\/\/www.fu-frechen.de\/index.php?rest_route=%2Fwp%2Fv2%2Fcomments&post=7408"}],"version-history":[{"count":5,"href":"https:\/\/www.fu-frechen.de\/index.php?rest_route=\/wp\/v2\/posts\/7408\/revisions"}],"predecessor-version":[{"id":7485,"href":"https:\/\/www.fu-frechen.de\/index.php?rest_route=\/wp\/v2\/posts\/7408\/revisions\/7485"}],"wp:attachment":[{"href":"https:\/\/www.fu-frechen.de\/index.php?rest_route=%2Fwp%2Fv2%2Fmedia&parent=7408"}],"wp:term":[{"taxonomy":"category","embeddable":true,"href":"https:\/\/www.fu-frechen.de\/index.php?rest_route=%2Fwp%2Fv2%2Fcategories&post=7408"},{"taxonomy":"post_tag","embeddable":true,"href":"https:\/\/www.fu-frechen.de\/index.php?rest_route=%2Fwp%2Fv2%2Ftags&post=7408"}],"curies":[{"name":"wp","href":"https:\/\/api.w.org\/{rel}","templated":true}]}}