{"id":7488,"date":"2022-03-07T23:42:19","date_gmt":"2022-03-07T22:42:19","guid":{"rendered":"http:\/\/www.fu-frechen.de\/?p=7488"},"modified":"2022-12-19T23:20:55","modified_gmt":"2022-12-19T22:20:55","slug":"ghost-rider-putin","status":"publish","type":"post","link":"https:\/\/www.fu-frechen.de\/?p=7488","title":{"rendered":"Ghost-rider Putin"},"content":{"rendered":"\n<p class=\"has-drop-cap\">Es kann der Fr\u00f6mmste nicht in Frieden leben, wenn es dem b\u00f6sen Nachbarn nicht gef\u00e4llt. Ein alter Spruch, stimmt immer noch. Wenn friedliebende Menschen von einem gewaltbereiten St\u00e4nkerer nicht in Ruhe gelassen werden, was dann? Wenn Diplomatie und Gespr\u00e4che \u00fcber m\u00f6gliche Probleme nichts bringen und sogar als Schw\u00e4che ausgelegt werden&#8230;<br>Pazifismus ist eine ehrenwerte Haltung. Und sie erm\u00f6glicht eine friedliche Welt, solange Alle nach denselben Regeln spielen. Aber wenn Einer partout die Regeln missachtet und das als seine St\u00e4rke versteht&#8230; ?<\/p>\n\n\n\n<p class=\"has-text-align-center\"><img decoding=\"async\" class=\"wp-image-7533\" style=\"width: 200px;\" src=\"https:\/\/www.fu-frechen.de\/wp-content\/uploads\/2022\/03\/2a-putin3a.jpg\" alt=\"\"><\/p>\n\n\n\n<p>Kommentare zu Putins Krieg (englischsprachig) aus dem <em>Globalist:<\/em><\/p>\n\n\n\n<p><a href=\"https:\/\/www.theglobalist.com\/europes-new-hitler-putin-invades-ukraine\/\">Europe\u2019s New Hitler: Another Psychopath at Work &#8211; The Globalist<\/a><\/p>\n\n\n\n<p><a href=\"https:\/\/www.theglobalist.com\/putin-and-mussolini-brothers-in-spirit\/\">Putin and Mussolini: Brothers in Spirit &#8211; The Globalist<\/a><\/p>\n\n\n\n<p>W. R.<\/p>\n\n\n\n<p>Nachtrag am 29.04.2022: Die Pazifisten hierzulande wollen nicht ohne Gegenwehr ihre Position r\u00e4umen, die besagt, dass Waffenlieferungen an die sich der russischen Aggression erwehrenden Ukraine falsch seien. Das alte Credo aus der hohen Zeit der Friedensbewegung ist der Spruch &#8222;Frieden schaffen ohne Waffen.&#8220; Das w\u00e4re sch\u00f6n, wenn die Ukrainer ihre Waffen fallen lie\u00dfen und daraufhin die Russen, moralisch entwaffnet, auch sofort ihre Waffen fallen lie\u00dfen und sich beide Seiten ger\u00fchrt und erleichtert in die Arme schlie\u00dfen k\u00f6nnten &#8212; und w\u00fcrden. Das w\u00e4re die Wunsch-Wirklichkeit. <\/p>\n\n\n\n<p>Wie die \u00f6ffentliche Debatte derzeit l\u00e4uft, stellt dieser Artikel dar:  <a href=\"https:\/\/www.tagesspiegel.de\/politik\/heftige-kritik-an-offenem-brief-an-scholz-intellektueller-offenbarungseid-sofa-pazifismus-position-ist-wahnsinn\/28289842.html\">Heftige Kritik an offenem Brief an Scholz: \u201eIntellektueller Offenbarungseid\u201c, \u201eSofa-Pazifismus\u201c, \u201ePosition ist Wahnsinn\u201c &#8211; Politik &#8211; Tagesspiegel<\/a>   &#8212;<\/p>\n\n\n\n<p>Dazu noch eine Meinung aus Russland (zitiert im <em>Magazin<\/em> des<em> K\u00f6lner Stadt-Anzeigers<\/em>):<\/p>\n\n\n\n<p class=\"has-text-align-center\"><img decoding=\"async\" loading=\"lazy\" width=\"1531\" height=\"2560\" class=\"wp-image-7594\" style=\"width: 185px;\" src=\"https:\/\/www.fu-frechen.de\/wp-content\/uploads\/2022\/03\/20220515_131423-scaled.jpg\" alt=\"\" srcset=\"https:\/\/www.fu-frechen.de\/wp-content\/uploads\/2022\/03\/20220515_131423-scaled.jpg 1531w, https:\/\/www.fu-frechen.de\/wp-content\/uploads\/2022\/03\/20220515_131423-179x300.jpg 179w, https:\/\/www.fu-frechen.de\/wp-content\/uploads\/2022\/03\/20220515_131423-612x1024.jpg 612w, https:\/\/www.fu-frechen.de\/wp-content\/uploads\/2022\/03\/20220515_131423-768x1285.jpg 768w, https:\/\/www.fu-frechen.de\/wp-content\/uploads\/2022\/03\/20220515_131423-918x1536.jpg 918w, https:\/\/www.fu-frechen.de\/wp-content\/uploads\/2022\/03\/20220515_131423-1224x2048.jpg 1224w, https:\/\/www.fu-frechen.de\/wp-content\/uploads\/2022\/03\/20220515_131423-624x1044.jpg 624w\" sizes=\"(max-width: 1531px) 100vw, 1531px\" \/><\/p>\n\n\n\n<p class=\"has-text-align-center\"><strong>&#8212;&#8212;&#8212;&#8212;<\/strong><\/p>\n\n\n\n<p>Liebe Pazifisten, die Friedensbewegten in unserem Lande haben sich schon fr\u00fcher gegen Waffenlieferungen in Kriegs- und Krisengebiete ausgesprochen, was ja als abstrakter Gedanke durchaus ehrenwert ist und vern\u00fcnftig klingt. Aber dies unbesehen auf alle konkreten Einzelf\u00e4lle prinzipiell anwenden &#8212; macht man es sich da nicht zu einfach, nur um selbst moralisch gut und sauber dazustehen? Am 1. September 2014 habe ich aus gegebenem Anlass dazu schon Stellung genommen und dargestellt: Dies k\u00f6nnte auf unterlassene Hilfeleistung hinauslaufen, und dann st\u00fcnde man moralisch gar nicht mehr so gut da&#8230; (Damals ging es um Waffen f\u00fcr die kurdischen Peschmerga, die als Einzige effektiv den IS am Boden zu bek\u00e4mpfen in der Lage und willens waren).<\/p>\n\n\n\n<div class=\"wp-block-image\"><figure class=\"aligncenter is-resized\"><img decoding=\"async\" loading=\"lazy\" src=\"https:\/\/www.fu-frechen.de\/wp-content\/uploads\/2013\/06\/13g+.jpg\" alt=\"Dieses Bild hat ein leeres Alt-Attribut. Der Dateiname ist 13g+.jpg\" width=\"106\" height=\"77\"\/><\/figure><\/div>\n\n\n\n<p><\/p>\n","protected":false},"excerpt":{"rendered":"<p>Es kann der Fr\u00f6mmste nicht in Frieden leben, wenn es dem b\u00f6sen Nachbarn nicht gef\u00e4llt. Ein alter Spruch, stimmt immer noch. Wenn friedliebende Menschen von einem gewaltbereiten St\u00e4nkerer nicht in Ruhe gelassen werden, was dann? Wenn Diplomatie und Gespr\u00e4che \u00fcber m\u00f6gliche Probleme nichts bringen und sogar als Schw\u00e4che ausgelegt werden&#8230;Pazifismus ist eine ehrenwerte Haltung. Und [&hellip;]<\/p>\n","protected":false},"author":3,"featured_media":0,"comment_status":"closed","ping_status":"open","sticky":false,"template":"","format":"standard","meta":[],"categories":[1,636],"tags":[],"_links":{"self":[{"href":"https:\/\/www.fu-frechen.de\/index.php?rest_route=\/wp\/v2\/posts\/7488"}],"collection":[{"href":"https:\/\/www.fu-frechen.de\/index.php?rest_route=\/wp\/v2\/posts"}],"about":[{"href":"https:\/\/www.fu-frechen.de\/index.php?rest_route=\/wp\/v2\/types\/post"}],"author":[{"embeddable":true,"href":"https:\/\/www.fu-frechen.de\/index.php?rest_route=\/wp\/v2\/users\/3"}],"replies":[{"embeddable":true,"href":"https:\/\/www.fu-frechen.de\/index.php?rest_route=%2Fwp%2Fv2%2Fcomments&post=7488"}],"version-history":[{"count":13,"href":"https:\/\/www.fu-frechen.de\/index.php?rest_route=\/wp\/v2\/posts\/7488\/revisions"}],"predecessor-version":[{"id":7995,"href":"https:\/\/www.fu-frechen.de\/index.php?rest_route=\/wp\/v2\/posts\/7488\/revisions\/7995"}],"wp:attachment":[{"href":"https:\/\/www.fu-frechen.de\/index.php?rest_route=%2Fwp%2Fv2%2Fmedia&parent=7488"}],"wp:term":[{"taxonomy":"category","embeddable":true,"href":"https:\/\/www.fu-frechen.de\/index.php?rest_route=%2Fwp%2Fv2%2Fcategories&post=7488"},{"taxonomy":"post_tag","embeddable":true,"href":"https:\/\/www.fu-frechen.de\/index.php?rest_route=%2Fwp%2Fv2%2Ftags&post=7488"}],"curies":[{"name":"wp","href":"https:\/\/api.w.org\/{rel}","templated":true}]}}