{"id":7606,"date":"2022-05-29T18:45:36","date_gmt":"2022-05-29T16:45:36","guid":{"rendered":"http:\/\/www.fu-frechen.de\/?p=7606"},"modified":"2022-08-15T14:42:10","modified_gmt":"2022-08-15T12:42:10","slug":"illusionen","status":"publish","type":"post","link":"https:\/\/www.fu-frechen.de\/?p=7606","title":{"rendered":"Illusionen"},"content":{"rendered":"\n<p class=\"has-drop-cap\">H<strong>ABT<\/strong> Ihr etwa geglaubt, die wegen ihres tapferen Widerstandes vielgelobten Ukrainer w\u00fcrden die Russen schon in Schach halten, ohne dass Ihr massive milit\u00e4rische Hilfe leistet? Ohne dass Ihr die hierzulande vieldiskutierten &#8222;schweren Waffen&#8220; liefert? <\/p>\n\n\n\n<p>Wer bitte soll denn den \u00fcber eine Million zu uns geflohenen Ukrainern den Weg zur\u00fcck in die Heimat er\u00f6ffnen? Habt Ihr vergessen, dass die zur\u00fcckkehren wollen (in ein <em>nicht<\/em> von Putin beherrschtes Land)?<\/p>\n\n\n\n<p>Wer bitte soll die russische Seeblockade an der K\u00fcste der Ukraine brechen, um den Weizen dahin zu exportieren, wo Hungerkatastrophen drohen? Mit welchen Waffen sollen die ukrainischen Soldaten das schaffen?<\/p>\n\n\n\n<p>Macht Ihr Euch immer noch Illusionen dar\u00fcber, dass Ihr mit Putin \u00fcber all das verhandeln k\u00f6nntet? Oder hofft Ihr etwa, dass in der russischen Bev\u00f6lkerung ein breiter Widerstand gegen Putins Regime losbrechen werde? Putin hat sie mit Propaganda und Geheimpolizei fest genug im Griff. Wer Putin und seinen Krieg kritisch sieht, verl\u00e4sst, wenn m\u00f6glich, das Land, um an sicherem Ort auf die Zeit nach Putin zu warten. <\/p>\n\n\n\n<p>Statt Euch n\u00e4rrischen Hoffnungen hinzugeben, schickt endlich den Ukrainern die verdammten Panzerhaubitzen und Sch\u00fctzenpanzer und ziert Euch nicht l\u00e4nger (zum Gesp\u00f6tt von Putin). Und wer hier vor Eskalation durch Waffenlieferungen warnt, hat doch eher den Schuss nicht geh\u00f6rt: Eskalation droht, ja, aber ganz anders, n\u00e4mlich indem ein Putin, der weitere Teile der Ukraine schluckt, das als gro\u00dfen Sieg verkauft und die n\u00e4chsten Eroberungen ins Auge fasst. Putins Denken richtet sich auf ein erneuertes Gro\u00dfrussisches Reich, das hat er selbst bekannt gemacht.<\/p>\n\n\n\n<p>Verhandeln mit Putin &#8212; wor\u00fcber? Wenn Ihr von Verhandlungen auf Augenh\u00f6he oder mit Druckmitteln gegen Putin tr\u00e4umt, dann besetzt doch Kaliningrad mit der russischen Exklave und fordert, dass das an Deutschland, Polen oder sonst wen herausgegeben wird. So oder \u00e4hnlich w\u00fcrde es Putin an Eurer Stelle machen. Oder weigert Ihr Euch weiterhin zu sehen, mit wem Ihr es zu tun habt? Illusionen kosten weiterhin t\u00e4glich Menschenleben.<\/p>\n\n\n\n<p>Ja, liebe Leute, nat\u00fcrlich sollte &#8222;die hohe Kunst der Diplomatie&#8220; zum Zuge kommen statt Waffengewalt. Aber sollen sich Scholz, Macron und andere westliche Politiker wieder &#8212; wie vor dem 24.2. &#8212; von Putin an einen (gef\u00fchlt) kilometerlangen Tisch setzen lassen, um ihm die B\u00fchne f\u00fcr eine weitere Machtdemonstration zu bieten? <\/p>\n\n\n\n<p>Wer bitte h\u00e4tte sich denn nach den Erfahrungen von 1938\/39 mit Hitler noch an einen Tisch setzen wollen? Niemand, nachdem er Zusagen am Konferenztisch (M\u00fcnchner Abkommen) wie in \u00f6ffentlichen Proklamationen (keine weiteren Gebietsforderungen) nicht eingehalten hatte. Im Prinzip hat Putin dieselbe Sicht wie damals Hitler auf die westlichen Demokatien: schwach, verweichlicht, uneins.<\/p>\n\n\n\n<p>Was folgt daraus? Mit einem Autokraten oder Diktator verhandelt man aus einer Position der St\u00e4rke heraus, nicht aus einer unterlegenen, um Frieden bettelnden. Daran m\u00fcssen wir uns in dieser Lage leider erinnern. Sch\u00f6ner w\u00e4re, die Lage w\u00e4re eine andere. Ist sie aber nicht.<\/p>\n\n\n\n<p>W. R.<\/p>\n\n\n\n<p><em>Nachtrag am 04.06.2022:<\/em> Es gibt immer noch Stimmen, die indirekt oder explizit Verst\u00e4ndnis f\u00fcr Putin fordern. Und Schlagzeilen in verschiedenen Medien von heute berichten, dass Frankreichs Pr\u00e4sident Macron davor warnt, Putin zu dem\u00fctigen. H\u00e4? Was soll das denn hei\u00dfen? Sollen wir leise treten und Putin blo\u00df nicht ver\u00e4rgern, sollen wir die Waffenlieferungen an die Ukraine einstellen, die Sanktionen gegen Russland fallen lassen? Was l\u00e4uft da hinter den Kulissen? <\/p>\n\n\n\n<p>Leute, denkt mal ein St\u00fcck weiter: Was soll nach dem Ende der K\u00e4mpfe passieren? Ihr, die Ihr in unzerst\u00f6rten Wohnungen auf dem Sofa sitzt und \u00fcber die Ukraine redet, solltet zuerst die betroffenen Menschen fragen, die den Krieg in der Ukraine ertragen m\u00fcssen, und die Millionen, die vor dem Krieg geflohen sind und in Polen, Tschechien, Deutschland und anderswo auf Koffern sitzen und in die Heimat zur\u00fcckkehren wollen, aber in eine Heimat, wo sich das Leben und ein Wiederaufbau lohnt.<\/p>\n\n\n\n<p>Wir hier in Deutschland sind auf jeden Fall mit viel Geld dabei. Oder glaubt Ihr an den Weihnachtsmann, einen Putin mit Rauschebart, der zu den Kindern in die Ukraine reist und gro\u00dfz\u00fcgig Wiederaufbauhilfe leistet f\u00fcr all das, was seine Truppen zerst\u00f6rt haben? Vom reinen moralischen Prinzip her gesehen, w\u00e4re Putin dazu verpflichtet, besonders nach all den Bomben und Raketen auf Wohngebiete, Krankenh\u00e4user, etc. Aber moralisch h\u00e4tte der Krieg auch gar nicht stattfinden d\u00fcrfen &#8212; daran muss man alle erinnern, das ist nicht nur Pazifisten klar, sondern auch Kennern des V\u00f6lkerrechts sowie allen einigerma\u00dfen politisch Gebildeten.<\/p>\n\n\n\n<p>Und denkt auch an die Langzeitfolgen: Das Verh\u00e4ltnis zwischen Ukrainern und Russen ist durch diesen Krieg nachhaltig schwer belastet, wahrscheinlich \u00fcber Generationen hinweg. Wer nur fordert, die russische Armee solle hinter den Stand vom 24.02.2022 zur\u00fcckgehen, und alles w\u00e4re gut, der verkennt in naiver Weise, dass damit noch keine Wunden geheilt w\u00e4ren, weder k\u00f6rperliche noch seelische. Und die weltpolitische Lage w\u00e4re auch dann nicht dieselbe wie vor dem \u00dcberfall Russlands auf die Ukraine.<\/p>\n\n\n\n<p>Wer meint, man k\u00f6nne die Ukraine ihrem Schicksal \u00fcberlassen, um Putin nicht zu ver\u00e4rgern, oder um sich wieder anderen Themen zu widmen und diesen Krieg m\u00f6glichst zu vergessen, der ist fahrl\u00e4ssig naiv: Der Untergang der Ukraine als Staat h\u00e4tte weitreichende politische Folgen, z.B. w\u00e4ren \u00e4hnliche Kriege anderer Machthaber damit dann auch toleriert und hoff\u00e4hig, der Krieg als Mittel der Politik w\u00fcrde fr\u00f6hliche Urst\u00e4nd&#8216; feiern, und die Welt w\u00fcrde ganz offiziell mit Putin ins 18. Jahrhundert zur\u00fcck marschieren. Am Ende g\u00e4be es keine internationalen Vereinbarungen mehr, die irgendjemand noch einhalten wollte.*<\/p>\n\n\n\n<p>Darum, muss ich leider sagen, ist rigoroser Pazifismus keine Option. Ebenso ist aber auch Leisetreterei gegen\u00fcber Autokraten keine gute Idee, egal, ob sie Orban, Erdogan oder sonstwie hei\u00dfen (Ihr k\u00f6nnt die Liste sicher selbst um ein paar Namen verl\u00e4ngern). Und im Zweifel muss man sich wirklich entscheiden: gute Gesch\u00e4fte und Wirtschaftsbeziehungen &#8212; oder eine einigerma\u00dfen moralisch vertretbare Politik. Wir sehen gegenw\u00e4rtig F\u00e4lle, in denen diese Wahl ansteht.<\/p>\n\n\n\n<p>_____________________<\/p>\n\n\n\n<p>* Das kann niemand hierzulande wollen &#8212; erst recht nicht angesichts unserer viele Jahre lang vernachl\u00e4ssigten Bundeswehr! Deutschland w\u00fcrde (ohne Nato-Beistand) zum Spielball von Milit\u00e4rm\u00e4chten &#8212; und m\u00fcsste eine Schweizergarde zukaufen, um sich einigerma\u00dfen verteidigen zu k\u00f6nnen. &#8212;<\/p>\n\n\n\n<p><em>Erg\u00e4nzung am 07.06.2022<\/em> zur Frage: Wie geht es weiter? &gt; <a href=\"https:\/\/www.spiegel.de\/ausland\/ukraine-krieg-noch-einer-von-wladimir-putins-endlosen-kriegen-die-in-vergessenheit-geraten-a-148700db-09b3-4280-aafc-580a979f2bfc\">Ukraine-Krieg: Noch einer von Wladimir Putins endlosen Kriegen, die in Vergessenheit geraten &#8211; DER SPIEGEL<\/a><\/p>\n\n\n\n<p><\/p>\n\n\n\n<div class=\"wp-block-image\"><figure class=\"aligncenter is-resized\"><img decoding=\"async\" loading=\"lazy\" src=\"https:\/\/www.fu-frechen.de\/wp-content\/uploads\/2013\/06\/13g+.jpg\" alt=\"Dieses Bild hat ein leeres Alt-Attribut. Der Dateiname ist 13g+.jpg\" width=\"105\" height=\"76\"\/><\/figure><\/div>\n\n\n\n<p><\/p>\n\n\n\n<p><\/p>\n","protected":false},"excerpt":{"rendered":"<p>HABT Ihr etwa geglaubt, die wegen ihres tapferen Widerstandes vielgelobten Ukrainer w\u00fcrden die Russen schon in Schach halten, ohne dass Ihr massive milit\u00e4rische Hilfe leistet? Ohne dass Ihr die hierzulande vieldiskutierten &#8222;schweren Waffen&#8220; liefert? Wer bitte soll denn den \u00fcber eine Million zu uns geflohenen Ukrainern den Weg zur\u00fcck in die Heimat er\u00f6ffnen? Habt Ihr [&hellip;]<\/p>\n","protected":false},"author":3,"featured_media":0,"comment_status":"closed","ping_status":"open","sticky":false,"template":"","format":"standard","meta":[],"categories":[1,601],"tags":[620,624,633],"_links":{"self":[{"href":"https:\/\/www.fu-frechen.de\/index.php?rest_route=\/wp\/v2\/posts\/7606"}],"collection":[{"href":"https:\/\/www.fu-frechen.de\/index.php?rest_route=\/wp\/v2\/posts"}],"about":[{"href":"https:\/\/www.fu-frechen.de\/index.php?rest_route=\/wp\/v2\/types\/post"}],"author":[{"embeddable":true,"href":"https:\/\/www.fu-frechen.de\/index.php?rest_route=\/wp\/v2\/users\/3"}],"replies":[{"embeddable":true,"href":"https:\/\/www.fu-frechen.de\/index.php?rest_route=%2Fwp%2Fv2%2Fcomments&post=7606"}],"version-history":[{"count":12,"href":"https:\/\/www.fu-frechen.de\/index.php?rest_route=\/wp\/v2\/posts\/7606\/revisions"}],"predecessor-version":[{"id":7746,"href":"https:\/\/www.fu-frechen.de\/index.php?rest_route=\/wp\/v2\/posts\/7606\/revisions\/7746"}],"wp:attachment":[{"href":"https:\/\/www.fu-frechen.de\/index.php?rest_route=%2Fwp%2Fv2%2Fmedia&parent=7606"}],"wp:term":[{"taxonomy":"category","embeddable":true,"href":"https:\/\/www.fu-frechen.de\/index.php?rest_route=%2Fwp%2Fv2%2Fcategories&post=7606"},{"taxonomy":"post_tag","embeddable":true,"href":"https:\/\/www.fu-frechen.de\/index.php?rest_route=%2Fwp%2Fv2%2Ftags&post=7606"}],"curies":[{"name":"wp","href":"https:\/\/api.w.org\/{rel}","templated":true}]}}