{"id":8018,"date":"2023-01-16T21:03:23","date_gmt":"2023-01-16T20:03:23","guid":{"rendered":"http:\/\/www.fu-frechen.de\/?p=8018"},"modified":"2023-02-20T21:43:20","modified_gmt":"2023-02-20T20:43:20","slug":"zu-themen-des-tages16-01-2023","status":"publish","type":"post","link":"https:\/\/www.fu-frechen.de\/?p=8018","title":{"rendered":"Zu Themen des Tages,16.01.2023"},"content":{"rendered":"\n<p><strong>U<\/strong>n\u00fcblich in diesem Blog, \u00e4u\u00dfere ich mich hier mal zu tagespolitischen Dingen:<br><strong>1.<\/strong> L\u00fctzerath: Nach gef\u00fchlt 2 Wochen st\u00e4ndiger &#8222;Kriegsberichterstattung&#8220; aus dem ehemaligen Dorf L\u00fctzerath im Braunkohlerevier ist erstmal Ruhe eingekehrt. Jetzt werden Details gekl\u00e4rt zum Polizeieinsatz und zu Gewaltszenen. Die Klima-Aktivisten hatten ihre maximale Aufmerksamkeit in  den Medien. So, und was weiter? Wird nun eine Diskussion er\u00f6ffnet \u00fcber Gewaltlosigkeit und Legalit\u00e4t? Wollen die Aktivisten noch eins drauflegen? Ehrlich: Mir wurde bei einigen \u00c4u\u00dferungen von Aktivisten klar, warum ich nicht Aktivist geworden bin.<br><strong>2.<\/strong> Die Gr\u00fcnen werden von mehreren Seiten angegangen, teils angefeindet. Was haben sie getan? Wer in politischer Verantwortung steht, von dem erwarte ich jedenfalls mehr als nur Klientelpolitik. PolitikerInnen im Amt m\u00fcssen Verantwortung f\u00fcr das Land und seine Bev\u00f6lkerung wahrnehmen. Das haben in meinen Augen Vertreter der Gr\u00fcnen im Bund (Ampel-Regierung) und auch in NRW getan &#8212; was man nicht von allen Anderen so sagen kann. Ich sehe bei verschiedenen Gelegenheiten eher Leute damit besch\u00e4ftigt, sich f\u00fcr Partei-Interessen einzusetzen, ihre W\u00e4hler populistisch zu mobilisieren und auf Umfragen zu schielen. Darum: Wenn es je Gr\u00fcnde gab, die Gr\u00fcnen zu unterst\u00fctzen, dann jetzt, siehe oben.<br><strong>3.<\/strong> Wann endlich bekommt die Ukraine in ausreichendem Umfang die milit\u00e4rischen Ger\u00e4te, die sie schon l\u00e4ngst h\u00e4tte haben m\u00fcssen, um die russische Armee aus dem Land zu werfen? Wie lange wollen einige Leute warten &#8212; vielleicht, bis wir die halbe Bev\u00f6lkerung der Ukraine als Kriegsfl\u00fcchtlinge aufgenommen haben? Bis Putin alle St\u00e4dte plattgemacht hat? Bis Putin zwei Drittel des Landes vermint oder in Tr\u00fcmmer gelegt hat? Was, bitte, stellt Ihr Euch vor, die Ihr den Eiertanz um &#8222;schwere Waffen&#8220; veranstaltet? Was bringt es, weiterhin alles Milit\u00e4rische &#8211; pfui, bah &#8211; zu verteufeln und Diplomatie und Verhandlungen herbeizuw\u00fcnschen bzw. zu fordern, die es ziemlich sicher erst nach schwerwiegenden milit\u00e4rischen Entscheidungen geben kann? Hallo da drau\u00dfen, wir leben nicht mehr in der Welt der fr\u00fchen 1980er Jahre (&#8222;Frieden schaffen ohne Waffen&#8220;). Ja, ich h\u00e4tte mir auch gew\u00fcnscht, Putin h\u00e4tte weniger Lust auf Kriegf\u00fchrung und menschenverachtende Brutalit\u00e4t, aber da will ein skrupelloser Machtmensch ein Gro\u00dfrussland erzwingen, egal auf wessen Kosten. Wie wollt Ihr den denn stoppen? Oder wollt Ihr ihn belohnen, nur damit Ihr Euren Frieden habt? Andere Diktatoren schauen genau hin!<\/p>\n\n\n\n<p>Soweit f\u00fcr heute.<\/p>\n\n\n\n<p>W. R.<\/p>\n\n\n\n<p><em>Zu Punkt <strong>3<\/strong> ein aktueller Nachtrag:<\/em> Zwei prominente und politisch aktive Frauen haben einen Offenen Brief an Bundeskanzler Scholz geschickt und Verhandlungen statt Waffenlieferungen gefordert. Ts, ts, ts&#8230; Im K\u00f6lner Stadt-Anzeiger vom 14.02.23 schreibt dazu Heribert M\u00fcnkler eine Kritik, die diesen Brief und seine Argumentation auf sachkundiger Basis in Grund und Boden stampft. Und kurz darauf meldet sich auch noch eine bekannte Theologin zu Wort und fordert auch ein Ende der Waffenlieferungen plus sofortige Verhandlungen. <\/p>\n\n\n\n<p>Jo, mei! Darauf schrieb ich am 19.02. einen Leserbrief:<\/p>\n\n\n\n<p class=\"has-blue-color has-text-color\">&#8222;Alle diese pazifistischen Wortmeldungen entspringen sicherlich ehrenwerten Gef\u00fchlen, doch geben sie keine rationalen Antworten auf realpolitische Fragen. So der ansonsten von mir sehr gesch\u00e4tzte Herr Precht nach dem Beginn des russischen Angriffskrieges, oder sp\u00e4ter andere hochintelligente Menschen bis hin zu Wagenknecht und Schwarzer\u2026 Es wird zwar von der &#8222;hohen Kunst der Diplomatie&#8220; gesprochen, auf die statt auf Milit\u00e4r gesetzt werden sollte, doch an diplomatischen Bem\u00fchungen hat es vor dem Krieg nicht gefehlt. Ich habe die Bilder noch vor Augen: Macron und Scholz mussten an einem gef\u00fchlt kilometerlangen Tisch Putin auf Rufweite gegen\u00fcbersitzen. Das erinnert an die diplomatischen Aktivit\u00e4ten 1938, als Politiker sich bem\u00fchten, Hitler vom Einfall in die Tschechoslowakei abzuhalten. Bekanntlich konnte damals der Friede nicht bewahrt werden, weil ein Hauptakteur nicht wollte. Und jetzt? Der Hauptakteur hat sich selbst in eine Lage man\u00f6vriert, aus der er nur mit extremer Gewaltanwendung hinauskommen k\u00f6nnte &#8212; sofern die Ukraine an Unterst\u00fctzung verliert. \u00dcbrigens: Wer von der Geschichte lernen m\u00f6chte, mag sich das Schicksal der Tschechoslowakei 1938\/39 anschauen. Wer bitte m\u00f6chte der Ukraine \u00c4hnliches zumuten &#8212; nur &#8222;um des lieben Friedens&#8220; willen, der auch f\u00fcr die Ukraine Unterwerfung und Gewaltherrschaft bedeuten w\u00fcrde?&#8220;<\/p>\n\n\n\n<p><\/p>\n\n\n\n<p><\/p>\n\n\n\n<p><br><\/p>\n\n\n\n<p><\/p>\n","protected":false},"excerpt":{"rendered":"<p>Un\u00fcblich in diesem Blog, \u00e4u\u00dfere ich mich hier mal zu tagespolitischen Dingen:1. L\u00fctzerath: Nach gef\u00fchlt 2 Wochen st\u00e4ndiger &#8222;Kriegsberichterstattung&#8220; aus dem ehemaligen Dorf L\u00fctzerath im Braunkohlerevier ist erstmal Ruhe eingekehrt. Jetzt werden Details gekl\u00e4rt zum Polizeieinsatz und zu Gewaltszenen. Die Klima-Aktivisten hatten ihre maximale Aufmerksamkeit in den Medien. So, und was weiter? Wird nun eine [&hellip;]<\/p>\n","protected":false},"author":3,"featured_media":0,"comment_status":"closed","ping_status":"open","sticky":false,"template":"","format":"standard","meta":[],"categories":[1],"tags":[655,654,624,633],"_links":{"self":[{"href":"https:\/\/www.fu-frechen.de\/index.php?rest_route=\/wp\/v2\/posts\/8018"}],"collection":[{"href":"https:\/\/www.fu-frechen.de\/index.php?rest_route=\/wp\/v2\/posts"}],"about":[{"href":"https:\/\/www.fu-frechen.de\/index.php?rest_route=\/wp\/v2\/types\/post"}],"author":[{"embeddable":true,"href":"https:\/\/www.fu-frechen.de\/index.php?rest_route=\/wp\/v2\/users\/3"}],"replies":[{"embeddable":true,"href":"https:\/\/www.fu-frechen.de\/index.php?rest_route=%2Fwp%2Fv2%2Fcomments&post=8018"}],"version-history":[{"count":9,"href":"https:\/\/www.fu-frechen.de\/index.php?rest_route=\/wp\/v2\/posts\/8018\/revisions"}],"predecessor-version":[{"id":8137,"href":"https:\/\/www.fu-frechen.de\/index.php?rest_route=\/wp\/v2\/posts\/8018\/revisions\/8137"}],"wp:attachment":[{"href":"https:\/\/www.fu-frechen.de\/index.php?rest_route=%2Fwp%2Fv2%2Fmedia&parent=8018"}],"wp:term":[{"taxonomy":"category","embeddable":true,"href":"https:\/\/www.fu-frechen.de\/index.php?rest_route=%2Fwp%2Fv2%2Fcategories&post=8018"},{"taxonomy":"post_tag","embeddable":true,"href":"https:\/\/www.fu-frechen.de\/index.php?rest_route=%2Fwp%2Fv2%2Ftags&post=8018"}],"curies":[{"name":"wp","href":"https:\/\/api.w.org\/{rel}","templated":true}]}}