{"id":8067,"date":"2023-01-28T22:46:11","date_gmt":"2023-01-28T21:46:11","guid":{"rendered":"http:\/\/www.fu-frechen.de\/?p=8067"},"modified":"2023-12-03T18:35:49","modified_gmt":"2023-12-03T17:35:49","slug":"einwurf-am-tresen","status":"publish","type":"post","link":"https:\/\/www.fu-frechen.de\/?p=8067","title":{"rendered":"Einwurf am Tresen"},"content":{"rendered":"\n<p><mark style=\"background-color:rgba(0, 0, 0, 0)\" class=\"has-inline-color has-blue-color\"><strong>G<\/strong><\/mark>estern in der Kneipe legte mal wieder einer der Stammg\u00e4ste am Tresen los:<br>&#8222;Also, diese Putin-Versteher und Scheinpazifisten, die gegen die Waffenlieferungen an die Ukraine wettern &#8212; das sind f\u00fcr mich schlicht und einfach Landesverr\u00e4ter. Doch, ja, warum? Sie fallen der Regierung, der EU, der Nato in den R\u00fccken, wo doch gerade jetzt Geschlossenheit gegen den Aggressor angesagt ist. <br>Au\u00dferdem begreife ich diese Leute nicht &#8212; oder kann ich mir einfach nur nicht vorstellen, dass man f\u00fcr Unmenschlichkeit, Brutalit\u00e4t und r\u00fccksichtslose Kriegf\u00fchrung sein kann? Wer diese Dinge, wer diesen russischen Angriffskrieg entschuldigt, der hat doch wirklich den Schuss nicht geh\u00f6rt! Was w\u00fcrden denn dieselben Leute sagen, wenn Putin sich morgen entschlie\u00dft, Raketen auf deutsche Kraftwerke und andere wichtige Versorgungseinrichtungen zu schie\u00dfen? Wenn von Russland gesteuerte Raketen und Drohnen ihre Wohnh\u00e4user zerst\u00f6rten? F\u00e4nden diese Leute daf\u00fcr dann auch noch verst\u00e4ndnisvolle Ausreden? Kann ich mir nicht vorstellen.<br>Aber so sind sie, die Leute, die bedenkenlos das Leben anderer Menschen zu opfern bereit sind, solange es sie selbst nicht trifft. Darunter sind Leute mit faschistischer Weltanschauung, die das aber nicht h\u00f6ren wollen und sich gegen die &#8222;Nazi-Keule&#8220; wehren. Das sind Leute, die nicht einmal h\u00f6ren wollen, was man unter &#8222;Faschismus&#8220; versteht &#8212; k\u00f6nnte ja sein, dass sich herausstellt, wie nahe sie dem selber stehen.<br>Jupp, machste mir noch &#8217;n K\u00f6lsch?<br>N\u00e4, wat is dat unappetitlich. Und dann zeigt mir da heute Einer auf dem Handy in den &#8222;social media&#8220; so einen Post, da wei\u00df ich nicht, ob ich weinen oder lachen soll. Da hat Einer eine ganze Reihe Zitate von Vertretern der Gr\u00fcnen-Partei zusammengestellt, die nur emp\u00f6rend sind und in denen sich diese Leute als Deutschenhasser und Ausl\u00e4nderfreunde zeigen. Im ersten Moment stutzt man und meint: Emp\u00f6rend! Und dann leitet man das spontan, wie der Absender w\u00fcnscht, an weitere Leute weiter, damit die sich auch emp\u00f6ren. <br>N\u00e4, echt, erstmal noch &#8217;nen Schluck. Ja, Jupp, noch eins.<br>Also, genau so funktionieren diese <em>social media<\/em>. Das Bl\u00f6dste und Emp\u00f6rendste wird vom Algorithmus ganz nach vorn gestellt, damit m\u00f6glichst Viele das spontan anklicken und weiterleiten. Damit wird es im Netz weiter verbreitet, selbst wenn dann festgestellt wird, dass es Bl\u00f6dsinn ist, selbst wenn es nach einer Zeit gel\u00f6scht wird (oder auch nicht).<br>Ach ja, noch zu dem Post: Ich habe mir den mal <em>genauer<\/em> angeschaut. Aber hallo: Der ist ein Lehrbeispiel f\u00fcr den Unterschied zwischen seri\u00f6sen Medien und Gesabbel in <em>social media<\/em>. N\u00e4mlich 1. sind hier Zitate &#8212; angeblich belegbare! &#8212; aufgef\u00fchrt, aber weder Datum noch Quelle des Zitats werden genannt &#8212; womit schon mal nicht \u00fcberpr\u00fcfbar ist, ob es sich \u00fcberhaupt um echte Zitate handelt. 2. Falls es wirklich unver\u00e4ndert wiedergegebene Zitate sind, fehlt der Zusammenhang, um sie einordnen zu k\u00f6nnen. 3. Da hat angeblich eine Gr\u00fcne Verst\u00e4ndnis gefordert f\u00fcr einen Asylbewerber, der eine junge Frau vergewaltigt und umgebracht hat. <br>Und jetzt <em>\u00fcberlegt<\/em> mal kurz: K\u00f6nnt Ihr Euch eine Frau vorstellen, die f\u00fcr sowas Verst\u00e4ndnis aufbringt? Nicht? Da hat sich doch glasklar der Urheber dieses Fake selbst ein Bein gestellt und ist weit \u00fcbers Ziel hinaus geschossen. Da \u00fcberschl\u00e4gt er sich in seinem Hass auf Gr\u00fcne und wohl auch auf Frauen.<br>Also, liebe Leute, ein klein wenig Grips, <strong><em>ein<\/em> <em>wenig Nachdenke<\/em><\/strong><em><strong>n<\/strong><\/em> kann verhindern, dass Ihr auf solche Fakes hereinfallt und sie ohne Einschalten des Gehirns, nur mit dem Bauch, best\u00e4tigt und weiterleitet.<br>So, darauf trinken wir noch einen.<br>\u00dcbrigens, ich krieg das Grausen, wenn ich mir vorstelle, wieviele Menschen sowas auf&#8217;m Handy lesen und gedankenlos weiterleiten. <br>Aber mach was dran! Man m\u00fcsste schon das Internet abschalten, um diesen Unfug einzud\u00e4mmen. Das passiert ja in einigen Diktaturen, aber nicht wegen Fake News, sondern um unerw\u00fcnschte Kritik zum Schweigen zu bringen.  <br>Un&#8216; ich sach noch: <strong>Augen auf und Gehirn einschalten auch im Internet! <\/strong>Da meint es l\u00e4ngst nich&#8216; jeder ehrlich &#8212; wie im richtigen Leben auch.<br>Jupp, ein Wasser, ich muss klar bleiben im Kopf. &#8212;<br>(aufgezeichnet von W. R.)<br><em><br>Nachbemerkung von W. R.:<\/em> Die Sache mit der (offensichtlich erfundenen) verst\u00e4ndnisvollen Gr\u00fcnen-Frau verr\u00e4t, aus welcher Ecke dieser Post stammt. Muss ich das noch erl\u00e4utern? Ihr wisst sicher selbst, dass solche Fantasien am ehesten im Milieu von Rechtsradikalen, Verquerdenkern, Putin-Freunden etc. zu finden sind, eine Mischpoke, die sich gern auf prorussischen Demos zusammenfindet &#8230;<\/p>\n\n\n\n<p><em>Nachtrag am 31.01.23:<\/em> Der oben zerpfl\u00fcckte Post zeigt 1. dass sich der Urheber nicht in Frauen hineindenken kann oder will, die M\u00fche macht er sich gar nicht, und schon deshalb kommt Stuss dabei heraus; 2. dass der ganze Anti-Gr\u00fcnen-Post voll auf der AfD- und Maa\u00dfen-Linie liegt. Ihr habt doch geh\u00f6rt, was H. G. Maa\u00dfen vor wenigen Tagen von sich gegeben hat, oder?. Wenn Einer von einer &#8222;rot-gr\u00fcnen Rassenlehre&#8220; faselt, dann schie\u00dft er sich selbst ins Abseits.* Das kann man nicht ernst nehmen, zugleich aber auch nicht tolerieren  Zu Recht hat der Parteivorsitzende der CDU daraufhin Maa\u00dfen aufgefordert, die Partei zu verlassen. Und die sogenannte Werte-Union hat sich mit der Wahl dieses Vorsitzenden auch in AfD-N\u00e4he positioniert.<\/p>\n\n\n\n<p> * Wer \u00fcberhaupt ernsthaft von <em>Rassenlehre<\/em> spricht, benutzt eindeutig Nazi-Vokabular. Das muss gerade ein Maa\u00dfen als ehemaliger Pr\u00e4sident des Verfassungsschutzes wissen. Daher war das kein Versehen, sondern bewusste Ansprache eines rechtsgerichteten Milieus. <\/p>\n\n\n\n<p>Nicht zu vergessen: Man sollte immer darauf hinweisen, dass der Begriff &#8222;Rasse&#8220; falsch ist, wenn es um Menschen geht. Das kann Euch jeder Biologe und jede Medizinerin erkl\u00e4ren, sofern sie nicht von rechten Gift-Parolen infiziert sind. Es gibt auch im Hinblick auf die Genforschung keine &#8222;Rassen&#8220;-Unterschiede zwischen Menschen verschiedener Kontinente oder Hautfarbe etc. Aber wie beim Klimawandel versuchen immer ein paar Leute, die Ergebnisse der Wissenschaft zu ignorieren oder scheinbar zu &#8222;widerlegen&#8220;. Sowas wie &#8222;Rassenlehre&#8220; ist nichts weiter als der vergebliche Versuch, Diskriminierung und Ausgrenzung, Kolonialismus und Sklaverei irgendwie sachlich zu begr\u00fcnden. Und einige Unbelehrbare klammern sich weiter verzweifelt an die liebgewonnene Vorstellung, sie geh\u00f6rten einer &#8222;\u00fcberlegenen wei\u00dfen Rasse&#8220; an. Diese Selbsterh\u00f6hung auf Kosten Anderer ist ein moralischer Defekt, wenn nicht bei Manchen sogar ein psychischer.<\/p>\n\n\n\n<p><br><\/p>\n","protected":false},"excerpt":{"rendered":"<p>Gestern in der Kneipe legte mal wieder einer der Stammg\u00e4ste am Tresen los:&#8222;Also, diese Putin-Versteher und Scheinpazifisten, die gegen die Waffenlieferungen an die Ukraine wettern &#8212; das sind f\u00fcr mich schlicht und einfach Landesverr\u00e4ter. Doch, ja, warum? Sie fallen der Regierung, der EU, der Nato in den R\u00fccken, wo doch gerade jetzt Geschlossenheit gegen den [&hellip;]<\/p>\n","protected":false},"author":3,"featured_media":0,"comment_status":"closed","ping_status":"open","sticky":false,"template":"","format":"standard","meta":[],"categories":[1],"tags":[624],"_links":{"self":[{"href":"https:\/\/www.fu-frechen.de\/index.php?rest_route=\/wp\/v2\/posts\/8067"}],"collection":[{"href":"https:\/\/www.fu-frechen.de\/index.php?rest_route=\/wp\/v2\/posts"}],"about":[{"href":"https:\/\/www.fu-frechen.de\/index.php?rest_route=\/wp\/v2\/types\/post"}],"author":[{"embeddable":true,"href":"https:\/\/www.fu-frechen.de\/index.php?rest_route=\/wp\/v2\/users\/3"}],"replies":[{"embeddable":true,"href":"https:\/\/www.fu-frechen.de\/index.php?rest_route=%2Fwp%2Fv2%2Fcomments&post=8067"}],"version-history":[{"count":10,"href":"https:\/\/www.fu-frechen.de\/index.php?rest_route=\/wp\/v2\/posts\/8067\/revisions"}],"predecessor-version":[{"id":8641,"href":"https:\/\/www.fu-frechen.de\/index.php?rest_route=\/wp\/v2\/posts\/8067\/revisions\/8641"}],"wp:attachment":[{"href":"https:\/\/www.fu-frechen.de\/index.php?rest_route=%2Fwp%2Fv2%2Fmedia&parent=8067"}],"wp:term":[{"taxonomy":"category","embeddable":true,"href":"https:\/\/www.fu-frechen.de\/index.php?rest_route=%2Fwp%2Fv2%2Fcategories&post=8067"},{"taxonomy":"post_tag","embeddable":true,"href":"https:\/\/www.fu-frechen.de\/index.php?rest_route=%2Fwp%2Fv2%2Ftags&post=8067"}],"curies":[{"name":"wp","href":"https:\/\/api.w.org\/{rel}","templated":true}]}}