{"id":8190,"date":"2023-03-18T15:34:42","date_gmt":"2023-03-18T14:34:42","guid":{"rendered":"https:\/\/www.fu-frechen.de\/?p=8190"},"modified":"2023-04-01T22:03:34","modified_gmt":"2023-04-01T20:03:34","slug":"an-ihren-taten","status":"publish","type":"post","link":"https:\/\/www.fu-frechen.de\/?p=8190","title":{"rendered":"An ihren Taten&#8230;"},"content":{"rendered":"\n<p class=\"has-drop-cap has-small-font-size\"><strong>DIE<\/strong> zunehmende globale Klimaver\u00e4nderung w\u00e4chst sich in einigen Regionen bereits zur Katastrophe aus, Jede und Jeder wei\u00df es &#8212; bis auf ein paar hartn\u00e4ckige Leugner, die stur-besserwisserisch die Erkenntnisse der Wissenschaft ignorieren und sich lieber in Verschw\u00f6rungsfantasien verlieren&#8230; und dazu ein paar geistige Tiefflieger, die nur glauben, was sie zu sehen glauben, n\u00e4mlich dass die Erde eine Scheibe sei und Sol mit dem Sonnenwagen tags\u00fcber \u00fcber den Himmel f\u00e4hrt.<br>So einen Sonnenwagen, befeuert mit E-Fuels, malt uns unser derzeitiger Verkehrsminister Wissing (FDP) an den Himmel und will uns das als Alternative zur Abschaffung der Verbrenner-Motoren in Autos verkaufen. Sein Motto: Was schert mich Europa, wenn ich ein parteipolitisches S\u00fcppchen kochen kann!<br>Ich habe besonnene und gut informierte Leute reden h\u00f6ren, wie sie im Gespr\u00e4ch fragten: Ist dieser Verkehrsminister noch bei Verstand? In einer Wahlkampfrede in Hessen bezeichnet er alle Kritik an seinen Pl\u00e4nen als &#8222;Klima-Blabla.&#8220; Geht&#8217;s noch verbohrter? Ist dieser Minister \u00fcberhaupt politikf\u00e4hig, oder muss man gar noch schlimmere Defizite bef\u00fcrchten?<br>Und seine Partei, die FDP? Selbst den meisten Porsche- und SUV-Fahrern, so sie bei Verstand sind, muss dieser Mann langsam unheimlich werden. Ich verzichte auf ausf\u00fchrliche Begr\u00fcndung, es gen\u00fcgen die Stichworte Tempolimit, Autobahnausbau, DB. Wissings Markenzeichen ist das Geisterfahren gegen Klimaschutz, gegen Empfehlungen der Fachleute, und gegen EU-Beschl\u00fcsse.<br>Die <em>FDP<\/em> soll sich blo\u00df nicht erdreisten, sich als gute Europ\u00e4er darzustellen. Ich erinnere mich an einen Europa-Wahlkampf zur Zeit der rot-gr\u00fcnen Schr\u00f6der-Regierung, in dem die FDP Plakate klebte mit dem Slogan: &#8222;Denkzettel f\u00fcr Berlin!&#8220; Ich war entgeistert dar\u00fcber, wie unverfroren da eine Wahl f\u00fcr das Europaparlament missbraucht wurde, um innerdeutsche Stimmung gegen die Bundesregierung zu machen: Das wollen aufrechte Demokraten sein? dachte ich. Die sind doch blo\u00df populistisch unterwegs und nutzen mangelnde Kenntnisse in der W\u00e4hlerschaft f\u00fcr egoistische Zwecke, anstatt sie \u00fcber den Sinn dieser Wahl aufzukl\u00e4ren.<br>Das ist Schnee von gestern? F\u00fcr mich nicht. <em><strong>An ihren Taten sollt ihr sie erkennen<\/strong><\/em>, danach beurteile ich PolitikerInnen und Parteien. Wissing hat sich soeben in Br\u00fcssel als Saboteur einer europ\u00e4ischen Einigung gezeigt, die schon ausgehandelt war (was in Europa oft m\u00fchsam genug ist). <br>Wer wundert sich angesichts solcher Politik dar\u00fcber, dass die &#8222;Letzte Generation&#8220; nicht aufh\u00f6rt, sich auf belebten Stra\u00dfen festzukleben? Es w\u00fcrde aber treffsicherer wirken, wenn sie sich z.B. an die Dienstwagen von Wissing und Lindner klebten. Denn die bisherigen Aktionen m\u00f6gen zwar mediale Aufmerksamkeit sichern, aber Einiges erscheint mir nicht so zielf\u00fchrend, wie es im Furor der Weltrettung beabsichtigt ist.<br>Leider hatten wir in letzter Zeit mehrere n\u00e4rrische Verkehrsminister, die das Ressort f\u00fcr egoistische Parteipolitik genutzt haben statt f\u00fcr das Gemeinwohl. Ist das der Preis f\u00fcr ein Demokratie-System, das auf Parteien setzt und im Zweifel auf Koalitionsregierungen, die durch Kompromisse zustande kommen? So scheint es, und in anderen Staaten mit einem demokratischen System l\u00e4uft es nicht unbedingt besser. <br>Churchill sagte: &#8222;Demokratie ist die schlechteste Regierungsform&#8230;&#8220; Und irgendwann f\u00fcgte er hinzu: &#8222;Aber ich kenne keine bessere.&#8220; Den Fans von autorit\u00e4ren Regierungen bzw. Diktaturen kann ich nur raten: Schaut Euch die Sache vom Ende her an. Ein Putin, der davon tr\u00e4umt, Russland zu alter historischer Gr\u00f6\u00dfe zur\u00fcckzuf\u00fchren, f\u00fchrt Russland in den Niedergang. Ein Hitler, der gr\u00f6\u00dfter Feldherr aller Zeiten sein wollte, lie\u00df Deutschland verkleinert und in Tr\u00fcmmern zur\u00fcck. Beide sorgen daf\u00fcr, dass ihr Volk einen hohen Blutzoll zahlt &#8212; und f\u00fcr was? <\/p>\n\n\n\n<p>Dabei haben wir, die V\u00f6lker dieser Welt, doch ganz andere Probleme, die weder durch Krieg noch durch Wegsehen, sondern nur durch internationale Zusammenarbeit gel\u00f6st werden k\u00f6nnen. Aber solange die falschen Leute auf wichtigen Posten sitzen, muss man bef\u00fcrchten, dass wir viel zu langsam an L\u00f6sungen herangehen. Dem alles \u00fcberschattenden Klimaproblem ist mit halbherzigen Ma\u00dfnahmen nicht beizukommen. Wir sehen das doch fast t\u00e4glich in den Nachrichten. Und das Problem w\u00e4chst rasant, w\u00e4hrend manche Leute immer noch Volksverdummung spielen und wichtige Ma\u00dfnahmen ausbremsen. <\/p>\n\n\n\n<p>W. R. <\/p>\n\n\n\n<p>In Sachen &#8222;Verbrenner&#8220; und Energiepolitik lesen wir Deutliches in diesem Beitrag vom 19.02.2023: <a href=\"https:\/\/www.spiegel.de\/wissenschaft\/mensch\/konservative-energiepolitik-mit-vollgas-in-die-falsche-richtung-kolumne-a-8febc1ea-29b0-4498-af56-fdc770e0201b\">Konservative Energiepolitik: Mit Vollgas in die falsche Richtung &#8211; Kolumne &#8211; DER SPIEGEL<\/a> <\/p>\n\n\n\n<p>Was der Klimawandel f\u00fcr Europa bedeutet (das sich im Vergleich zu anderen Kontinenten besonders stark erw\u00e4rmt), zeigt z.B. diese Meldung: <a href=\"https:\/\/www.spiegel.de\/ausland\/spanien-hat-angst-vor-der-sonne-a-a9417f5d-65b9-43e3-a004-082acb6adaf8\">Spanien hat Angst vor der Sonne &#8211; DER SPIEGEL<\/a><\/p>\n\n\n\n<figure class=\"is-layout-flex wp-block-gallery-1 wp-block-gallery has-nested-images columns-default is-cropped\"><\/figure>\n\n\n\n<p><\/p>\n\n\n\n<figure class=\"is-layout-flex wp-block-gallery-3 wp-block-gallery aligncenter has-nested-images columns-default is-cropped\"><\/figure>\n\n\n\n<p> <\/p>\n","protected":false},"excerpt":{"rendered":"<p>DIE zunehmende globale Klimaver\u00e4nderung w\u00e4chst sich in einigen Regionen bereits zur Katastrophe aus, Jede und Jeder wei\u00df es &#8212; bis auf ein paar hartn\u00e4ckige Leugner, die stur-besserwisserisch die Erkenntnisse der Wissenschaft ignorieren und sich lieber in Verschw\u00f6rungsfantasien verlieren&#8230; und dazu ein paar geistige Tiefflieger, die nur glauben, was sie zu sehen glauben, n\u00e4mlich dass die [&hellip;]<\/p>\n","protected":false},"author":3,"featured_media":0,"comment_status":"closed","ping_status":"open","sticky":false,"template":"","format":"standard","meta":[],"categories":[1,530,637,636,544],"tags":[356,614,507,624],"_links":{"self":[{"href":"https:\/\/www.fu-frechen.de\/index.php?rest_route=\/wp\/v2\/posts\/8190"}],"collection":[{"href":"https:\/\/www.fu-frechen.de\/index.php?rest_route=\/wp\/v2\/posts"}],"about":[{"href":"https:\/\/www.fu-frechen.de\/index.php?rest_route=\/wp\/v2\/types\/post"}],"author":[{"embeddable":true,"href":"https:\/\/www.fu-frechen.de\/index.php?rest_route=\/wp\/v2\/users\/3"}],"replies":[{"embeddable":true,"href":"https:\/\/www.fu-frechen.de\/index.php?rest_route=%2Fwp%2Fv2%2Fcomments&post=8190"}],"version-history":[{"count":17,"href":"https:\/\/www.fu-frechen.de\/index.php?rest_route=\/wp\/v2\/posts\/8190\/revisions"}],"predecessor-version":[{"id":8237,"href":"https:\/\/www.fu-frechen.de\/index.php?rest_route=\/wp\/v2\/posts\/8190\/revisions\/8237"}],"wp:attachment":[{"href":"https:\/\/www.fu-frechen.de\/index.php?rest_route=%2Fwp%2Fv2%2Fmedia&parent=8190"}],"wp:term":[{"taxonomy":"category","embeddable":true,"href":"https:\/\/www.fu-frechen.de\/index.php?rest_route=%2Fwp%2Fv2%2Fcategories&post=8190"},{"taxonomy":"post_tag","embeddable":true,"href":"https:\/\/www.fu-frechen.de\/index.php?rest_route=%2Fwp%2Fv2%2Ftags&post=8190"}],"curies":[{"name":"wp","href":"https:\/\/api.w.org\/{rel}","templated":true}]}}