{"id":8274,"date":"2023-04-23T11:38:26","date_gmt":"2023-04-23T09:38:26","guid":{"rendered":"https:\/\/www.fu-frechen.de\/?p=8274"},"modified":"2023-07-10T14:44:23","modified_gmt":"2023-07-10T12:44:23","slug":"tag-des-buches","status":"publish","type":"post","link":"https:\/\/www.fu-frechen.de\/?p=8274","title":{"rendered":"Tag des Buches"},"content":{"rendered":"\n<p>&#8230; und mutma\u00dflich Geburtstag von William Shakespeare. <\/p>\n\n\n\n<p>Mehr zum Buch und zu B\u00fcchern finden Sie auf der Unterseite <em>FUF-Bibliothek<\/em>, zu Shakespeare auf <em>This Wooden O<\/em>.<\/p>\n\n\n\n<p>Auch zu erw\u00e4hnen: <\/p>\n\n\n\n<p> <strong>&#8212;<\/strong> In Leipzig l\u00e4uft derzeit die Buchmesse &gt; <a href=\"https:\/\/www.leipziger-buchmesse.de\/de\/\">Leipziger Buchmesse 2023 | Leipziger Buchmesse<\/a> <\/p>\n\n\n\n<p> <strong>&#8212;<\/strong> In K\u00f6ln l\u00e4uft eine Ausstellung mit dem und rund um das K\u00f6lner Exemplar des <em>First Folio<\/em> von 1623, der ersten gedruckten Sammlung von Shakespeares Werken.<\/p>\n\n\n\n<p> <strong>&#8212;<\/strong> Am Dienstag, 25.04.23, l\u00e4uft im TV auf Arte die interessante Sendung: &#8222;B\u00fccher, die Hitler nicht verbrannte.&#8220; Es geht um Forschungen rund um Hitlers Privatbibliothek.*<\/p>\n\n\n\n<p class=\"has-text-align-center\"><img decoding=\"async\" loading=\"lazy\" width=\"1093\" height=\"680\" class=\"wp-image-8294\" style=\"width: 150px;\" src=\"https:\/\/www.fu-frechen.de\/wp-content\/uploads\/2023\/04\/1b.jpg\" alt=\"\" srcset=\"https:\/\/www.fu-frechen.de\/wp-content\/uploads\/2023\/04\/1b.jpg 1093w, https:\/\/www.fu-frechen.de\/wp-content\/uploads\/2023\/04\/1b-300x187.jpg 300w, https:\/\/www.fu-frechen.de\/wp-content\/uploads\/2023\/04\/1b-1024x637.jpg 1024w, https:\/\/www.fu-frechen.de\/wp-content\/uploads\/2023\/04\/1b-768x478.jpg 768w, https:\/\/www.fu-frechen.de\/wp-content\/uploads\/2023\/04\/1b-624x388.jpg 624w\" sizes=\"(max-width: 1093px) 100vw, 1093px\" \/><\/p>\n\n\n\n<p>Au\u00dferdem, in eigener Sache:<\/p>\n\n\n\n<p class=\"has-medium-font-size\">Heute vor genau 10 Jahren ging diese Website <em> fu-frechen.de<\/em>  online.<\/p>\n\n\n\n<p>S. R. <\/p>\n\n\n\n<p> * Der Beitrag ist in der Mediathek abrufbar: <a href=\"https:\/\/www.arte.tv\/de\/videos\/100242-000-A\/die-buecher-die-hitler-nicht-verbrannte\/\">Die B\u00fccher, die Hitler nicht verbrannte &#8211; Die ganze Doku | ARTE<\/a> <\/p>\n\n\n\n<p>\u00dcbrigens zeigt dieser hoch informative Film auch, dass Lesen an sich nicht zwangsl\u00e4ufig kl\u00fcger oder moralisch reifer oder toleranter macht. Es kommt darauf an, wie und mit welcher Grundeinstellung man die gelesenen Inhalte zur Kenntnis nimmt, sie einordnet und bewertet. <\/p>\n\n\n\n<p>In diesem Zusammenhang hatte ich einmal ein denkw\u00fcrdiges Erlebnis: Ich hatte vor l\u00e4ngerer Zeit das gleiche Buch gelesen wie ein Bekannter, und als ich sein Exemplar aufschlug und seine Anstreichungen im Text sah, fiel mir auf, dass er ganz andere Passagen oder S\u00e4tze markiert hatte als ich in meinem Exemplar. Es handelte sich um ein Buch mit psychologischem Ansatz und gesellschaftspolitischen Aussagen, und ich dachte, da kann es doch kaum Zweifel dar\u00fcber geben, was der Autor sagen will. Ich fragte mich: Wie kann das sein, dass zwei Leser unterschiedliche Aussagen aus dem Text f\u00fcr wichtig bzw. besonders aussagekr\u00e4ftig halten? <\/p>\n\n\n\n<p>Der oben empfohlene Film macht jedenfalls unmissverst\u00e4ndlich deutlich: Rassismus, insbesondere Antisemitismus, war kein Sonder- oder Randph\u00e4nomen in Europa, vielmehr war Rassismus schon in der europ\u00e4ischen Aufkl\u00e4rung aufgekommen und verst\u00e4rkte sich im Laufe des 19. Jahrhunderts (weil man so Kolonialismus und Imperialismus mit einer scheinbar wissenschaftlich gest\u00fctzten &#8222;Rassentheorie&#8220; entschuldigen konnte). Er war Bestandteil der europ\u00e4ischen Geistesgeschichte und ist keineswegs durch den Zusammenbruch des NS-Regimes 1945 aus Europa verschwunden, ebenso wenig wie in den USA. Mehr im besagten Film! &#8212;<\/p>\n\n\n\n<p class=\"has-text-align-center\"><img decoding=\"async\" loading=\"lazy\" width=\"286\" height=\"213\" class=\"wp-image-8215\" style=\"width: 120px;\" src=\"https:\/\/www.fu-frechen.de\/wp-content\/uploads\/2023\/03\/1v-Vign.-wr-1.jpg\" alt=\"\"><\/p>\n","protected":false},"excerpt":{"rendered":"<p>&#8230; und mutma\u00dflich Geburtstag von William Shakespeare. Mehr zum Buch und zu B\u00fcchern finden Sie auf der Unterseite FUF-Bibliothek, zu Shakespeare auf This Wooden O. Auch zu erw\u00e4hnen: &#8212; In Leipzig l\u00e4uft derzeit die Buchmesse &gt; Leipziger Buchmesse 2023 | Leipziger Buchmesse &#8212; In K\u00f6ln l\u00e4uft eine Ausstellung mit dem und rund um das K\u00f6lner [&hellip;]<\/p>\n","protected":false},"author":3,"featured_media":5400,"comment_status":"closed","ping_status":"open","sticky":false,"template":"","format":"standard","meta":[],"categories":[1],"tags":[663,662],"_links":{"self":[{"href":"https:\/\/www.fu-frechen.de\/index.php?rest_route=\/wp\/v2\/posts\/8274"}],"collection":[{"href":"https:\/\/www.fu-frechen.de\/index.php?rest_route=\/wp\/v2\/posts"}],"about":[{"href":"https:\/\/www.fu-frechen.de\/index.php?rest_route=\/wp\/v2\/types\/post"}],"author":[{"embeddable":true,"href":"https:\/\/www.fu-frechen.de\/index.php?rest_route=\/wp\/v2\/users\/3"}],"replies":[{"embeddable":true,"href":"https:\/\/www.fu-frechen.de\/index.php?rest_route=%2Fwp%2Fv2%2Fcomments&post=8274"}],"version-history":[{"count":11,"href":"https:\/\/www.fu-frechen.de\/index.php?rest_route=\/wp\/v2\/posts\/8274\/revisions"}],"predecessor-version":[{"id":8432,"href":"https:\/\/www.fu-frechen.de\/index.php?rest_route=\/wp\/v2\/posts\/8274\/revisions\/8432"}],"wp:featuredmedia":[{"embeddable":true,"href":"https:\/\/www.fu-frechen.de\/index.php?rest_route=\/wp\/v2\/media\/5400"}],"wp:attachment":[{"href":"https:\/\/www.fu-frechen.de\/index.php?rest_route=%2Fwp%2Fv2%2Fmedia&parent=8274"}],"wp:term":[{"taxonomy":"category","embeddable":true,"href":"https:\/\/www.fu-frechen.de\/index.php?rest_route=%2Fwp%2Fv2%2Fcategories&post=8274"},{"taxonomy":"post_tag","embeddable":true,"href":"https:\/\/www.fu-frechen.de\/index.php?rest_route=%2Fwp%2Fv2%2Ftags&post=8274"}],"curies":[{"name":"wp","href":"https:\/\/api.w.org\/{rel}","templated":true}]}}