{"id":8315,"date":"2023-05-16T12:58:03","date_gmt":"2023-05-16T10:58:03","guid":{"rendered":"https:\/\/www.fu-frechen.de\/?p=8315"},"modified":"2023-05-16T12:58:03","modified_gmt":"2023-05-16T10:58:03","slug":"18-mai-1848","status":"publish","type":"post","link":"https:\/\/www.fu-frechen.de\/?p=8315","title":{"rendered":"18. Mai 1848"},"content":{"rendered":"\n<p class=\"has-drop-cap\">E<strong>IN<\/strong> besonderes Datum der deutschen Geschichte! Es markiert einen Meilenstein der Demokratie-Geschichte, oder konkret: der Mitsprache der Bev\u00f6lkerung in der Politik, denn Politik wurde bis dahin ganz selbstverst\u00e4ndlich nur von f\u00fcrstlichen Landesherren und ihren Ministern gemacht. &#8222;Das Volk&#8220;, auf das die F\u00fcrsten ver\u00e4chtlich herabsahen, hatte nichts zu melden, aber alle Folgen der Politik zu erdulden, auch das Sterben auf Schlachtfeldern. <\/p>\n\n\n\n<p>Im Jahr 1848 nahm ein Gro\u00dfteil der Bev\u00f6lkerung das nicht mehr hin, es gab wieder einmal Revolutionen in Europa, in deutschen Staaten verlangte man Wahlen f\u00fcr eine Nationalversammmlung, die als gesamtdeutsches Parlament eine Verfassung ausarbeiten sollte. Als Ergebnis dieser Wahlen trat am 18. Mai in Frankfurt am Main in der Paulskirche das erste gew\u00e4hlte deutsche Parlament zu seiner konstituierenden Sitzung zusammen.<\/p>\n\n\n\n<p class=\"has-text-align-center\"><img decoding=\"async\" loading=\"lazy\" width=\"2001\" height=\"2560\" class=\"wp-image-8318\" style=\"width: 400px;\" src=\"https:\/\/www.fu-frechen.de\/wp-content\/uploads\/2023\/05\/1c-1991-byG.-scaled.jpg\" alt=\"\" srcset=\"https:\/\/www.fu-frechen.de\/wp-content\/uploads\/2023\/05\/1c-1991-byG.-scaled.jpg 2001w, https:\/\/www.fu-frechen.de\/wp-content\/uploads\/2023\/05\/1c-1991-byG.-234x300.jpg 234w, https:\/\/www.fu-frechen.de\/wp-content\/uploads\/2023\/05\/1c-1991-byG.-800x1024.jpg 800w, https:\/\/www.fu-frechen.de\/wp-content\/uploads\/2023\/05\/1c-1991-byG.-768x983.jpg 768w, https:\/\/www.fu-frechen.de\/wp-content\/uploads\/2023\/05\/1c-1991-byG.-1201x1536.jpg 1201w, https:\/\/www.fu-frechen.de\/wp-content\/uploads\/2023\/05\/1c-1991-byG.-1601x2048.jpg 1601w, https:\/\/www.fu-frechen.de\/wp-content\/uploads\/2023\/05\/1c-1991-byG.-624x798.jpg 624w\" sizes=\"(max-width: 2001px) 100vw, 2001px\" \/><\/p>\n\n\n\n<p>Mehr zum historischen Hintergrund erfahren Sie z.B. hier: &gt;<a href=\"https:\/\/www.demokratiegeschichten.de\/18-mai-1848-eroeffnung-der-frankfurter-nationalversammlung\/\">18. Mai 1848: Er\u00f6ffnung der Frankfurter Nationalversammlung &#8211; Demokratiegeschichten<\/a> und hier: &gt;<a href=\"https:\/\/www.bundestag.de\/parlament\/geschichte\/parlamentarismus\/1848\">Deutscher Bundestag &#8211; Revolution und Frankfurter Nationalversammlung 1848\/1849<\/a><\/p>\n\n\n\n<p>Bild oben: Der S.R. an der Paulskirche, Anfang der 1990er Jahre; Foto: G. Dix<\/p>\n\n\n\n<p><\/p>\n","protected":false},"excerpt":{"rendered":"<p>EIN besonderes Datum der deutschen Geschichte! Es markiert einen Meilenstein der Demokratie-Geschichte, oder konkret: der Mitsprache der Bev\u00f6lkerung in der Politik, denn Politik wurde bis dahin ganz selbstverst\u00e4ndlich nur von f\u00fcrstlichen Landesherren und ihren Ministern gemacht. &#8222;Das Volk&#8220;, auf das die F\u00fcrsten ver\u00e4chtlich herabsahen, hatte nichts zu melden, aber alle Folgen der Politik zu erdulden, [&hellip;]<\/p>\n","protected":false},"author":3,"featured_media":0,"comment_status":"closed","ping_status":"open","sticky":false,"template":"","format":"standard","meta":[],"categories":[1],"tags":[],"_links":{"self":[{"href":"https:\/\/www.fu-frechen.de\/index.php?rest_route=\/wp\/v2\/posts\/8315"}],"collection":[{"href":"https:\/\/www.fu-frechen.de\/index.php?rest_route=\/wp\/v2\/posts"}],"about":[{"href":"https:\/\/www.fu-frechen.de\/index.php?rest_route=\/wp\/v2\/types\/post"}],"author":[{"embeddable":true,"href":"https:\/\/www.fu-frechen.de\/index.php?rest_route=\/wp\/v2\/users\/3"}],"replies":[{"embeddable":true,"href":"https:\/\/www.fu-frechen.de\/index.php?rest_route=%2Fwp%2Fv2%2Fcomments&post=8315"}],"version-history":[{"count":6,"href":"https:\/\/www.fu-frechen.de\/index.php?rest_route=\/wp\/v2\/posts\/8315\/revisions"}],"predecessor-version":[{"id":8322,"href":"https:\/\/www.fu-frechen.de\/index.php?rest_route=\/wp\/v2\/posts\/8315\/revisions\/8322"}],"wp:attachment":[{"href":"https:\/\/www.fu-frechen.de\/index.php?rest_route=%2Fwp%2Fv2%2Fmedia&parent=8315"}],"wp:term":[{"taxonomy":"category","embeddable":true,"href":"https:\/\/www.fu-frechen.de\/index.php?rest_route=%2Fwp%2Fv2%2Fcategories&post=8315"},{"taxonomy":"post_tag","embeddable":true,"href":"https:\/\/www.fu-frechen.de\/index.php?rest_route=%2Fwp%2Fv2%2Ftags&post=8315"}],"curies":[{"name":"wp","href":"https:\/\/api.w.org\/{rel}","templated":true}]}}