{"id":8324,"date":"2023-05-28T21:15:41","date_gmt":"2023-05-28T19:15:41","guid":{"rendered":"https:\/\/www.fu-frechen.de\/?p=8324"},"modified":"2023-06-11T16:51:17","modified_gmt":"2023-06-11T14:51:17","slug":"8324","status":"publish","type":"post","link":"https:\/\/www.fu-frechen.de\/?p=8324","title":{"rendered":"Dies ist ein freies Land"},"content":{"rendered":"\n<p class=\"has-drop-cap\">Gestern geh\u00f6rt in meiner Stammkneipe am Tresen (vgl. 28.1.23, Einwurf am Tresen):<\/p>\n\n\n\n<p> <br>Jupp, erstmal ein K\u00f6lsch, und zapp mir gleich auch das n\u00e4chste. Danke!<\/p>\n\n\n\n<p>Sagt mal, liebe Bierfreunde, leben wir eigentlich schon im 21. Jahrhundert? Ich h\u00f6re die K\u00f6pfe von Politikern im Fernsehen ihre Spr\u00fcche ablassen und komme mir vor wie in einer Vorstellung im Volkstheater des vorigen Jahrhunderts. Soviel Populismus von Leuten, die ihre Intelligenz dazu einsetzen, die Menschen im Lande dumm zu schw\u00e4tzen! Leute wie S\u00f6der, Merz, Lindner und Konsorten haben in Hinterzimmern abgesprochen, mit welchen Vokabeln und Floskeln sie die Menschen verwirren, ablenken und f\u00fcr dumm verkaufen k\u00f6nnten. Beispiel: Atomkraftwerke brauchen wir angeblich weiterhin, sie liefern angeblich auch billigen Strom, sind auch gar nicht gef\u00e4hrlich, und mit viel Technologieoffenheit machen wir einfach weiter so, weil uns irgendwann neue Erfindungen von l\u00e4stigen Problemen wie Atomm\u00fcll-Endlagersuche und anderen befreien werden. Ja, Ihr m\u00fcsst nur daran glauben! <\/p>\n\n\n\n<p>&#8222;Technologie-Offenheit&#8220; ist so eine nichtssagende Worth\u00fclse, mit der man Leute beruhigen und auf bl\u00fchende Landschaften der Zukunft vertr\u00f6sten will. Ich kann&#8217;s nicht mehr h\u00f6ren. Apropos H\u00f6ren: Unsere PolitikerInnen von CDU\/CSU, FDP und AfD wollen es auch nicht h\u00f6ren, dass das Weiter-So in der Politik uns auf einen Abgrund zufahren l\u00e4sst. Sie h\u00f6ren einfach weg, wollen kein &#8222;Klima-Blabla&#8220; h\u00f6ren, wie es Bundesverkehrsminister Wissing (FDP) neulich in einer Wahlkampfrede in Hessen sagte. Wenn das kein Skandal ist &#8212; aber stattdessen wird ein Trauzeuge zur Staatsaff\u00e4re, der sich nichts hat zu schulden kommen lassen&#8230; Dem Staat ist dabei kein Schaden entstanden, wohl eher im Gegenteil. Aber man darf eine Maut in den Sand setzen und Steuergelder zum Fenster hinaus werfen, alles nicht schlimm, wenn man von den Unionsparteien gedeckt wird. Wenn sie aber die Gr\u00fcnen attackieren, ist alles recht, was in den Medien aufgeblasen werden kann. <\/p>\n\n\n\n<p>Jupp, schnell das n\u00e4chste, ich muss mir dringend die Politik sch\u00f6n trinken!<\/p>\n\n\n\n<p>Und wer wundert sich noch, dass die bundesweite Polizeiaktion mit Razzien gegen die &#8222;Letzte Generation&#8220; ausgerechnet von einer Staatsanwaltschaft in Bayern ausging? Da ist rein zuf\u00e4llig Wahlkampf, S\u00f6der will ein Law-and-Order-Profil zeigen. Was hat der nicht schon alles f\u00fcr Profile gezeigt, wenn es um Wahlkampf und Kampagnen ging! Der macht einen Wind, davon k\u00f6nnten zig Windr\u00e4der rund um die Uhr laufen &#8212; wenn es sie denn in Bayern g\u00e4be!<\/p>\n\n\n\n<p>Echt, Leute, ich find&#8217;s nicht mehr zum Lachen! Diese gezielte Dummschw\u00e4tzerei verf\u00e4ngt bei zu vielen Leuten, wie man an diversen Wahlergebnissen sieht. Von Umfragen will ich gar nicht reden, die werden auch am liebsten dann zitiert, wenn man den Gr\u00fcnen schwindenden R\u00fcckhalt in der Bev\u00f6lkerung nachsagen kann. <\/p>\n\n\n\n<p>Ist doch kein Wunder: Wir sind alle f\u00fcr Klimaschutz, t\u00f6nen sie. Aber wie macht man das in der Praxis? Ha, schon zerreden die Bedenkentr\u00e4ger alles, was Sinn machen k\u00f6nnte, und im Zweifel wollen sie schon im Voraus wissen: Das lehnt die Mehrheit der Bev\u00f6lkerung ab. So kommen wir nicht weiter &#8212; und genau das ist ja beabsichtigt.<\/p>\n\n\n\n<p>Da ist es doch kein Wunder, dass besonders die junge Generation (soweit sie nicht vor lauter Daddeln am Handy nichts mehr mitkriegt) die Geduld verliert, denn es geht ja gerade um ihre Zukunft! Jetzt zeigt der Staat auf einmal H\u00e4rte, will sich nicht auf der Nase herumtanzen lassen. Das, liebe Leute, h\u00e4tte ich mir schon viel fr\u00fcher an ganz anderer Stelle gew\u00fcnscht. <\/p>\n\n\n\n<p>Ach, Jupp, noch eins. <\/p>\n\n\n\n<p>Ja Prost, Hannes, auch wennste neulich FDP jew\u00e4hlt hast. Kannste machen, dies ist ein freies Land. Und dir pers\u00f6nlich nehme ich das nicht \u00fcbel, jeder hat eben seine Meinung. Trotzdem sto\u00dfe ich mit dir an, du bist ja sonst ein netter Kumpel. Ja, soweit k\u00e4me es noch, dass wir uns wegen der Politik anfeinden und aus dem Weg gehen. Au\u00dferdem sind wir hier in K\u00f6ln, da hei\u00dft das Motto: &#8222;Drink doch ene met, stell dich net esu aan&#8230;&#8220;<\/p>\n\n\n\n<p>(W\u00e4hrend er singend das Glas hob und die anderen G\u00e4ste ansah, fielen sie nacheinander ein und sangen mit.) &#8212;<\/p>\n\n\n\n<p>[Das Gespr\u00e4ch wurde sinngem\u00e4\u00df wiedergegeben, aufgezeichnet aus dem Ged\u00e4chtnis von W. R.] &#8212; Dazu empfehle ich die Lekt\u00fcre dieses Kommentars: &gt;<a href=\"https:\/\/www.spiegel.de\/netzwelt\/netzpolitik\/razzia-gegen-die-letzte-generation-wie-der-staat-radikalisierung-befoerdert-kolumne-a-470faed2-3a7c-4625-b7a8-e2ec58777c8b\">Razzia gegen die \u00bbLetzte Generation\u00ab: Wie der Staat Radikalisierung bef\u00f6rdert &#8211; Kolumne &#8211; DER SPIEGEL<\/a><\/p>\n\n\n\n<p><em>Nachtrag am 29.05.2023:<\/em> Was man <strong>kriminell<\/strong> nennt, und was nicht &#8212; das ist oft eine Frage der Deutungshoheit. Bei all dem Hickhack beschleicht mich die Frage: Wieviele Ahr-Flutkatastrophen, wieviele D\u00fcrren und Waldbr\u00e4nde braucht Deutschland noch, um zu begreifen, dass nur ein bisschen Klimaschutz nicht reicht? Und dass wir nicht endlos Zeit haben? Schauen wir nach S\u00fcdeuropa, da wird deutlich, was Unterlassungen anrichten, die man schon kriminell nennen k\u00f6nnte: ><a href=\"https:\/\/www.spiegel.de\/wissenschaft\/mensch\/fluten-in-italien-duerre-in-spanien-warum-die-extremwetter-in-suedeuropa-ein-lehrbeispiel-fuer-fuer-politikversagen-sind-a-4d9853c7-622e-4f60-97ec-710470191a67\">Italien und Spanien: Warum die Extremwetter in S\u00fcdeuropa ein Lehrbeispiel f\u00fcr f\u00fcr Politikversagen sind &#8211; DER SPIEGEL<\/a>   &#8212; Wenn nun jemand kommt und das Festhalten an fossilen Energietr\u00e4gern als kriminell bezeichnet, f\u00e4llt es mir schwer zu widersprechen&#8230; zumal wir mit dem \u00d6l- und Gas- Verbrauch derzeit auch Putins Kriegsverbrechen indirekt mit finanzieren. Was, echt jetzt? Denkt mal dr\u00fcber nach.<\/p>\n\n\n\n<p><em>Hier noch eine aktuelle Erg\u00e4nzung vom 11.06.2023:<\/em> &gt;<a href=\"https:\/\/www.spiegel.de\/wissenschaft\/mensch\/klimakrise-die-oh-shit-momente-haeufen-sich-kolumne-a-961c4a3a-43fb-4412-9831-e9053f469ed0\">Klimakrise: Die \u00bbOh Shit\u00ab-Momente h\u00e4ufen sich &#8211; Kolumne &#8211; DER SPIEGEL<\/a><\/p>\n\n\n\n<p><\/p>\n\n\n\n<p class=\"has-text-align-center\"><img decoding=\"async\" loading=\"lazy\" width=\"134\" height=\"100\" class=\"wp-image-8213\" style=\"width: 100px;\" src=\"https:\/\/www.fu-frechen.de\/wp-content\/uploads\/2023\/03\/1v-Vign.-wr-e1679515764871.jpg\" alt=\"\"><\/p>\n","protected":false},"excerpt":{"rendered":"<p>Gestern geh\u00f6rt in meiner Stammkneipe am Tresen (vgl. 28.1.23, Einwurf am Tresen): Jupp, erstmal ein K\u00f6lsch, und zapp mir gleich auch das n\u00e4chste. Danke! Sagt mal, liebe Bierfreunde, leben wir eigentlich schon im 21. Jahrhundert? Ich h\u00f6re die K\u00f6pfe von Politikern im Fernsehen ihre Spr\u00fcche ablassen und komme mir vor wie in einer Vorstellung im [&hellip;]<\/p>\n","protected":false},"author":3,"featured_media":0,"comment_status":"closed","ping_status":"open","sticky":false,"template":"","format":"standard","meta":[],"categories":[1,557,637,544],"tags":[277,606,507,665,358],"_links":{"self":[{"href":"https:\/\/www.fu-frechen.de\/index.php?rest_route=\/wp\/v2\/posts\/8324"}],"collection":[{"href":"https:\/\/www.fu-frechen.de\/index.php?rest_route=\/wp\/v2\/posts"}],"about":[{"href":"https:\/\/www.fu-frechen.de\/index.php?rest_route=\/wp\/v2\/types\/post"}],"author":[{"embeddable":true,"href":"https:\/\/www.fu-frechen.de\/index.php?rest_route=\/wp\/v2\/users\/3"}],"replies":[{"embeddable":true,"href":"https:\/\/www.fu-frechen.de\/index.php?rest_route=%2Fwp%2Fv2%2Fcomments&post=8324"}],"version-history":[{"count":15,"href":"https:\/\/www.fu-frechen.de\/index.php?rest_route=\/wp\/v2\/posts\/8324\/revisions"}],"predecessor-version":[{"id":8389,"href":"https:\/\/www.fu-frechen.de\/index.php?rest_route=\/wp\/v2\/posts\/8324\/revisions\/8389"}],"wp:attachment":[{"href":"https:\/\/www.fu-frechen.de\/index.php?rest_route=%2Fwp%2Fv2%2Fmedia&parent=8324"}],"wp:term":[{"taxonomy":"category","embeddable":true,"href":"https:\/\/www.fu-frechen.de\/index.php?rest_route=%2Fwp%2Fv2%2Fcategories&post=8324"},{"taxonomy":"post_tag","embeddable":true,"href":"https:\/\/www.fu-frechen.de\/index.php?rest_route=%2Fwp%2Fv2%2Ftags&post=8324"}],"curies":[{"name":"wp","href":"https:\/\/api.w.org\/{rel}","templated":true}]}}