{"id":8403,"date":"2023-06-29T22:28:48","date_gmt":"2023-06-29T20:28:48","guid":{"rendered":"https:\/\/www.fu-frechen.de\/?p=8403"},"modified":"2023-08-22T23:05:39","modified_gmt":"2023-08-22T21:05:39","slug":"bierzelt-politik","status":"publish","type":"post","link":"https:\/\/www.fu-frechen.de\/?p=8403","title":{"rendered":"Bierzelt-Politik"},"content":{"rendered":"\n<p class=\"has-drop-cap\">U<strong>ND<\/strong> wieder mal macht am Tresen Einer seinem Herzen Luft:<\/p>\n\n\n\n<p> Ja, was ist denn schon passiert? Kennt jemand hier \u00fcberhaupt Sonneberg? Das ist der kleinste Landkreis Deutschlands, da wurde ein Landrat gew\u00e4hlt. Und ein Landrat ist nicht viel mehr als eine Galionsfigur, die vertritt, was der Kreistag beschlossen hat. Im Kreistag dort ist die AfD aber derzeit eine kleine Fraktion. Also, was soll die Aufregung?<br>Jupp, ein K\u00f6lsch, und bitte schnell!<br>Du meine G\u00fcte, was regen sich jetzt die anderen Parteien k\u00fcnstlich auf, weil ein Mann der AfD diese Wahl gewonnen hat und nicht der bisher amtierende CDU-Mann. Komisch ist, dass die CDU in Berlin sich hinstellt und sagt, die Ampel-Regierung sei schuld. Wirklich komisch! Die gr\u00f6\u00dfte Oppositionspartei wird doch geradezu vorgef\u00fchrt: Die Mehrheit der W\u00e4hlenden hat da eine Partei gew\u00e4hlt, von der sie genau wei\u00df, dass die gar keine konstruktive Politik machen k\u00f6nnen und wollen. Es geht ihnen nicht um kluge Opposition, nein, es geht um &#8222;mal richtig auf den Putz hauen.&#8220; Politik in der Demokratie erm\u00fcdet sie sowieso, ist ihnen zu kompliziert. Sie wollen es wie im Bierzelt krachen lassen. <\/p>\n\n\n\n<p>Ich m\u00f6chte solchen W\u00e4hlerInnen manchmal zurufen: Dann geht doch nach Russland und f\u00fchlt euch da aufgehoben! Ihr glaubt ja sowieso allen Quatsch, den die Russen ins Internet sp\u00fclen.<br>Viele Menschen im Osten der Republik d\u00fcrften wissen: Wenn wir wirklich die AfD ans Ruder lassen, dann geht es bergab. Diese Partei nennt sich gern &#8222;patriotisch&#8220;, aber falls sie das Sagen bekommen, werden z.B. ausl\u00e4ndische Investoren abwandern, werden ausl\u00e4ndische Fachkr\u00e4fte einen Bogen um die ausl\u00e4nderfeindlich regierten L\u00e4nder machen, usw. Wem schadet das? Na? Wie w\u00e4r&#8217;s zur Abwechslung mal mit Denken?<br>Jupp das n\u00e4chste.<br>Das ist ja das Gesch\u00e4ft der Populisten: Auf den Bauch der Leute zielen, dumpfe Gef\u00fchle und Emp\u00f6rung sch\u00fcren und verst\u00e4rken, Aufputschmittel in Form simpler Parolen verabreichen  und damit die Leute am Denken hindern &#8230;<br>Ach, Jupp, ich muss mir mal wieder die Politik sch\u00f6ntrinken. Ja, noch eins.<br>Aber Saufen ist ja auch keine L\u00f6sung, schon gar nicht f\u00fcr politische Probleme. Bei steigendem Alkoholpegel gr\u00f6len viele Leute noch ungehemmter jeden Bl\u00f6dsinn mit. Das geht mir auf den Zeiger! Und wenn solche &#8222;Patrioten&#8220; auch noch anfangen, alle Leute anzup\u00f6beln, die aussehen, als w\u00e4ren sie keine &#8222;Bio-Deutsche&#8220;, dann kann man sich nur noch fremdsch\u00e4men f\u00fcr diese Plattk\u00f6pfe. Die sind so beschr\u00e4nkt, dass sie ernsthaft meinen, sie k\u00f6nnten ihre kleine Welt zur\u00fcckdrehen in eine Retro-Utopie, eine  Schrebergarten-Schwarzwalduhr-Idylle, wo alle gleich aussehen, gleich ticken, und  am liebsten im Gleichschritt hinter einem F\u00fchrer herdackeln. <\/p>\n\n\n\n<p>Schnell, das n\u00e4chste, Jupp, ich muss nachsp\u00fclen, sonst steigt mir noch die Kotze hoch!<\/p>\n\n\n\n<p>(aufgezeichnet kurz nach dem Kneipenbesuch von W. R.; sorry, liebe FreundInnen der Schreberg\u00e4rten und Schwarzwalduhren, das geht nicht gegen Euch, sondern &#8212; Ihr wisst schon)<\/p>\n\n\n\n<p class=\"has-text-align-center\"><strong>&#8212;&#8212;&#8212;&#8212;&#8212;-<\/strong><\/p>\n\n\n\n<p><em>Nachtrag am 01.08.2023:<\/em> Nachdem ich mehrere Stimmen vom AfD-Parteitag geh\u00f6rt habe, muss ich kurz und sachlich zusammenfassend \u00fcber diese Partei sagen: DIE <strong><mark style=\"background-color:rgba(0, 0, 0, 0)\" class=\"has-inline-color has-blue-color\">AfD<\/mark><\/strong> IST DIE <strong><mark style=\"background-color:rgba(0, 0, 0, 0)\" class=\"has-inline-color has-blue-color\">MENSCHENGEMACHTE VOLKSVERDUMMUNG<\/mark><\/strong>. Und ihre F\u00fchrer, die st\u00e4ndig Unsinn verbreiten, sind auch noch m\u00e4chtig stolz darauf, dass sie soviele Leute foppen k\u00f6nnen&#8230; Und ihre Opfer k\u00f6nnen einem leid tun.<\/p>\n\n\n\n<p>Schon Bertolt Brecht schrieb \u00fcber Hitlers W\u00e4hlerInnen: &#8222;Die d\u00fcmmsten K\u00e4lber w\u00e4hlen ihre Schl\u00e4chter selber.&#8220; Das haltet Ihr f\u00fcr ma\u00dflos \u00fcbertrieben oder anma\u00dfend? Sch\u00f6n w\u00e4r&#8217;s. Aber diese Studie hier sagt etwas Anderes: <a href=\"https:\/\/www.spiegel.de\/politik\/deutschland\/diw-afd-waehler-wuerden-laut-studie-am-staerksten-unter-afd-politik-leiden-a-c48783e7-4202-48f8-bfbc-bef4b7bf9b5b\">DIW: AfD-W\u00e4hler w\u00fcrden laut Studie am st\u00e4rksten unter AfD-Politik leiden &#8211; DER SPIEGEL<\/a> &#8212;<\/p>\n\n\n\n<p><\/p>\n\n\n\n<p class=\"has-text-align-center\"><img decoding=\"async\" loading=\"lazy\" width=\"286\" height=\"213\" class=\"wp-image-8215\" style=\"width: 125px;\" src=\"https:\/\/www.fu-frechen.de\/wp-content\/uploads\/2023\/03\/1v-Vign.-wr-1.jpg\" alt=\"\"><\/p>\n\n\n\n<p>P.S.: Wer ein zu kurzes Ged\u00e4chtnis hat, der schaue mal in den Blog-Beitrag von Juni 2016&#8230;!    &#8230;.  (Ich sehe nun: Es war doch gut, \u00e4ltere Blog-Beitr\u00e4ge nicht zu l\u00f6schen.)<\/p>\n\n\n\n<p><\/p>\n","protected":false},"excerpt":{"rendered":"<p>UND wieder mal macht am Tresen Einer seinem Herzen Luft: Ja, was ist denn schon passiert? Kennt jemand hier \u00fcberhaupt Sonneberg? Das ist der kleinste Landkreis Deutschlands, da wurde ein Landrat gew\u00e4hlt. Und ein Landrat ist nicht viel mehr als eine Galionsfigur, die vertritt, was der Kreistag beschlossen hat. Im Kreistag dort ist die AfD [&hellip;]<\/p>\n","protected":false},"author":3,"featured_media":0,"comment_status":"closed","ping_status":"open","sticky":false,"template":"","format":"standard","meta":[],"categories":[1],"tags":[342],"_links":{"self":[{"href":"https:\/\/www.fu-frechen.de\/index.php?rest_route=\/wp\/v2\/posts\/8403"}],"collection":[{"href":"https:\/\/www.fu-frechen.de\/index.php?rest_route=\/wp\/v2\/posts"}],"about":[{"href":"https:\/\/www.fu-frechen.de\/index.php?rest_route=\/wp\/v2\/types\/post"}],"author":[{"embeddable":true,"href":"https:\/\/www.fu-frechen.de\/index.php?rest_route=\/wp\/v2\/users\/3"}],"replies":[{"embeddable":true,"href":"https:\/\/www.fu-frechen.de\/index.php?rest_route=%2Fwp%2Fv2%2Fcomments&post=8403"}],"version-history":[{"count":13,"href":"https:\/\/www.fu-frechen.de\/index.php?rest_route=\/wp\/v2\/posts\/8403\/revisions"}],"predecessor-version":[{"id":8517,"href":"https:\/\/www.fu-frechen.de\/index.php?rest_route=\/wp\/v2\/posts\/8403\/revisions\/8517"}],"wp:attachment":[{"href":"https:\/\/www.fu-frechen.de\/index.php?rest_route=%2Fwp%2Fv2%2Fmedia&parent=8403"}],"wp:term":[{"taxonomy":"category","embeddable":true,"href":"https:\/\/www.fu-frechen.de\/index.php?rest_route=%2Fwp%2Fv2%2Fcategories&post=8403"},{"taxonomy":"post_tag","embeddable":true,"href":"https:\/\/www.fu-frechen.de\/index.php?rest_route=%2Fwp%2Fv2%2Ftags&post=8403"}],"curies":[{"name":"wp","href":"https:\/\/api.w.org\/{rel}","templated":true}]}}