{"id":8500,"date":"2023-08-14T20:58:30","date_gmt":"2023-08-14T18:58:30","guid":{"rendered":"https:\/\/www.fu-frechen.de\/?p=8500"},"modified":"2023-09-04T22:00:43","modified_gmt":"2023-09-04T20:00:43","slug":"eiertanz","status":"publish","type":"post","link":"https:\/\/www.fu-frechen.de\/?p=8500","title":{"rendered":"Eiertanz"},"content":{"rendered":"\n<p class=\"has-drop-cap\">A<strong>M<\/strong> Tresen in meiner Stammkneipe kommt mal wieder ein Stammgast in Fahrt (den wir schon kennen): <\/p>\n\n\n\n<p><strong>&#8222;S<\/strong>chon wieder haben wir in Deutschland diesen Eiertanz, ganz unn\u00f6tiig, wie ich finde. Erst waren es &#8222;schwere Waffen&#8220;, dann Kampfpanzer, nun die Marschflugk\u00f6rper &#8222;Taurus&#8220; mit gr\u00f6\u00dferer Reichweite. <br>Jupp, schnell ein K\u00f6lsch!<br>Wir haben immer noch im Westen etliche Friedensbewegte aus der Zeit vor vier Jahrzehnten, die weder die Zeichen der Zeit erkennen noch begreifen, dass wir in einer ganz anderen Zeit und Weltlage leben als Anfang der 1980er Jahre. &#8222;Frieden schaffen ohne Waffen&#8220; war ein sch\u00f6ner Spruch, bei dem mir allerdings schon damals im Hinblick auf manche Weltregionen Zweifel kamen. <br>Ach ja, vergessen wir nicht: Heute haben wir ein vereinigtes Deutschland, wir haben da auch Leute im Osten, die anders aufgewachsen sind, wo die offizielle Freundschaft mit der Sowjetunion hochgehalten wurde. Wenn die heute noch eine etwas andere Haltung zu Russland haben, ist das ja kein Wunder. Aber auch bei uns im Westen hat man ja die Russen ab 1989 nicht mehr als Feinde gesehen, Gorbatschow war beliebt, wir verdankten auch ihm die friedliche Revolution ohne Eingreifen milit\u00e4rischer Kr\u00e4fte. <\/p>\n\n\n\n<p>Auf Gorbi! Prost! &#8212; Jupp, noch eins!<\/p>\n\n\n\n<p>Ach, Freunde, es h\u00e4tte alles sch\u00f6ner sein k\u00f6nnen, wenn Putin nicht an die Macht gekommen w\u00e4re und immer autorit\u00e4rer und antidemokratischer regiert h\u00e4tte. Und dazu wurde er immer aggressiver, erst in Tschetschenien, wo jeder Widerstand hemmungslos gekillt und ausgemerzt wurde, dann auch in verschiedenen Randbezirken im S\u00fcden der ehemaligen Sowjetunion, dann zur Unterst\u00fctzung des grausigen Assad in Syrien, und dann auf der Krim und in der Ost-Ukraine.<\/p>\n\n\n\n<p>Ja, Jupp, noch eins.<\/p>\n\n\n\n<p>Machen wir uns nix vor, Leute, der Ukraine-Krieg begann zwar offiziell am 24. Februar 2022, aber im Osten der Ukraine war schon seit 2014 Krieg. Und da bet\u00e4tigten sich auch schon die Privat-S\u00f6ldner von Prigoschin (alias die &#8222;Wagner-Truppe&#8220;).<\/p>\n\n\n\n<p>Viele Leute verk\u00fcnden bei uns im Westen: Die Ukraine verteidigt nicht nur ihr Land, sondern auch die Werte der Demokratie und Europas. Da verstehe ich umso weniger diesen Eiertanz um schwerere oder wirkungsvollere Waffen. Entweder wollen wir, dass die Ukraine Erfolg hat, oder&#8230; was denn? Soll Putin die Oberhand gewinnen, sollen &#8212; nebenbei erw\u00e4hnt &#8212; noch mehr Fl\u00fcchtlinge kommen und unsere Aufnahmekapazit\u00e4ten \u00fcberfordern? Soll die Ukraine langfristig ausbluten? Soll Putin weitere L\u00e4nder angreifen?<\/p>\n\n\n\n<p>Die Kritiker der Waffenlieferungen machen sich anscheinend nicht klar, welche Optionen \u00fcberhaupt auf dem Tisch liegen. Und sie scheinen vor lauter Pazifismus wenig Kenntnisse \u00fcber das Milit\u00e4rische gesammelt zu haben. Krieg verl\u00e4uft nach eigenen Regeln und kann nicht einfach dadurch gestoppt werden, dass ein paar Leute von der Seitenlinie aus nach Verhandlungen und mehr diplomatischen Bem\u00fchungen rufen. Das Getreideabkommen <em>schien<\/em> ein Beweis zu sein, dass Verhandlungen m\u00f6glich sind &#8212; es ist aber auch ein Beweis daf\u00fcr, dass Putin sich einen Dreck um den Hunger in der Welt schert und das Abkommen Mitte Juli nicht verl\u00e4ngert hat, einzig um der Ukraine damit zu schaden.<\/p>\n\n\n\n<p>Jupp, schnell noch eins, ich rede mich sonst in Rage!<\/p>\n\n\n\n<p>Also, liebe Leute, wir m\u00fcssen die Sachen liefern, die die Ukraine dringend braucht. Denn sie hat nicht unbegrenzt Soldaten und Zeit, und mit jedem Kriegstag fliegen russische Raketen und Drohnen in ukrainische St\u00e4dte. Wie lange soll das noch so weiter gehen? H\u00f6rt auf mit Spitzfindigkeiten wie &#8222;Die Ukraine darf nicht verlieren&#8220;, es gibt nur <em>eine<\/em> vern\u00fcnftige Option, n\u00e4mlich &#8222;Die Ukraine muss gewinnen&#8220;. Bringt Putin endlich milit\u00e4risch in die Bredouille, dann kommt er an den Verhandlungstisch! Hough, ich habe gesprochen. Bis n\u00e4chstens, Freunde!<\/p>\n\n\n\n<p>(aus dem Ged\u00e4chtnis aufgezeichnet am Abend des 12.08.2023 von W. R.)<\/p>\n\n\n\n<p>P.S. Liebe Pazifisten, ich darf daran erinnern, dass ein Krieg nur verhindert werden kann, <em>bevor<\/em> er anf\u00e4ngt. Im Fall der Ukraine bringt das jetzt nichts mehr. Aber wenn man als Historiker zur\u00fcckblickt, muss man sagen: Als niemand aufstand und der Ukraine zur Seite sprang, der Putin gerade die Krim stahl und einen schwelenden Krieg in der Ostukraine inszenierte &#8212; was musste Putin daraus schlie\u00dfen? Wie Hitler 1938 dachte er: Die westlichen Demokratien sind z\u00f6gerlich und schwach, ihre Staatslenker Weicheier&#8230; Zwar verhandelte er das Minsker Abkommen, dachte aber \u00e4hnlich wie Hitler nach dem M\u00fcnchner Abkommen: Bitte sch\u00f6n, Ihr Friedentauben und Weicheier, ich mache trotzdem weiter, was ich will&#8230;<\/p>\n\n\n\n<p>Ihr wisst hoffentlich Bescheid dar\u00fcber, wie das 1938 und danach lief. Wenn nicht, schlagt im Geschichtsbuch nach.<\/p>\n\n\n\n<p>Wer sich genauer \u00fcber die Jahre vor dem Ukraine-Krieg informieren m\u00f6chte, kann z.B. diese Links anklicken: <a href=\"https:\/\/www.br.de\/nachrichten\/deutschland-welt\/russland-ukraine-konflikt-chronologie-der-stationen-seit-2014,Sxn0fgj\">Geschichte des Russland-Ukraine-Konflikts: Stationen seit 2014 | BR24<\/a> &#8212; und\/oder <a href=\"https:\/\/www.bpb.de\/kurz-knapp\/hintergrund-aktuell\/505946\/acht-fragen-zum-krieg-in-der-ukraine\/\">Acht Fragen zum Krieg in der Ukraine | Hintergrund aktuell | bpb.de<\/a><\/p>\n\n\n\n<p class=\"has-text-align-center\"><img decoding=\"async\" loading=\"lazy\" width=\"286\" height=\"213\" class=\"wp-image-8215\" style=\"width: 120px;\" src=\"https:\/\/www.fu-frechen.de\/wp-content\/uploads\/2023\/03\/1v-Vign.-wr-1.jpg\" alt=\"\"><\/p>\n\n\n\n<p><em>Update am 04.09.2023:<\/em> Olaf Scholz stellt sich nach einem Sturz beim Joggen dem Fotografen und scherzt (?)&#8230;<\/p>\n\n\n\n<figure class=\"is-layout-flex wp-block-gallery-1 wp-block-gallery has-nested-images columns-default is-cropped\">\n<figure class=\"wp-block-image size-large\"><a href=\"https:\/\/www.fu-frechen.de\/wp-content\/uploads\/2023\/09\/Olaf-2.png\"><img decoding=\"async\" loading=\"lazy\" width=\"1001\" height=\"1024\" data-id=\"8529\"  src=\"https:\/\/www.fu-frechen.de\/wp-content\/uploads\/2023\/09\/Olaf-2-1001x1024.png\" alt=\"\" class=\"wp-image-8529\" srcset=\"https:\/\/www.fu-frechen.de\/wp-content\/uploads\/2023\/09\/Olaf-2-1001x1024.png 1001w, https:\/\/www.fu-frechen.de\/wp-content\/uploads\/2023\/09\/Olaf-2-293x300.png 293w, https:\/\/www.fu-frechen.de\/wp-content\/uploads\/2023\/09\/Olaf-2-768x786.png 768w, https:\/\/www.fu-frechen.de\/wp-content\/uploads\/2023\/09\/Olaf-2-1501x1536.png 1501w, https:\/\/www.fu-frechen.de\/wp-content\/uploads\/2023\/09\/Olaf-2-2002x2048.png 2002w, https:\/\/www.fu-frechen.de\/wp-content\/uploads\/2023\/09\/Olaf-2-624x638.png 624w\" sizes=\"(max-width: 1001px) 100vw, 1001px\" \/><\/a><\/figure>\n<\/figure>\n\n\n\n<p><\/p>\n","protected":false},"excerpt":{"rendered":"<p>AM Tresen in meiner Stammkneipe kommt mal wieder ein Stammgast in Fahrt (den wir schon kennen): &#8222;Schon wieder haben wir in Deutschland diesen Eiertanz, ganz unn\u00f6tiig, wie ich finde. Erst waren es &#8222;schwere Waffen&#8220;, dann Kampfpanzer, nun die Marschflugk\u00f6rper &#8222;Taurus&#8220; mit gr\u00f6\u00dferer Reichweite. Jupp, schnell ein K\u00f6lsch!Wir haben immer noch im Westen etliche Friedensbewegte aus [&hellip;]<\/p>\n","protected":false},"author":3,"featured_media":0,"comment_status":"closed","ping_status":"open","sticky":false,"template":"","format":"standard","meta":[],"categories":[1,636],"tags":[],"_links":{"self":[{"href":"https:\/\/www.fu-frechen.de\/index.php?rest_route=\/wp\/v2\/posts\/8500"}],"collection":[{"href":"https:\/\/www.fu-frechen.de\/index.php?rest_route=\/wp\/v2\/posts"}],"about":[{"href":"https:\/\/www.fu-frechen.de\/index.php?rest_route=\/wp\/v2\/types\/post"}],"author":[{"embeddable":true,"href":"https:\/\/www.fu-frechen.de\/index.php?rest_route=\/wp\/v2\/users\/3"}],"replies":[{"embeddable":true,"href":"https:\/\/www.fu-frechen.de\/index.php?rest_route=%2Fwp%2Fv2%2Fcomments&post=8500"}],"version-history":[{"count":10,"href":"https:\/\/www.fu-frechen.de\/index.php?rest_route=\/wp\/v2\/posts\/8500\/revisions"}],"predecessor-version":[{"id":8530,"href":"https:\/\/www.fu-frechen.de\/index.php?rest_route=\/wp\/v2\/posts\/8500\/revisions\/8530"}],"wp:attachment":[{"href":"https:\/\/www.fu-frechen.de\/index.php?rest_route=%2Fwp%2Fv2%2Fmedia&parent=8500"}],"wp:term":[{"taxonomy":"category","embeddable":true,"href":"https:\/\/www.fu-frechen.de\/index.php?rest_route=%2Fwp%2Fv2%2Fcategories&post=8500"},{"taxonomy":"post_tag","embeddable":true,"href":"https:\/\/www.fu-frechen.de\/index.php?rest_route=%2Fwp%2Fv2%2Ftags&post=8500"}],"curies":[{"name":"wp","href":"https:\/\/api.w.org\/{rel}","templated":true}]}}