{"id":8526,"date":"2023-09-06T21:19:23","date_gmt":"2023-09-06T19:19:23","guid":{"rendered":"https:\/\/www.fu-frechen.de\/?p=8526"},"modified":"2023-09-15T21:37:03","modified_gmt":"2023-09-15T19:37:03","slug":"und-taeglich-gruesst","status":"publish","type":"post","link":"https:\/\/www.fu-frechen.de\/?p=8526","title":{"rendered":"Und t\u00e4glich gr\u00fc\u00dft&#8230;"},"content":{"rendered":"\n<p class=\"has-text-align-left\">&#8230; die Klimakrise. Nein, sie kommt nicht erst, sie ist schon da. Das t\u00e4gliche &#8222;Murmeltier&#8220; sind die Bilder von Naturkatastrophen, von brennenden Waldgebieten, von uns entgegen gurgelnden Wassermassen &#8212; nicht irgendwo, sondern hierzulande und gleichzeitig an vielen anderen Orten auf dem Globus. Das kann man nicht verharmlosen, das entspricht exakt dem, was Wissenschaftler seit den 1980er Jahren vorausgesagt haben, sofern nicht gegengesteuert wird. <br>Und? Wurde gegengesteuert? Hier kommt die Frage nach den Interessen ins Spiel. Diejenigen Konzerne, deren Gesch\u00e4ftsmodelle auf fossilen Brennstoffen basierten, die also Kohle, \u00d6l und Erdgas verkauften und\/oder weiter verarbeiteten, wollten weiter daran verdienen und hatten genug Geld, um Wissenschaftler zu kaufen, damit sie Zweifel an der vorhergesagten Klimakrise streuten, und sie bewogen einige Politiker dazu, sich den Zweiflern anzuschlie\u00dfen und diese Ansicht in vielen TV-Talkshows zu vertreten. So wurde das Gros der Bev\u00f6lkerung verwirrt und daran gehindert, die Warnungen der Wissenschaft ernst zu nehmen. Und weil das so gut klappte, wurden diese Sedierungs-Kampagnen weitergefahren. <br>In den Nuller-Jahren des 21. Jahrhunderts sprach sich doch langsam herum, dass da was auf uns alle zukommt und man sich Ma\u00dfnahmen \u00fcberlegen m\u00fcsste, z.B. die Reduzierung des CO2-Aussto\u00dfes. Jene besagten Knilche in den Talkshows brachten dagegen vor, dass es wenig bringe, wenn nur ein Land voranginge und die anderen weitermachten wie bisher. Au\u00dferdem wurde bei jeder Gelegenheit vorgebracht, Deutschland erzeuge doch eh nur 2% der weltweiten CO2-Emissionen&#8230; (Das klang wenig, bezogen auf die absoluten Zahlen, verschwieg aber, dass wir, pro Kopf der Bev\u00f6lkerung einen viel h\u00f6heren Aussto\u00df haben und in der Spitzengruppe liegen.) <br>Kurzum, die Vernebelung der tats\u00e4chlichen Lage ging weiter, w\u00e4hrend manche PolitikerInnen clevere PR-Aktionen starteten, z.B. Bundeskanzlerin Merkel, die, begleitet von einem Tro\u00df von Kameraleuten und Journalisten, per Schiff vor Gr\u00f6nland aufkreuzte, denn die \u00d6ffentlichkeit hatte zuvor \u00fcber die Medien erfahren, dass auch dort das beschleunigte Abschmelzen des Gletscher-Eises zu beobachten war. In den Medien wurde sie darauf schon als &#8222;Klima-Kanzlerin&#8220; tiituliert. <br>Was aber unternahm &#8222;die Politik&#8220;, Bundes- und Landesregierungen, wirklich, um Klimaschutz zu betreiben? W\u00e4hrend z.B. in Paris ein internationales Klimaschutz-Abkommen unterzeichnet wurde, das die globale Erw\u00e4rmung auf 1,5 Grad begrenzen soll, geschah in Deutschland wenig, gemessen am vereinbarten Ziel. Die Regierung Merkel wurde vom Bundesverfassungsgericht dazu verpflichtet, ein Klimaschutz-Gesetz nachzubessern. <br>Doch was passierte in Sachen &#8222;Energiewende&#8220;? Bundes- und Landesregierungen fielen nicht durch Engagement auf, wenn es um den Ausbau alternativer Energien ging: Der Windkraft wurden jede Menge Steine in den Weg gelegt, und die Produktion der Solarstromtechnik wurde derma\u00dfen stiefm\u00fctterlich behandelt, dass China die Chance ergriff und mit staatlichen Subventionen alternativlos billige Solaranlagen anbot, die die deutsche Produktion abw\u00fcrgten. <br>Die Merkel-Regierung lie\u00df sich von der Industrie auch dazu \u00fcberreden, den Energiebedarf in gro\u00dfem Stil mit billigem Gas aus Russland zu decken. Wir erinnern uns ja alle noch an den Streit um die Gas-Pipeline &#8222;Nord Stream 2&#8220;. Im Nachhinein war es peinlich, dass niemand die Warnungen aus der Ukraine und den baltischen Staaten h\u00f6ren wollte. Deutsche Regierungen dachten, Putin sei in der Wirtschaft ein verl\u00e4sslicher Partner wie fr\u00fcher die Sowjetregierungen. <br>Aber zur\u00fcck zur Klimapolitik: Unter Merkel, man muss es so sagen, tat der Wirtschaftsminister alles, um die Energiewende zu torpedieren oder zu verz\u00f6gern. Toll trieb es auch die bayrische Staatsregierung in Sachen Verhinderung. Noch heute muss man beispielsweise Windr\u00e4der in Bayern mit der Lupe suchen. Aber ganz vorn dabei sind sie in Bayern, wenn es um die Bek\u00e4mpfung und Kriminalisierung der Letzten Generation geht, die sich aus Verzweiflung \u00fcber die lahme Klimapolitik \u00f6fter mal auf Stra\u00dfen festklebt und den Verkehr zum Stillstand bringt. Dabei werden Ursache und Wirkung vertauscht: Die &#8222;Klimakleber&#8220; werden kriminalisiert und verteufelt, aber wer redet davon, dass eine lahme oder ganz unterbleibende Klimapolitik in einem moralischen Sinne kriminell ist? <br>Der aktuelle Finanzminister Lindner und ein Teil seiner FDP fahren eine \u00e4hnliche Strategie: Schon die (noch zahmen) Demonstrationen der Bewegung Fridays for Future wollte man inhaltlich nicht ernst nehmen, argumentierte formaljuristisch (mit Verweis auf die Schulpflicht), Lindner selbst sprach ihnen sogar die Sachkompetenz ab. Das fand ich ignorant, denn Lindner schien keine Ahnung davon zu haben, was heutzutage in h\u00f6heren Klassen auf dem Lehrplan steht. Wer mal einen Schulatlas durchbl\u00e4ttert, der um 2015 erschienen ist, der stellt erstaunt fest: Hier geht es nicht mehr wie vor Jahrzehnten um Geografie und ein bisschen Wirtschaft, eher scheint es um viel Wirtschaft, viel \u00d6kologie und ein bisschen Geografie zu gehen. Mein Fazit: Lindner hat sich da als jemand gezeigt, der auch mal forsch was behauptet, ohne Bescheid zu wissen.<br>Auf jeden Fall sind die (nicht nur jungen) Leute, die sich in Umwelt-Initiativen und politischen Bewegungen engagieren, nicht blo\u00df emotional betroffen, sie haben au\u00dferdem Sachkenntnis und wissen meist, wovon sie reden. Solche Leute w\u00fcnschen sich viele Parteien als Mitglieder, doch die meisten bleiben lieber au\u00dfen vor, vielleicht weil sie als Parteimitglied Vieles nach au\u00dfen vertreten m\u00fcssten, was sie wom\u00f6glich weniger gut finden.<br>In den TV-Nachrichten: schon wieder kleine Fl\u00fcsse, die zu rei\u00dfenden Str\u00f6men wurden, wieder brennen gro\u00dfe Waldfl\u00e4chen an verschiedenen Orten des Globus&#8230; H\u00f6rt das denn nicht auf? Wenn Ihr die Wahrheit vertragen k\u00f6nnt: Nein, es wird nicht aufh\u00f6ren, es kann h\u00f6chstens noch schlimmer werden. Die Wissenschaft hat Euch das l\u00e4ngst gesagt. Aber Manche wollen es nicht glauben, sind Meister im Verdr\u00e4ngen, auch wenn t\u00e4glich das Murmeltier gr\u00fc\u00dft&#8230;<br>W. R. <br><\/p>\n\n\n\n<p><\/p>\n\n\n\n<p><\/p>\n","protected":false},"excerpt":{"rendered":"<p>&#8230; die Klimakrise. Nein, sie kommt nicht erst, sie ist schon da. Das t\u00e4gliche &#8222;Murmeltier&#8220; sind die Bilder von Naturkatastrophen, von brennenden Waldgebieten, von uns entgegen gurgelnden Wassermassen &#8212; nicht irgendwo, sondern hierzulande und gleichzeitig an vielen anderen Orten auf dem Globus. Das kann man nicht verharmlosen, das entspricht exakt dem, was Wissenschaftler seit den [&hellip;]<\/p>\n","protected":false},"author":3,"featured_media":0,"comment_status":"closed","ping_status":"open","sticky":false,"template":"","format":"standard","meta":[],"categories":[1,637,544],"tags":[541,507,665,672,671],"_links":{"self":[{"href":"https:\/\/www.fu-frechen.de\/index.php?rest_route=\/wp\/v2\/posts\/8526"}],"collection":[{"href":"https:\/\/www.fu-frechen.de\/index.php?rest_route=\/wp\/v2\/posts"}],"about":[{"href":"https:\/\/www.fu-frechen.de\/index.php?rest_route=\/wp\/v2\/types\/post"}],"author":[{"embeddable":true,"href":"https:\/\/www.fu-frechen.de\/index.php?rest_route=\/wp\/v2\/users\/3"}],"replies":[{"embeddable":true,"href":"https:\/\/www.fu-frechen.de\/index.php?rest_route=%2Fwp%2Fv2%2Fcomments&post=8526"}],"version-history":[{"count":6,"href":"https:\/\/www.fu-frechen.de\/index.php?rest_route=\/wp\/v2\/posts\/8526\/revisions"}],"predecessor-version":[{"id":8548,"href":"https:\/\/www.fu-frechen.de\/index.php?rest_route=\/wp\/v2\/posts\/8526\/revisions\/8548"}],"wp:attachment":[{"href":"https:\/\/www.fu-frechen.de\/index.php?rest_route=%2Fwp%2Fv2%2Fmedia&parent=8526"}],"wp:term":[{"taxonomy":"category","embeddable":true,"href":"https:\/\/www.fu-frechen.de\/index.php?rest_route=%2Fwp%2Fv2%2Fcategories&post=8526"},{"taxonomy":"post_tag","embeddable":true,"href":"https:\/\/www.fu-frechen.de\/index.php?rest_route=%2Fwp%2Fv2%2Ftags&post=8526"}],"curies":[{"name":"wp","href":"https:\/\/api.w.org\/{rel}","templated":true}]}}