{"id":8549,"date":"2023-10-01T23:11:33","date_gmt":"2023-10-01T21:11:33","guid":{"rendered":"https:\/\/www.fu-frechen.de\/?p=8549"},"modified":"2024-05-24T18:41:19","modified_gmt":"2024-05-24T16:41:19","slug":"neues-milliardaershobby","status":"publish","type":"post","link":"https:\/\/www.fu-frechen.de\/?p=8549","title":{"rendered":"Neues Milliard\u00e4rshobby"},"content":{"rendered":"\n<p><strong>Neulich<\/strong> mal wieder in meiner Stammkneipe gesessen und zugeh\u00f6rt, was am Tresen vor sich ging:<\/p>\n\n\n\n<p><br>N&#8217;Abend zusammen, meine Freunde eines guten Schlucks! (klopft dreimal laut auf den Tresen) Danke, Jupp, wie immer auf Zack mit einem frisch gezapften K\u00f6lsch! Hier ist die Welt noch einigerma\u00dfen in Ordnung, oder? Prost!<br>Kann man ja leider so allgemein nicht sagen. (Zustimmung in der Runde am Tresen)<br>Und statt dass die Menschen mal nachdenken und zur Vernunft kommen, beklatschen sie immer neue Idioten und Rattenf\u00e4nger und sehnen sich nach autorit\u00e4rer F\u00fchrung, die ihnen das Denken abnimmt.<br>Immer mehr schwerreiche M\u00e4nner scheinen sich neben all ihren Statussymbolen in letzter Zeit noch potenter darstellen zu wollen, indem sie sich in die Politik einmischen. Die \u00fcber 40m lange Luxusjacht reicht schon lange nicht mehr, als Milliard\u00e4r kauft man Fu\u00dfballklubs, griechische H\u00e4fen, ganze Inseln und Nachrichtenportale ein &#8212; und was fr\u00fcher nur hinter den Kulissen betrieben wurde, passiert heute ganz offen und erkl\u00e4rterma\u00dfen: Man mischt sich in Wahlk\u00e4mpfe ein und propagiert seine pers\u00f6nlichen Ansichten als politische Ziele f\u00fcr Alle. <\/p>\n\n\n\n<p>Jenau! ruft einer aus der Runde. Dat hammer doch schon beim Brexit jesehen! Ein sojenannter Medienzar, dieser Rupert Murdoch in den USA, mischt mit seinen Zeitungen in der Brexit-Kampagne mit und hilft, L\u00fcgen \u00fcber die EU zu verbreiten. Und keiner schreitet ein und sagt: Misch dich nicht ein, schon gar nicht als Amerikaner!<\/p>\n\n\n\n<p>Jenau dat mein ich. Seit einiger Zeit f\u00e4llt dabei besonders Elon Musk unangenehm auf. Er wird mir immer unsympathischer, er scheint sich f\u00fcr <em>zuminnnndest<\/em> einen Halbgott zu halten. Jetzt ruft er auch noch zur Wahl der AfD auf. Ein Mann, der wirklich besser wissen sollte, dass eine AfD-Regierung unser Land in den Abgrund rei\u00dfen w\u00fcrde &#8212; allein schon mit ihren Vorstellungen zur Wirtschaft und zur EU&#8230;. Aber Moment mal, das ist wom\u00f6glich ja die geheime Absicht von Musk: Deutschland in den Niedergang sto\u00dfen mit Hilfe der AfD! <br>(Manche am Tresen runzeln die Stirn)<br>Ihr meint, das sei doch abwegig? Dann erkl\u00e4rt mir, wieso der Mann noch f\u00fcr zurechnungsf\u00e4hig gilt. Na gut, anschlie\u00dfend k\u00f6nnt Ihr mit Eurer Erkl\u00e4rung gleich bei Trump weitermachen, der leidet ja auch an krankhaft vergr\u00f6\u00dfertem Ego.<br>Aber Trump macht sich sowieso schon selbst l\u00e4cherlich. Politisch wird er trotzdem getragen von einer gro\u00dfen Zahl von US-B\u00fcrgern, da kann er weiter l\u00fcgen, betr\u00fcgen, herump\u00f6beln und Frauen begrapschen, denn seine Anh\u00e4nger werden von einer evangelikalen und rassistischen Mischpoke aufgehetzt und sind schon lange keinen Argumenten mehr zug\u00e4nglich. Sie spenden sogar gro\u00dfe Summen, damit er seine Top-Anw\u00e4lte bezahlen kann.<\/p>\n\n\n\n<p>Sowas scheinen sich die Radikaleren in der AfD auch hier zu w\u00fcnschen: Wir wollen keine denkenden Leute, wir wollen eine Masse, die unsere Parolen nachpl\u00e4rrt und alles Andere niederbr\u00fcllt. Und wenn wir erst an der Macht sind, dann, hihi, werden diese Lemminge schon sehen, was wir wirklich vorhaben.<br>Woher willst du das denn wissen? fragt Einer aus der Runde.<br>Na, woher wohl? Schau Dir an, was da passiert, wo rechte Parteien an die Macht gekommen sind! Ich rede jetzt nicht mal von unserer Geschichte und Hitler, ich rede von heute, von L\u00e4ndern, wo solche Parteien an die Macht gew\u00e4hlt wurden und nun alles daransetzen, die Macht zu behalten und keine Konkurrenz mehr hochkommen zu lassen. Schau z.B. nach Ungarn oder Polen, da siehste, wie machtgeile Leute das Land umbauen, um ihre Macht einzubetonieren.<br>Ach, und jetzt kommen noch solche Gro\u00dfkotze wie Elon Musk. Diese Leute hat niemand gew\u00e4hlt, sie haben kein politisches Mandat, und trotzdem ist ihr neues Hobby, in der Politik mitzumischen. Wer sich daran nicht st\u00f6rt, der hat von Politik f\u00fcr die Menschen, hat von Demokratie nichts verstanden. &#8212; Jupp, schnell noch eins, ich rede mich schon wieder in Rage.<\/p>\n\n\n\n<p> &#8212;&#8211; Ich w\u00e4re noch geblieben, aber bei der Vorstellung, dass solche Typen demn\u00e4chst \u00fcber uns alle bestimmen k\u00f6nnten, wurde mir schlecht, und ich musste an die frische Luft&#8230; Als ich wieder reinkam und zu meinem Tisch ging, diskutierte der Tresen-Stammtisch schon \u00fcber ein anderes Thema. &#8212;&#8211;<\/p>\n\n\n\n<p>Ich finde das beschissen, meinte Einer, da laufen sich die Leute beim Marathon die Seele aus dem Leib und stellen einen Rekord auf, und kurz danach hei\u00dft es: &#8222;Sorry, wir haben die Strecke leider versehentlich zu kurz abgemessen, daher gilt dein Rekord nicht.&#8220; Na toll, die Gelackmeierten sind die Spitzensportler, die nix daf\u00fcr k\u00f6nnen, dass sie ein paar Meter zu wenig gelaufen sind.<\/p>\n\n\n\n<p>Stimmt, wirfte ein Anderer ein, dem Reinhold Messner haben sie auch so einen Streich gespielt. Da kommt viele Jahre nach seinen Extrembesteigungen im Himalaya Einer daher und sagt, er habe mit modernen Methoden scharf nachgemessen und festgestellt, dass manche Bergsteiger nicht auf dem richtigen Berggipfel waren, sondern auf einem, wie jetzt messbar ist, Nebengipfel, ohne das zu wissen. Ja, Leute, was soll das denn? Ein Wichtigtuer wird in allen Medien zitiert als der, der daf\u00fcr sorgt, dass einigen Bergsteigern Rekorde aberkannt werden, insbesondere dem Prominenten Messner.  <\/p>\n\n\n\n<p>Ein Weiterer ruft: Und dann diese Fehlentscheidungen beim Fu\u00dfball trotz Videobeweis&#8230;!<\/p>\n\n\n\n<p>&#8212;&#8211; Mir war immer noch flau im Magen, ich hatte genug geh\u00f6rt, zahlte und verlie\u00df das Lokal. Drau\u00dfen blickte ich hoch zu den Sternen &#8212; die mussten da irgendwo sein, aber bei dieser Lichtverschmutzung hatte keiner die Chance, sie zu sehen.<\/p>\n\n\n\n<p>W.R. <\/p>\n\n\n\n<p class=\"has-text-align-center\"><img decoding=\"async\" loading=\"lazy\" width=\"286\" height=\"213\" class=\"wp-image-8215\" style=\"width: 120px;\" src=\"https:\/\/www.fu-frechen.de\/wp-content\/uploads\/2023\/03\/1v-Vign.-wr-1.jpg\" alt=\"\"><br><br><\/p>\n","protected":false},"excerpt":{"rendered":"<p>Neulich mal wieder in meiner Stammkneipe gesessen und zugeh\u00f6rt, was am Tresen vor sich ging: N&#8217;Abend zusammen, meine Freunde eines guten Schlucks! (klopft dreimal laut auf den Tresen) Danke, Jupp, wie immer auf Zack mit einem frisch gezapften K\u00f6lsch! Hier ist die Welt noch einigerma\u00dfen in Ordnung, oder? Prost!Kann man ja leider so allgemein nicht [&hellip;]<\/p>\n","protected":false},"author":3,"featured_media":0,"comment_status":"closed","ping_status":"open","sticky":false,"template":"","format":"standard","meta":[],"categories":[1,534],"tags":[342,395,673,356,351],"_links":{"self":[{"href":"https:\/\/www.fu-frechen.de\/index.php?rest_route=\/wp\/v2\/posts\/8549"}],"collection":[{"href":"https:\/\/www.fu-frechen.de\/index.php?rest_route=\/wp\/v2\/posts"}],"about":[{"href":"https:\/\/www.fu-frechen.de\/index.php?rest_route=\/wp\/v2\/types\/post"}],"author":[{"embeddable":true,"href":"https:\/\/www.fu-frechen.de\/index.php?rest_route=\/wp\/v2\/users\/3"}],"replies":[{"embeddable":true,"href":"https:\/\/www.fu-frechen.de\/index.php?rest_route=%2Fwp%2Fv2%2Fcomments&post=8549"}],"version-history":[{"count":15,"href":"https:\/\/www.fu-frechen.de\/index.php?rest_route=\/wp\/v2\/posts\/8549\/revisions"}],"predecessor-version":[{"id":8802,"href":"https:\/\/www.fu-frechen.de\/index.php?rest_route=\/wp\/v2\/posts\/8549\/revisions\/8802"}],"wp:attachment":[{"href":"https:\/\/www.fu-frechen.de\/index.php?rest_route=%2Fwp%2Fv2%2Fmedia&parent=8549"}],"wp:term":[{"taxonomy":"category","embeddable":true,"href":"https:\/\/www.fu-frechen.de\/index.php?rest_route=%2Fwp%2Fv2%2Fcategories&post=8549"},{"taxonomy":"post_tag","embeddable":true,"href":"https:\/\/www.fu-frechen.de\/index.php?rest_route=%2Fwp%2Fv2%2Ftags&post=8549"}],"curies":[{"name":"wp","href":"https:\/\/api.w.org\/{rel}","templated":true}]}}