{"id":8579,"date":"2023-10-12T23:06:06","date_gmt":"2023-10-12T21:06:06","guid":{"rendered":"https:\/\/www.fu-frechen.de\/?p=8579"},"modified":"2024-02-06T13:16:01","modified_gmt":"2024-02-06T12:16:01","slug":"abstossende-bilder","status":"publish","type":"post","link":"https:\/\/www.fu-frechen.de\/?p=8579","title":{"rendered":"Absto\u00dfende Bilder"},"content":{"rendered":"\n<p class=\"has-drop-cap\"><strong>Viele<\/strong> Menschen fragen sich beklommen: In was f\u00fcr einer Welt leben wir? Wir hatten geglaubt, die Zeit von blutigen Diktatoren, von Kriegen und Gewaltorgien, von gewaltsamen Grenzverschiebungen sei so gut wie vorbei, und die Welt werde \u00fcberwiegend von Vernunft regiert. <br>Aber was sehen, was erleben wir? In immer mehr Gebieten der Erde nimmt Gewaltt\u00e4tigkeit zu, kommen gewaltbereite M\u00e4nner an die Macht, wird Machtpolitik ungeschminkt mit allen Mitteln verfolgt.<br>Wo sind die moralischen Ma\u00dfst\u00e4be, auf die sich die Welt einigen kann? Viele Staaten, die Mitglied der UN sind und die UN-Charta unterschrieben haben, halten deren moralische Gebote nicht ein. Manche haben sich von den Grunds\u00e4tzen der Charta ziemlich abgewendet, wollen das aber nicht zugeben und machen im Zweifel immer Andere f\u00fcr ihr Verhalten verantwortlich. <\/p>\n\n\n\n<p>Wer denn zum Beispiel? Russland etwa stellt die k\u00fchne Behauptung auf, sein Krieg (der in Russland bei Strafe nicht einmal so genannt werden darf) sei blo\u00dfe Selbstverteidigung. Putins Sprecher bem\u00fchen dabei uralte Klischees: Russland sei (wie vor gut hundert Jahren das kaiserliche Deutschland) von fremden M\u00e4chten eingekreist, die b\u00f6sen USA wollten mit Hilfe der Ukraine Russland zerst\u00f6ren, und die Ukraine werde von Nazis beherrscht. Besonders Letzteres, meinen Putins Leute, zieht bei den Russen immer, dazu werden bem\u00fchte (Schein-)Parallelen zum Zweiten Weltkrieg gezogen (1. weil es gegen Nazis ging, 2. weil Putin den gro\u00dfen Diktator Stalin als gro\u00dfen Helden der russischen Geschichte sehen und ihn beerben will, und 3. weil er seinen Eroberungskrieg gegen die Ukraine als Teil der Wiederherstellung des historischen Gro\u00dfrusslands gefeiert sehen will. In Putins Gedankenwelt z\u00e4hlen nur die eigenwillig interpretierte Geschichte und skrupellose Machtpolitik, da bleiben Menschenrechte und das Selbstbestimmungsrecht der V\u00f6lker au\u00dfen vor.<\/p>\n\n\n\n<p>Immerhin haben viele Regierungen in der Welt dieses Spiel durchschaut, sodass Russland in der UN-Vollversammlung nur wenig Unterst\u00fctzung findet. In Deutschland glauben aber immer noch ein paar Leute, der arme Putin sei ein Opfer und wehre sich nur, denn es sei ja von Vorneherein klar, dass die USA immer die B\u00f6sen seien. Wer so ein simples, undifferenziertes Weltbild hat, der folgt eben den russischen Propaganda-Erz\u00e4hlungen und findet auch gut, was Sahra Wagenknecht oder die AfD-Leute dazu sagen. Dabei helfen Putins Troll-Fabriken kr\u00e4ftig mit &#8212; oder bist du sicher, dass hinter einem russlandfreundlichen Post in den social media wirklich Fritz Meier aus Goslar steckt und nicht der Student Pjotr mit guten Deutschkenntnissen in einem IT-B\u00fcro in Sankt Petersburg, das bis vor Kurzem noch Prigoschin geh\u00f6rte?<\/p>\n\n\n\n<p>Aber ich nannte ja Russland nur als <em>ein<\/em> Beispiel f\u00fcr L\u00e4nder, deren Regierungen vergessen, was in der UN-Charta steht. Eine vollst\u00e4ndige Liste w\u00e4re lang, ich nenne hier nur einige: China, Nordkorea, Myanmar, Afghanistan, Iran, Syrien&#8230; da geht mir schon die Puste aus.<\/p>\n\n\n\n<p>Und Manche fragen sich: Kann das Zufall sein, dass in all den L\u00e4ndern, wo autorit\u00e4r oder diktatorisch regiert wird, auch immer ein ausgepr\u00e4gtes Machotum auff\u00e4llt? Die Machthaber, die sich als &#8222;starke M\u00e4nner&#8220; aufblasen, zeigen ein betont kraftmeierisches, lautes, gewaltbereites Auftreten, und in ihren Reden sind sie schnell dabei, mit Gewalt oder Krieg zu drohen.<\/p>\n\n\n\n<p>Peinlich wird es, wenn sich herausstellt, dass diese Machthaber vor allem gelernt haben, gro\u00dfm\u00e4ulig aufzutreten, aber dann nicht liefern k\u00f6nnen, was sie ihren Anh\u00e4ngern und dem Land versprochen haben. So haben wir derzeit in Israel eine rechtsgerichtete Regierung, an deren Spitze Premier Netanjahu um seine pers\u00f6nliche Macht k\u00e4mpft, weil ihm sonst ein Gerichtsverfahren mit einer m\u00f6glichen Verurteilung droht. Zum Erhalt der Macht paktierte er quasi mit dem Teufel, mit rechtsau\u00dfen stehenden Radikalen und Scharfmachern, die das Ziel ultraorthodoxer Radikaler erreichen wollen: Keine Zweistaatenl\u00f6sung in Koexistenz mit den Pal\u00e4stinensern, sondern Annexion der Westbank als &#8222;gelobtes Land&#8220;, in sagenumwobener, grauer Vorzeit von Gott den Juden versprochen &#8212; glauben sie.<\/p>\n\n\n\n<p>Diese sich oft mit markigen Spr\u00fcchen \u00fcberbietenden Radikalen <em>schienen<\/em> Israel Stabilit\u00e4t und St\u00e4rke zu versprechen. Umso b\u00f6ser das Erwachen am 7. Oktober 2023, als schlagartig Israels Geheimdienst, Milit\u00e4r und vor allem die &#8222;starken M\u00e4nner&#8220; an der Staatsspitze blamiert wurden, die das Land nicht vor dem Massaker der Hamas gesch\u00fctzt hatten.<\/p>\n\n\n\n<p>Das k\u00f6nnen auch nachtr\u00e4gliche Vergeltungsangriffe gegen den Gaza-Streifen nicht ungeschehen machen, geschweige denn heilen. Die Hamas wusste im Voraus, wie Israel reagieren w\u00fcrde, und hat trotzdem diesen \u00dcberfall mit den vielen Greueltaten ver\u00fcbt.<\/p>\n\n\n\n<p>Vielleicht hat die Hamas sich aber in einer Hinsicht weniger geschickt verhalten: Die M\u00f6rderbanden (anders kann ich sie aufgrund ihres Verhaltens nicht nennen) filmten sich teilweise mit Handys bei ihrem Gemetzel und den Geiselnahmen und stellten diese Aufnahmen ins Netz. Ich pers\u00f6nlich war \u00fcber die Ma\u00dfen entsetzt \u00fcber diese Ausbr\u00fcche von bestialischer Gewalt, diesem extremen Terror, und dachte mir dann: Das wird teilweise nach hinten losgehen. Solche Aufnahmen, in denen sich diese Verbrecher mit ihrem tierischen Blutdurst br\u00fcsten, wirken auf alle zivilisierten Menschen mit etwas Menschlichkeit nur <em><strong>absto\u00dfend.<\/strong><\/em> Damit kann die Hamas weder Sympathie noch Verst\u00e4ndnis gewinnen. Offenbar glaubt sie aber, damit Eigenwerbung betreiben zu k\u00f6nnen: mit zur Schau gestellter Unmenschlichkeit. <\/p>\n\n\n\n<p>Absto\u00dfend fand ich auch die spontane Freuden-Demo von einigen Leuten in Berlin, die das Massaker feierten. Was soll das denn? Ich glaube, als F\u00fchrer der Polizei-Einheit vor Ort h\u00e4tte ich zumindest die Stra\u00dfe r\u00e4umen lassen.<\/p>\n\n\n\n<p>Jemand Anderes \u00e4u\u00dfert sich zu den Sympathie-Bekundungen noch viel dezidierter: <a href=\"https:\/\/www.spiegel.de\/netzwelt\/netzpolitik\/terror-der-hamas-warum-schweigst-du-immer-noch-kolumne-a-166e96a7-2336-4038-9c01-236921f05474\">Terror der Hamas: Warum schweigst du immer noch? &#8211; Kolumne &#8211; DER SPIEGEL<\/a><\/p>\n\n\n\n<p class=\"has-text-align-center\"><strong>&#8212;&#8212;&#8212;&#8212;-<\/strong><\/p>\n\n\n\n<p>P.S. Einige Tage sp\u00e4ter zeigt sich, dass die Hamas Anh\u00e4nger und Sympathisanten in vielen St\u00e4dten auch in Europa zu mobilisieren versucht. Demonstranten halten Schilder mit pro-pal\u00e4stinensischen Parolen hoch. Da wird versucht, Unterschiede zu verwischen und f\u00fcr die Hamas Solidarit\u00e4t zu gewinnen. Aber alle, die eine Krempe am Hut haben, alle, die nicht v\u00f6llig einseitig informiert sind, wissen doch, dass die Hamas nicht f\u00fcr alle Pal\u00e4stinenser spricht, und dass sie im Gaza-Streifen seit Jahren eine Diktatur aus\u00fcbt, und bei Angriffen Israels auf die Hamas die Bev\u00f6lkerung als Geisel und Schutzschild missbraucht. Davor scheut sie genauso wenig zur\u00fcck wie vor Tagen beim wahllosen Abschlachten von Menschen auf israelischem Gebiet.<\/p>\n\n\n\n<p>Hamas ist \u00e4hnlich dem IS bem\u00fcht, maximalen Terror zu verbreiten und mit Grausamkeit sowohl die Furchtsamen einzusch\u00fcchtern als auch die sadistischen Gewaltbereiten zu beeindrucken und zu rekrutieren.<\/p>\n\n\n\n<p>Ehe nun wieder Pal\u00e4stinenser-Freunde (von denen etliche wohl eher Israel-Gegner und oft auch Antisemiten sind) hier mit ihrem &#8222;Aaaaber&#8220; kommen und grausames Vorgehen israelischen Milit\u00e4rs dagegenrechnen wollen, sei hier klargestellt: Nat\u00fcrlich gibt es durch eine teils harte Besatzungspolitik, durch Unterst\u00fctzung immer neuer j\u00fcdischer Ansiedlungen in der Westbank kritikw\u00fcrdiges Vorgehen, teils auch das Ignorieren von UN-Resolutionen. Aber auch das reicht nicht, um die <em>ganze<\/em> Geschichte des Nahostkonflikts zu erfassen und Schuldzuweisungen angemessen zu verteilen.<\/p>\n\n\n\n<p>Wer Leid immer mit Leid aufrechnet und die Wunden mit noch mehr Leid und Gewalt heilen will, ist unf\u00e4hig zum Dialog und zum Aushandeln echter L\u00f6sungen. Die Scharfmacher auf beiden Seiten haben wesentlich dazu beigetragen, die Nahost-Problematik zur Dauerkrise zu machen und &#8212; wie gerade die Hamas &#8212; jede friedliche Ann\u00e4herung zwischen Konfliktparteien zu torpedieren. Damit wird auch der Sache der Pal\u00e4stinenser nicht gedient.<\/p>\n\n\n\n<p>Netanjahu hat einige Gro\u00dfm\u00e4uler und Scharfmacher in seine Regierung geholt (Wir haben das oben schon angesprochen) und den Verfassungskonflikt um den obersten Gerichtshof vom Zaun gebrochen. <\/p>\n\n\n\n<p>Wir kennen andere L\u00e4nder, wo auch versucht wird, die Demokratie auszuh\u00f6hlen und den aktuell Regierenden weitreichende und fortdauernde Macht zuzuschanzen. Da werden Spannungen zu anderen L\u00e4ndern in Kauf genommen oder sogar provoziert, um die Bev\u00f6lkerung hinter der eigenen Fahne zu sammeln und das als nationales Interesse auszugeben. Ihr wisst hoffentlich, von welchen L\u00e4ndern ich spreche!<\/p>\n\n\n\n<p>Und da wir gerade von Scharfmachern sprechen: Die Vorg\u00e4nge in Aserbeidschan wegen der Armenier in Berg-Karabach, die aktuellen Drohungen der serbischen Regierung gegen den Kosovo &#8212; das sind nur zwei Beispiele daf\u00fcr, wie sich derzeit nicht nur Spannungen versch\u00e4rfen, sondern wie sich Machthaber und Scharfmacher geradezu ermuntert f\u00fchlen, mehr auf die Karte Gewalt und gewaltsame Verschiebung von Grenzen zu setzen&#8230; <\/p>\n\n\n\n<p>So wird die Welt nicht sicherer, und so nehmen die Fl\u00fcchtlingsstr\u00f6me noch zu, denn so sind weitere Konflikt-Eskalationen zu erwarten. Das, wie gesagt, verdanken wir zu einem gro\u00dfen Teil den gewaltaffinen Machos, die k\u00f6rperlich die Gewaltanwendung trainieren, aber das miteinander Reden und Deeskalieren nicht gelernt haben und daher schon im Privaten zum Draufhauen neigen &#8212; gegen\u00fcber ihren Frauen und Kindern, und mit der Waffe in der Hand gegen irgendwelche Feinde. <\/p>\n\n\n\n<p>Traurig, dass sich dieses Verhaltensmuster in vielen Gesellschaften dieser Erde zeigt &#8212; und damit <em>einen<\/em> Grund liefert, warum immer wieder Gewalt ausbricht&#8230; Fragt nicht nach weiteren Gr\u00fcnden: <em>Dieses<\/em> Motiv ist so gut wie immer beteiligt!<\/p>\n\n\n\n<p><em><strong>Erg\u00e4nzung am 06.02.2024:<\/strong><\/em> Uns erreichen Nachrichten, die leider best\u00e4tigen, wie grausam frauenfeindlich die Hamas-Terroristen bei ihrem \u00dcberfall am 7. Oktober vorgingen. Details sind so schrecklich, dass kein Nachrichtenportal in Einzelheiten geht. Offensichtlich sind aber zwei Dinge: 1. Der ganze \u00dcberfall auf das Musikfestival wie auf die Kibbuzim in der N\u00e4he des Gaza-Streifens war bis ins Einzelne durchgeplant, und 2. die gezielten Greueltaten an Frauen waren Teil des Plans. <\/p>\n\n\n\n<p>Wenn wir das Entsetzen \u00fcber diese Menschenfeindlichkeit einigerma\u00dfen unter Kontr\u00f6lle gebracht haben, fragen wir uns: Was sollen wir daraus lernen?<\/p>\n\n\n\n<p>Klar ist, dass die Hamas als einzigen Zweck ihres Tuns die Vertiefung der Feindschaft und als Fernziel die Vernichtung Israels im Sinn hat. Daf\u00fcr, diesen &#8222;h\u00f6chsten Zweck&#8220;, ist alles an Missetaten und Grausamkeiten erlaubt und entschuldigt. Da sprechen die Taten eine eindeutige Sprache, hinzu kommen die st\u00e4ndigen Verlautbarungen &#8212; im Gleichklang mit dem Gottesstaatsregime in Teheran, wo das Ganze noch eine religi\u00f6se und weltpolitische Weihe bekommt.<\/p>\n\n\n\n<p>Apropos Teheran: Wie war das noch mit der frauenfeindlichen Unterdr\u00fcckung&#8230;? Passt doch perfekt zur Haltung der Hamas-Banditen. Aber nicht nur zu denen. Wo auch immer in islamisch gepr\u00e4gten Staaten autorit\u00e4re Herrschaft ausge\u00fcbt wird, ist sie von M\u00e4nnern dominiert, f\u00fcr die Machismo und Frauen-Unterdr\u00fcckung elementarer Bestandteil ihres Weltbildes sind. Afghanistan ist daf\u00fcr ein Extrem-Beispiel: Was die Machthaber dort gegen Frauen verf\u00fcgen, grenzt fast ans L\u00e4cherliche, ist aber todernst gemeint. \u00dcbrigens hat das nichts mit Mohammed zu tun, sondern mit einer archaischen, aus der Dschahiliya (Zeit der Unwissenheit<em> vor<\/em> Mohammed) stammenden, verh\u00e4rteten Moral der W\u00fcste. So betrachtet, sticht die religi\u00f6se Karte nicht: Nicht der Islam, sondern M\u00e4nnerb\u00fcndelei und egoistisches Machtstreben bleiben als Motiv.<\/p>\n\n\n\n<p>Wenn ich sehe, wie auch Frauen sich auf Demonstrationen f\u00fcr die Hamas und gegen Israel zeigen, frage ich mich, wie lange das noch funktionieren kann mit politischen Zielen, die mit Religion verr\u00fchrt werden, um weniger bzw. einseitig informierte Leute zu behumsen. Aber das ist ein weiteres Thema.<\/p>\n\n\n\n<p> <\/p>\n\n\n\n<p><\/p>\n","protected":false},"excerpt":{"rendered":"<p>Viele Menschen fragen sich beklommen: In was f\u00fcr einer Welt leben wir? Wir hatten geglaubt, die Zeit von blutigen Diktatoren, von Kriegen und Gewaltorgien, von gewaltsamen Grenzverschiebungen sei so gut wie vorbei, und die Welt werde \u00fcberwiegend von Vernunft regiert. Aber was sehen, was erleben wir? In immer mehr Gebieten der Erde nimmt Gewaltt\u00e4tigkeit zu, [&hellip;]<\/p>\n","protected":false},"author":3,"featured_media":0,"comment_status":"closed","ping_status":"open","sticky":false,"template":"","format":"standard","meta":[],"categories":[1],"tags":[678,677,679,624,674,675],"_links":{"self":[{"href":"https:\/\/www.fu-frechen.de\/index.php?rest_route=\/wp\/v2\/posts\/8579"}],"collection":[{"href":"https:\/\/www.fu-frechen.de\/index.php?rest_route=\/wp\/v2\/posts"}],"about":[{"href":"https:\/\/www.fu-frechen.de\/index.php?rest_route=\/wp\/v2\/types\/post"}],"author":[{"embeddable":true,"href":"https:\/\/www.fu-frechen.de\/index.php?rest_route=\/wp\/v2\/users\/3"}],"replies":[{"embeddable":true,"href":"https:\/\/www.fu-frechen.de\/index.php?rest_route=%2Fwp%2Fv2%2Fcomments&post=8579"}],"version-history":[{"count":12,"href":"https:\/\/www.fu-frechen.de\/index.php?rest_route=\/wp\/v2\/posts\/8579\/revisions"}],"predecessor-version":[{"id":8701,"href":"https:\/\/www.fu-frechen.de\/index.php?rest_route=\/wp\/v2\/posts\/8579\/revisions\/8701"}],"wp:attachment":[{"href":"https:\/\/www.fu-frechen.de\/index.php?rest_route=%2Fwp%2Fv2%2Fmedia&parent=8579"}],"wp:term":[{"taxonomy":"category","embeddable":true,"href":"https:\/\/www.fu-frechen.de\/index.php?rest_route=%2Fwp%2Fv2%2Fcategories&post=8579"},{"taxonomy":"post_tag","embeddable":true,"href":"https:\/\/www.fu-frechen.de\/index.php?rest_route=%2Fwp%2Fv2%2Ftags&post=8579"}],"curies":[{"name":"wp","href":"https:\/\/api.w.org\/{rel}","templated":true}]}}