{"id":8581,"date":"2023-10-20T00:06:32","date_gmt":"2023-10-19T22:06:32","guid":{"rendered":"https:\/\/www.fu-frechen.de\/?p=8581"},"modified":"2023-11-23T23:15:37","modified_gmt":"2023-11-23T22:15:37","slug":"taeter-und-opfer","status":"publish","type":"post","link":"https:\/\/www.fu-frechen.de\/?p=8581","title":{"rendered":"T\u00e4ter und Opfer"},"content":{"rendered":"\n<p class=\"has-drop-cap\"><strong>Drei<\/strong> Dinge sprechen gegen die Hamas-Terroristen und \u00e4hnliche Gruppierungen: 1. Sie morden wahllos Menschen, 2. sie benutzen auch die Zivilbev\u00f6lkerung der von ihnen beherrschten Gebiete als Schutzschild, und 3. sie wussten im Voraus, dass israelisches Milit\u00e4r Gaza nach ihren Greueltaten angreifen und bombardieren w\u00fcrde, und haben das mit einkalkuliert. <\/p>\n\n\n\n<p>Daraus folgt: Die Hamas hat nicht nur maximale Opferzahlen bei ihrem Angriff auf Israel am 07.10.23 erreichen wollen, sie opfert bewusst auch eine Menge Pal\u00e4stinenser, um das dann noch als die Grausamkeit der Israelis gegen unschuldige Pal\u00e4stinenser anzuprangern. Und zur Steigerung des Terrors hat sie bei ihrem Angriff wahllos Menschen als Geiseln in den Gaza-Streifen verschleppt, um ihr Propaganda-Spiel auch mit diesen Opfern zu spielen.<\/p>\n\n\n\n<p>Und dann gehen hierzulande noch Leute auf die Stra\u00dfe und halten z.B. Schilder mit &#8222;Freiheit f\u00fcr Pal\u00e4stina&#8220; hoch. Ja, liebe Leute, zu anderen Zeiten gern &#8212; aber gerade jetzt, in dieser Situation, m\u00fcsstet Ihr diese Forderung an die Hamas richten, die ganz Anderes im Sinn hat als Freiheit f\u00fcr die Bev\u00f6lkerung im Gaza-Streifen. Ist Euch das noch nicht aufgefallen?<\/p>\n\n\n\n<p>Geradezu uns\u00e4glich und denkender Menschen unw\u00fcrdig sind die antij\u00fcdischen Ausschreitungen bzw. Anschl\u00e4ge, zu denen sich einige fanatisierte Israel- und Judenhasser ermuntert f\u00fchlen. Selbst wenn wir die Nazi-Zeit in Deutschland ausblenden k\u00f6nnten, wenn wir nur auf die Gegenwart blicken k\u00f6nnten, blieben solche Anschl\u00e4ge nicht nur kriminell, sondern auch politische Verbrechen, weil rassistisch und menschenverachtend (juristisch: Mord aus niederen Motiven).<\/p>\n\n\n\n<p>Wer das trotzdem als Heldentum und Widerstand deklariert, der ist emotional so aufgeputscht, dass ihm die Kontrolle \u00fcber seinen Verstand entgleitet. Ich wei\u00df, die derart Aufgew\u00fchlten k\u00f6nnen das nicht mehr verstehen und kennen in ihrer Wut kein ruhiges Nachdenken und Abw\u00e4gen mehr. Das macht sich auch der t\u00fcrkische Pr\u00e4sident zunutze und schwingt sich zum Sprecher aller Muslime und Israel-Hasser auf. Er nennt die Hamas Freiheitsk\u00e4mpfer und beschimpft Israel. &#8212;<\/p>\n\n\n\n<p><strong>M<\/strong>it dem Aufputschen der Gef\u00fchle arbeiten Politiker im Nahen und Mittleren Osten  schon seit Jahrzehnten. Sie nutzen das Leid der vertriebenen oder geflohenen Pal\u00e4stinenser, um ihre eigenen Interessen zu verfolgen. Es war ihnen hilfreich, Wut zu entfachen, um antiisraelische Politik zu machen und von eigenen Fehlern abzulenken, dabei waren ihnen die Pal\u00e4stinenser meist weniger wichtig.  Daher sind auch die Demonstranten, die hierzulande jetzt Israel anprangern, nicht auf der H\u00f6he der Zeit, weil sie alte Stereotype reproduzieren und grunds\u00e4tzlich den Teufel nur auf der Seite Israels sehen wollen. &#8212;<\/p>\n\n\n\n<p><strong>E<\/strong>s ist einfach unertr\u00e4glich, dass in unserem Lande Menschen dieser oder jener Minderheit Angst vor Gewalt und Anschl\u00e4gen haben m\u00fcssen! Es geht hier nicht allein um Juden, sondern generell um Menschen, die anderen Gruppen der Gesellschaft angeh\u00f6ren. Also geht es um die Frage, ob wir dulden wollen, das sich ein paar Aufgehetzte und Radikalisierte \u00fcber das Grundgesetz, \u00fcber die Freiheitsrechte aller Menschen, \u00fcber Gesetze stellen wollen und aus Deutschland ein Land machen, in dem Juden, Menschen anderer Volksgruppen oder Religionen, Menschen mit diverser sexueller Orientierung&#8230; usw., kurzum Alle, die nach Meinung einer lauten, radikalen Gruppe nicht zur Mehrheitsgesellschaft geh\u00f6ren, deshalb ausgegrenzt werden sollen, dann verfolgt, dann in Lager gesperrt &#8230; <\/p>\n\n\n\n<p>Diese Unmenschlichkeit macht nicht halt, wenn sie nicht schon in den Anf\u00e4ngen wirksam gestoppt wird. Und es wird h\u00f6chste Zeit, dass hier nicht nur offiziell von der Staatsr\u00e4son geredet wird, zu der die Sicherheit Israels geh\u00f6rt, sondern dass konkret hier bei uns Juden unbehelligt ihre Religion aus\u00fcben und ihre kulturellen Br\u00e4uche pflegen k\u00f6nnen. Wer sich daf\u00fcr einsetzt, dass Muslime, wenn sie wollen, das Kopftuch als religi\u00f6ses Zeichen tragen k\u00f6nnen, der muss auch f\u00fcr das Recht der Juden eintreten, in der \u00d6ffentlichkeit die Kippa zu tragen. Das muss man von Menschen verlangen, die hier leben und behaupten, sie st\u00fcnden auf dem Boden unserer Verfassung. &#8212;<\/p>\n\n\n\n<p><strong>G<\/strong>runds\u00e4tzlich muss klargestellt werden: Antisemitismus ist schlicht Unfug, eine geistige Verirrung, und erst recht heutzutage eines denkenden, aufgekl\u00e4rten Menschen unw\u00fcrdig. Dar\u00fcber noch zu diskutieren m\u00fcsste f\u00fcr alle ZeitgenossInnen \u00fcberfl\u00fcssig sein, weil sie selbstverst\u00e4ndlich wissen: Menschen sind im Prinzip \u00fcberall gleich, und wer eine Gruppe oder ein Volk ver\u00e4chtlich macht und herabsetzt, hat wom\u00f6glich Minderwertigkeitsgef\u00fchle, die er auf Kosten anderer Menschen loswerden m\u00f6chte. <\/p>\n\n\n\n<p>Das ist wohl zumindest einer der Gr\u00fcnde, warum sich sogar manche hochgebildete Leute nicht entbl\u00f6den, Vorurteile und Verachtung gegen andere Menschen zu teilen. Es ist ein Zeichen charakterlicher Schw\u00e4che. Sie meinen, das ist es nicht? Nun, dann muss ich mehr dahinter vermuten, n\u00e4mlich eine menschenfeindliche Gesinnung&#8230; oder eine Wahnvorstellung.<\/p>\n\n\n\n<p>W. R. <\/p>\n\n\n\n<p>Nachtrag: In einem langen Interview sagt der Schriftsteller Volker Kutscher (neuester Roman: &#8222;Der nasse Fisch&#8220;) zur aktuellen Debatte um Antisemitismus und Israel:<\/p>\n\n\n\n<blockquote class=\"wp-block-quote\">\n<p>Der Antisemitismus war ja nie weg. Aber dass er so hochkocht, sich so ungez\u00fcgelt Bahn bricht, h\u00e4tte ich nicht gedacht. Nach dem bestialischen Massaker der Hamas war ich erst einmal sprachlos. Aber statt Mitleid mit den Opfern dieses Pogroms gab es antisemitische Demonstrationen, nicht als Reaktion auf die ersten israelischen Angriffe gegen Gaza, die gab es da ja noch gar nicht, sondern als direkte Reaktion auf das Massaker. Das hat mich schockiert.<\/p>\n\n\n\n<p>(&#8230;) Dieses brutale Gemetzel, das die Hamas angerichtet hat, richtet sich ganz allgemein gegen die westliche Kultur, das ist aus demselben Geist geboren wie der IS&#8230;<\/p>\n<cite>K\u00f6lner Stadt-Anzeiger, 18.11.2023 (Magazin S. 1) <\/cite><\/blockquote>\n\n\n\n<p><\/p>\n\n\n\n<p><\/p>\n\n\n\n<p><\/p>\n","protected":false},"excerpt":{"rendered":"<p>Drei Dinge sprechen gegen die Hamas-Terroristen und \u00e4hnliche Gruppierungen: 1. Sie morden wahllos Menschen, 2. sie benutzen auch die Zivilbev\u00f6lkerung der von ihnen beherrschten Gebiete als Schutzschild, und 3. sie wussten im Voraus, dass israelisches Milit\u00e4r Gaza nach ihren Greueltaten angreifen und bombardieren w\u00fcrde, und haben das mit einkalkuliert. Daraus folgt: Die Hamas hat nicht [&hellip;]<\/p>\n","protected":false},"author":3,"featured_media":0,"comment_status":"closed","ping_status":"open","sticky":false,"template":"","format":"standard","meta":[],"categories":[1],"tags":[],"_links":{"self":[{"href":"https:\/\/www.fu-frechen.de\/index.php?rest_route=\/wp\/v2\/posts\/8581"}],"collection":[{"href":"https:\/\/www.fu-frechen.de\/index.php?rest_route=\/wp\/v2\/posts"}],"about":[{"href":"https:\/\/www.fu-frechen.de\/index.php?rest_route=\/wp\/v2\/types\/post"}],"author":[{"embeddable":true,"href":"https:\/\/www.fu-frechen.de\/index.php?rest_route=\/wp\/v2\/users\/3"}],"replies":[{"embeddable":true,"href":"https:\/\/www.fu-frechen.de\/index.php?rest_route=%2Fwp%2Fv2%2Fcomments&post=8581"}],"version-history":[{"count":13,"href":"https:\/\/www.fu-frechen.de\/index.php?rest_route=\/wp\/v2\/posts\/8581\/revisions"}],"predecessor-version":[{"id":8637,"href":"https:\/\/www.fu-frechen.de\/index.php?rest_route=\/wp\/v2\/posts\/8581\/revisions\/8637"}],"wp:attachment":[{"href":"https:\/\/www.fu-frechen.de\/index.php?rest_route=%2Fwp%2Fv2%2Fmedia&parent=8581"}],"wp:term":[{"taxonomy":"category","embeddable":true,"href":"https:\/\/www.fu-frechen.de\/index.php?rest_route=%2Fwp%2Fv2%2Fcategories&post=8581"},{"taxonomy":"post_tag","embeddable":true,"href":"https:\/\/www.fu-frechen.de\/index.php?rest_route=%2Fwp%2Fv2%2Ftags&post=8581"}],"curies":[{"name":"wp","href":"https:\/\/api.w.org\/{rel}","templated":true}]}}