{"id":8638,"date":"2023-12-07T21:31:46","date_gmt":"2023-12-07T20:31:46","guid":{"rendered":"https:\/\/www.fu-frechen.de\/?p=8638"},"modified":"2023-12-07T21:31:46","modified_gmt":"2023-12-07T20:31:46","slug":"positiver-ausblick","status":"publish","type":"post","link":"https:\/\/www.fu-frechen.de\/?p=8638","title":{"rendered":"positiver Ausblick"},"content":{"rendered":"\n<p class=\"has-drop-cap\">N&#8216; <strong>Abend<\/strong>, Freunde des guten Hopfentrunks! Sch\u00f6n, Euch zu sehen und und dieser Runde dem Alltag ein St\u00fcck weit zu entfliehen. Aber jetzt mal ohne Geschwurbel: Leev L\u00fcck, wie h\u00e4lt mer dat us, immer diese Nachrichten mit Gewalt und Krieg, und Greueltaten, die besch\u00f6nigt werden. Mannomann&#8230; So jetzt erst mal &#8212; aha, da steht es schon vor mir, das frisch gezappte K\u00f6lsch. Jupp, du bes wie immer op Zack! Prost!<br>Wat es da blo\u00df los im Nahen Osten, alle M\u00fche um Frieden wird kaputtgemacht, die Hardliner sch\u00fcren Hass und rufen zu noch mehr Gewalt auf. Wo soll das denn hinf\u00fchren? <br>Jetzt hacken sie auf Israel rum und meinen, die w\u00fcrden zu hart vorgehen im Gaza-Streifen, sollten die Zivilbev\u00f6lkerung schonen&#8230;. Wenn Putin das h\u00f6rt, kriegt er nen Lachkrampf. Aber das lassen wir hier mal beiseite. Die Hamas hat doch all das in ihre Taktik einkalkuliert, sie wartet geradezu auf schlimme Bilder aus Gaza, die um die Welt gehen. Damit soll ihr Terror am 7. Oktober relativiert oder ganz vergessen werden. <br>Alle, die noch nicht fanatisiert sind, sprechen vom Dilemma der israelischen Armee, n\u00e4mlich von der schwierigen Bek\u00e4mpfung der Terrorbande, die sich unter die Zivilbev\u00f6lkerung von Gaza mischt und neben Kinderg\u00e4rten und Krankenh\u00e4usern Raketen auf Israel abschie\u00dft und ihre Waffen lagert.<br>Ich sag schon seit Tagen: Wie w\u00e4re es, wenn Israel verk\u00fcnden w\u00fcrde, dass es seine Armee sofort aus dem Gaza-Streifen abzieht unter der Bedingung, dass sofort alle Geiseln von der Hamas freigelassen werden? Das w\u00e4re doch ein Coup! Pl\u00f6tzlich st\u00fcnde die Hamas vor der Welt\u00f6ffentlichkeit im Dilemma, sie h\u00e4tte die alleinige moralische Verantwortung f\u00fcr weiteres Blutvergie\u00dfen im Gaza-Streifen. Und wenn sie nicht darauf einginge, w\u00e4re sie in Erkl\u00e4rungsnot, warum sie die Geiseln weiter festhielte, und warum sie weiter die Pal\u00e4stinenser im Gaza-Streifen opferte.<br>Ich finde, das w\u00e4re ein k\u00fchner Schachzug, der Israel aus der Bredouille bringen k\u00f6nnte. Au\u00dferdem w\u00fcrde das Verhandlungen \u00fcber die zuk\u00fcnftige L\u00f6sung der Pal\u00e4stina-Frage g\u00fcnstig beeinflussen.<br>Aber dazu w\u00fcrde auch geh\u00f6ren, dass man auf allen Seiten nicht mehr auf die besinnungslosen Scharfmacher und Kriegtreiber h\u00f6rt, sondern den Blick auf eine m\u00f6gliche Zukunft in Frieden und Wohlstand richtet.    <br>Ach, Leute, das sollte ein Vorschlag zur G\u00fcte sein, ein Ausblick auf einen positiven Ausweg aus der Misere im Nahen Osten.<br>Ohne positive Perspektiven ist doch alles d\u00fcster und verloren, findet Ihr nicht auch?<br>In der Runde am Tresen schwiegen alle und nickten bed\u00e4chtig.<br>&#8222;Jung, dat h\u00e4ste jot jesaat,&#8220; sprach schlie\u00dflich Einer. <br><br><\/p>\n","protected":false},"excerpt":{"rendered":"<p>N&#8216; Abend, Freunde des guten Hopfentrunks! Sch\u00f6n, Euch zu sehen und und dieser Runde dem Alltag ein St\u00fcck weit zu entfliehen. Aber jetzt mal ohne Geschwurbel: Leev L\u00fcck, wie h\u00e4lt mer dat us, immer diese Nachrichten mit Gewalt und Krieg, und Greueltaten, die besch\u00f6nigt werden. Mannomann&#8230; So jetzt erst mal &#8212; aha, da steht es [&hellip;]<\/p>\n","protected":false},"author":3,"featured_media":0,"comment_status":"closed","ping_status":"open","sticky":false,"template":"","format":"standard","meta":[],"categories":[1],"tags":[678,681,680,624],"_links":{"self":[{"href":"https:\/\/www.fu-frechen.de\/index.php?rest_route=\/wp\/v2\/posts\/8638"}],"collection":[{"href":"https:\/\/www.fu-frechen.de\/index.php?rest_route=\/wp\/v2\/posts"}],"about":[{"href":"https:\/\/www.fu-frechen.de\/index.php?rest_route=\/wp\/v2\/types\/post"}],"author":[{"embeddable":true,"href":"https:\/\/www.fu-frechen.de\/index.php?rest_route=\/wp\/v2\/users\/3"}],"replies":[{"embeddable":true,"href":"https:\/\/www.fu-frechen.de\/index.php?rest_route=%2Fwp%2Fv2%2Fcomments&post=8638"}],"version-history":[{"count":2,"href":"https:\/\/www.fu-frechen.de\/index.php?rest_route=\/wp\/v2\/posts\/8638\/revisions"}],"predecessor-version":[{"id":8646,"href":"https:\/\/www.fu-frechen.de\/index.php?rest_route=\/wp\/v2\/posts\/8638\/revisions\/8646"}],"wp:attachment":[{"href":"https:\/\/www.fu-frechen.de\/index.php?rest_route=%2Fwp%2Fv2%2Fmedia&parent=8638"}],"wp:term":[{"taxonomy":"category","embeddable":true,"href":"https:\/\/www.fu-frechen.de\/index.php?rest_route=%2Fwp%2Fv2%2Fcategories&post=8638"},{"taxonomy":"post_tag","embeddable":true,"href":"https:\/\/www.fu-frechen.de\/index.php?rest_route=%2Fwp%2Fv2%2Ftags&post=8638"}],"curies":[{"name":"wp","href":"https:\/\/api.w.org\/{rel}","templated":true}]}}