{"id":8676,"date":"2024-01-19T21:52:18","date_gmt":"2024-01-19T20:52:18","guid":{"rendered":"https:\/\/www.fu-frechen.de\/?p=8676"},"modified":"2024-01-28T00:25:59","modified_gmt":"2024-01-27T23:25:59","slug":"kneipengespraech","status":"publish","type":"post","link":"https:\/\/www.fu-frechen.de\/?p=8676","title":{"rendered":"Kneipengespr\u00e4ch"},"content":{"rendered":"\n<p class=\"has-drop-cap\">I<strong>N<\/strong> meiner Stammkneipe war es an diesem Abend eher ruhig, die Unterhaltungen am Tresen und an den Tischen waren halblaut als Hintergrund-Gemurmel zu h\u00f6ren, bis krachend die T\u00fcr aufflog und ein Gast hereinst\u00fcrmte, sich abbremste und dann an den Tresen ging.<br>Die Stammg\u00e4ste am Tresen guckten erstaunt, einer fragte: &#8222;Hey, was ist los?&#8220; Der gerade Dazugesto\u00dfene wischte sich mit dem Handr\u00fccken etwas Blut unter der Nase weg, schon stellte Jupp ein frisch gezapftes K\u00f6lsch vor ihn hin und rief: &#8222;Hier, Medizin f\u00fcr die Heilung von innen!&#8220;<br>&#8222;Danke, das hat gut getan. Noch eins&#8220; &#8212; und schon hatte Jupp das n\u00e4chste fertig.<br>&#8222;Ach, Leute, was wird blo\u00df aus unserem Land!&#8220; stie\u00df der Neuangekommene seufzend hervor. &#8222;Da geht man ruhig zu seiner Kneipe, und dann kriegt man zu h\u00f6ren, wie braunes Gesocks sich auf der Stra\u00dfe aufbl\u00e4st und meint, jetzt w\u00e4ren wir soweit, dass man wieder Juden anspucken, beleidigen und bedrohen kann. Widerlich!&#8220;<br>&#8222;Aber damit hast du doch nix zu tun. Oder bist du Jude?&#8220;<br>&#8222;Das spielt doch keine Rolle! Ich will einfach nicht, dass Leute neben mir angep\u00f6belt und angegriffen werden. Egal, ob das aus was f\u00fcr einem bescheuerten Grund auch immer passiert. Und deshalb schaue ich da nicht weg, das w\u00e4re ja noch sch\u00f6ner!&#8220;<br>&#8222;Du h\u00e4ttest auch einfach weitergehen k\u00f6nnen&#8230;&#8220;<br>&#8222;&#8230; und den R\u00fcpeln freie Hand lassen? Wo kommen wir denn da hin? M\u00f6chtest du denn erleben, dass dich jemand angreift und die Leute wegschauen und einfach weitergehen?&#8220;<br>&#8222;Em&#8230; n\u00f6, das nat\u00fcrlich nicht.&#8220;  <br>&#8222;Siehste. Da muss man sofort einschreiten. Das habe ich auch getan, dem Lautesten von den Beiden habe ich an den Hals gefasst und laut gerufen: &#8218;Halt dein braunes Maul!&#8216;<br>Die Beiden waren erst verdattert, damit hatten sie nicht gerechnet. Dann haute der Andere mir seine Faust ins Gesicht, und dann rannten sie weg. Feiges Pack!&#8220; Er st\u00fcrzte das n\u00e4chste K\u00f6lsch hinunter.<br>&#8222;Wieso haben die denn \u00fcberhaupt gewusst, dass es Juden waren? Die sehen doch ganz normal aus.&#8220; &#8212;<br>&#8222;Wei\u00df ich auch nicht. Vielleicht haben sie Hebr\u00e4isch miteinander gesprochen, vielleicht sich nur \u00fcber ein j\u00fcdisches Fest unterhalten. Irgendwas haben die zwei braunen P\u00f6bler wohl mitgekriegt und gemeint, sie k\u00f6nnten mal &#8222;Herr im Haus&#8220; spielen oder den Herrenmenschen raush\u00e4ngen lassen&#8230;&#8220; &#8212;<\/p>\n\n\n\n<p>&#8222;Also, ich hab den Eindruck, dass die Leute reihenweise durchdrehen. Die kommen mit der heutigen Welt nicht klar und wollen es einfach und \u00fcberschaubar haben. Und Geduld haben sie auch nicht mehr, weder zum Zuh\u00f6ren noch sonst. Da bleibt die Vernunft leicht auf der Strecke.&#8220; &#8212;<\/p>\n\n\n\n<p>&#8222;Da hat er recht,&#8220; meinte ein Anderer, &#8222;und leichtgl\u00e4ubig sind sie auch. Der ganze Mist, der da im Internet und besonders in den <em>social media<\/em> verbreitet wird, findet mehr Follower als die seri\u00f6sen Nachrichten, die von Profis gemacht sind. Das ist so krass! Da werden Leute gefragt, wie sie sich informieren, und die sagen oft: Nix Zeitung, nix Tagesschau oder so, nee, ich informiere mich im Internet. Und was genau meinen sie? Dass sie sich gern &#8222;informieren&#8220; auf obskuren Web-Seiten und Kan\u00e4len, und meinen dann, sie seien gut informiert, w\u00e4hrend die Medien, die wir als Qualit\u00e4tsmedien kennen, angeblich alle von der Regierung gekauft sind. Dabei merken sie gar nicht, wo sie tas\u00e4chlich behumst, verarscht und aufgehetzt werden.&#8220;<\/p>\n\n\n\n<p>&#8222;Genau! Ich kenne Leute, die schon vor Jahren meinten, beim Kanal &#8222;Russia Today&#8220; k\u00f6nnten sie die ganze Wahrheit erfahren, die bei uns in den Medien angeblich verschwiegen wird. Die merkten gar nicht, dass der von Moskau verzapfte Stuss mit Recht bei uns nicht in seri\u00f6sen Medien auftaucht. Ich wette, diese Leute meinen heute, der arme Putin m\u00fcsste sich doch wehren, damit Russland nicht eingekreist w\u00fcrde.&#8220;<\/p>\n\n\n\n<p>&#8222;Klar, und deshalb hat der arme Putin in seiner Not 2014 der Ukraine die Krim weggenommen und in der Ost-Ukraine einen Krieg angezettelt. Das Tollste: Die Russen haben damals von der Ost-Ukraine aus mit einer Rakete ein Passagierflugzeug zerst\u00f6rt, und hinterher alles abgestritten und versucht, das der Ukraine in die Schuhe zu schieben.&#8220;<\/p>\n\n\n\n<p>&#8222;Ja, und angeblich waren unter den russlandfreundlichen K\u00e4mpfern auch ein paar russische Soldaten, aber nur privat am Wochenende, hie\u00df es. Was die alles f\u00fcr Verrenkungen gemacht haben, um das Offensichtliche zu vernebeln!&#8220;<\/p>\n\n\n\n<p>&#8222;Inzwischen wei\u00df man l\u00e4ngst, dass Prigoschins sogenannte Wagner-Truppe dort sehr aktiv war und gehaust hat wie eine R\u00e4uberbande. Wie brutal die waren und sind, das wei\u00df man ja auch l\u00e4ngst, seit sie letztes Jahr im Krieg ganz privat f\u00fcr Putin gek\u00e4mpft haben.&#8220; <\/p>\n\n\n\n<p>&#8222;Ach, Leute, das Ganze steht mir bis hier&#8220; (macht eine Handbewegung unter dem Kinn). &#8222;ich finde den ganzen Propaganda-Schei\u00df nicht mal mehr witzig. Und solchen Dreck sp\u00fclen sie t\u00e4glich in unsere <em>social media<\/em> und hetzen damit die Leute auf, die eh schon abdriften in eine Parallelwelt.&#8220; &#8212;<\/p>\n\n\n\n<p>&#8222;Genau, woher kommt es denn sonst, dass so viele Menschen durchdrehen und mit Messern um sich stechen oder auf Ausl\u00e4nder losgehen oder ihre Ex-Frauen oder -Freundinnen umbringen? Jeder Idiot darf schlimmste Sachen im Netz posten, und fast nie gehen Beh\u00f6rden dagegen vor. Also, ich war ja auch mal gegen Verbote, aber nun sehen wir doch, wohin das f\u00fchrt, wenn es gar keine Grenzen im Internet gibt.&#8220; &#8212;<\/p>\n\n\n\n<p>&#8222;Also, wenn ich zu sagen h\u00e4tte und das k\u00f6nnte, ich w\u00fcrde sofort das komplette Darknet abschalten, wo sich die Kriminellen tummeln. Und wenn das nicht geht, dann w\u00fcrde ich mal richtig viele geschulte Polizisten darauf ansetzen, die Verbrecher im Darknet zu stellen. Aber wir haben ja \u00fcberall zuwenig Personal.&#8220; &#8212;<\/p>\n\n\n\n<p>&#8222;Besser w\u00e4re, das ganze Internet zeitweise abzuschalten! Wenn ich das schon h\u00f6re: &#8218;Der islamistische Attent\u00e4ter hatte sich im Netz radikalisiert.&#8216; Sowas darf es nicht geben, wenn wir uns selbst ernst nehmen wollen mit unserer &#8218;wehrhaften Demokratie&#8216;. &#8212;<\/p>\n\n\n\n<p>&#8222;Da sagst du was! Nicht nur Islamisten, die ganze rassistische Bagage mit ihrer &#8218;\u00dcberlegenheit der wei\u00dfen Rasse&#8220; m\u00fcsste man vom Internet fernhalten. Die verbreiten genauso ihren Unfug, der auf Gewaltt\u00e4tigkeit und Krieg hinausl\u00e4uft. Wie soll denn da die Welt zur Ruhe kommen und friedlicher werden?&#8220; &#8212;<\/p>\n\n\n\n<p>&#8222;Eben!  Es ist wieder in Mode gekommen, mit Krieg Grenzen zu verschieben und Eroberungen zu machen. Und viel zu viele Leute machen da mit, obwohl alle wissen m\u00fcssten, dass Krieg nix Gutes bringt und die meisten, die daf\u00fcr sind oder mitmachen, dabei nix gewinnen, aber viel verlieren k\u00f6nnen.&#8220;<\/p>\n\n\n\n<p>&#8222;Das Sch\u00e4rfste: Bei uns gibt es Leute, die sich zu den wahren Friedensfreunden erkl\u00e4ren und uns erz\u00e4hlen, man solle der Ukraine keine Waffen liefern, sondern mit Putin verhandeln, dann g\u00e4be es Frieden. Ja glaubste, verarschen kann ich mich selbst! Die Ukraine fallen lassen und dann mit Putin verhandeln? Wor\u00fcber denn? Doch h\u00f6chstens \u00fcber Putins Belohnung, g\u00fcnstige Gas- und \u00d6llieferungen? Das ist doppelt naiv, denn die Welt hat sich seit Februar 2022 ein deutliches St\u00fcck weiter gedreht! Aber eine Sahra Putinknecht tut so, als k\u00f6nnten wir dann in einer friedlichen Welt leben. Menschenskind, ganz bestimmt nicht mit Putin!&#8220;<\/p>\n\n\n\n<p>(Hier musste ich zahlen und mich auf den Heimweg machen.)<\/p>\n\n\n\n<p>W. R. <\/p>\n\n\n\n<p><\/p>\n\n\n\n<p><\/p>\n\n\n\n<p> <\/p>\n\n\n\n<p><br><br><br><\/p>\n","protected":false},"excerpt":{"rendered":"<p>IN meiner Stammkneipe war es an diesem Abend eher ruhig, die Unterhaltungen am Tresen und an den Tischen waren halblaut als Hintergrund-Gemurmel zu h\u00f6ren, bis krachend die T\u00fcr aufflog und ein Gast hereinst\u00fcrmte, sich abbremste und dann an den Tresen ging.Die Stammg\u00e4ste am Tresen guckten erstaunt, einer fragte: &#8222;Hey, was ist los?&#8220; Der gerade Dazugesto\u00dfene [&hellip;]<\/p>\n","protected":false},"author":3,"featured_media":0,"comment_status":"closed","ping_status":"open","sticky":false,"template":"","format":"standard","meta":[],"categories":[1],"tags":[624,351],"_links":{"self":[{"href":"https:\/\/www.fu-frechen.de\/index.php?rest_route=\/wp\/v2\/posts\/8676"}],"collection":[{"href":"https:\/\/www.fu-frechen.de\/index.php?rest_route=\/wp\/v2\/posts"}],"about":[{"href":"https:\/\/www.fu-frechen.de\/index.php?rest_route=\/wp\/v2\/types\/post"}],"author":[{"embeddable":true,"href":"https:\/\/www.fu-frechen.de\/index.php?rest_route=\/wp\/v2\/users\/3"}],"replies":[{"embeddable":true,"href":"https:\/\/www.fu-frechen.de\/index.php?rest_route=%2Fwp%2Fv2%2Fcomments&post=8676"}],"version-history":[{"count":7,"href":"https:\/\/www.fu-frechen.de\/index.php?rest_route=\/wp\/v2\/posts\/8676\/revisions"}],"predecessor-version":[{"id":8698,"href":"https:\/\/www.fu-frechen.de\/index.php?rest_route=\/wp\/v2\/posts\/8676\/revisions\/8698"}],"wp:attachment":[{"href":"https:\/\/www.fu-frechen.de\/index.php?rest_route=%2Fwp%2Fv2%2Fmedia&parent=8676"}],"wp:term":[{"taxonomy":"category","embeddable":true,"href":"https:\/\/www.fu-frechen.de\/index.php?rest_route=%2Fwp%2Fv2%2Fcategories&post=8676"},{"taxonomy":"post_tag","embeddable":true,"href":"https:\/\/www.fu-frechen.de\/index.php?rest_route=%2Fwp%2Fv2%2Ftags&post=8676"}],"curies":[{"name":"wp","href":"https:\/\/api.w.org\/{rel}","templated":true}]}}