{"id":8688,"date":"2024-01-21T21:37:53","date_gmt":"2024-01-21T20:37:53","guid":{"rendered":"https:\/\/www.fu-frechen.de\/?p=8688"},"modified":"2024-01-21T21:53:42","modified_gmt":"2024-01-21T20:53:42","slug":"hoecke-make-germany-small-again","status":"publish","type":"post","link":"https:\/\/www.fu-frechen.de\/?p=8688","title":{"rendered":"H\u00f6cke, make Germany small again!"},"content":{"rendered":"\n<p class=\"has-drop-cap\">Man k\u00f6nnte sich fast totlachen dar\u00fcber, aber dieser Irrsinn hat Methode: Im Fernsehen sah ich Bernd, Verzeihung, Bj\u00f6rn H\u00f6cke vor einer \u00f6ffentlichen Versammlung reden, wo er die Massenptoteste in deutschen St\u00e4dten gegen die AfD und den Faschismus ansprach. Ihm fiel nichts Besseres ein, als einen irren Gedankensalto zu machen und &#8212; es ist schon unglaublich &#8212; zu behaupten, dass in den friedlichen Massenprotesten dieselben Leute gelaufen w\u00e4ren, die 1933 in Fackelz\u00fcgen f\u00fcr Hitler aufgetreten seien.<\/p>\n\n\n\n<p>Das muss man sich mal reinziehen: Der mit Amtssiegel best\u00e4tigte Faschist H\u00f6cke versucht, Demonstranten gegen den Faschismus als das Gegenteil darzustellen. Das ist L\u00fcgen nach der Methode Putin: Immer das Gegenteil behaupten, die eigenen Schandtaten Anderen zuschieben, dass sich die Balken nur so biegen.<\/p>\n\n\n\n<p>Das ist nicht frech, das ist schon halsbrecherisch tollk\u00fchn. Wie sauer muss H\u00f6cke \u00fcber diese Demonstrationen sein, dass er so einen Quark verzapft und sich damit l\u00e4cherlich macht! Jetzt werden einige Leute, die ihn bisher irgendwie noch f\u00fcr w\u00e4hlbar hielten, wohl endlich wieder ihr Gehirn einschalten und sich fragen, ob sie so einem Kerl den Steigb\u00fcgel halten sollen f\u00fcr ein politisches Amt. <\/p>\n\n\n\n<p>Wer AfD w\u00e4hlt, sagt damit im Grunde: Ja, ich will mal voll verarscht werden! Die &#8222;Altparteien&#8220; sind mir noch zu anst\u00e4ndig, aber jetzt haben wir die Chance, Deutschland ohne Skrupel so richtig in den Abgrund zu sto\u00dfen! Make Germany small again! Mit H\u00f6cke und seinen Kumpanen m\u00fcsste das gelingen.<\/p>\n\n\n\n<p>W. R.<\/p>\n\n\n\n<p>BesucherInnen, die diesen Beitrag genossen, interessierten sich auch f\u00fcr den Blog-Beitrag &#8222;K\u00f6ln-Notizen #17&#8220; vom 09.01.2015. &#8212;<\/p>\n\n\n\n<p><\/p>\n","protected":false},"excerpt":{"rendered":"<p>Man k\u00f6nnte sich fast totlachen dar\u00fcber, aber dieser Irrsinn hat Methode: Im Fernsehen sah ich Bernd, Verzeihung, Bj\u00f6rn H\u00f6cke vor einer \u00f6ffentlichen Versammlung reden, wo er die Massenptoteste in deutschen St\u00e4dten gegen die AfD und den Faschismus ansprach. Ihm fiel nichts Besseres ein, als einen irren Gedankensalto zu machen und &#8212; es ist schon unglaublich [&hellip;]<\/p>\n","protected":false},"author":3,"featured_media":0,"comment_status":"closed","ping_status":"open","sticky":false,"template":"","format":"standard","meta":[],"categories":[1,601,638,636],"tags":[342,684,683,624],"_links":{"self":[{"href":"https:\/\/www.fu-frechen.de\/index.php?rest_route=\/wp\/v2\/posts\/8688"}],"collection":[{"href":"https:\/\/www.fu-frechen.de\/index.php?rest_route=\/wp\/v2\/posts"}],"about":[{"href":"https:\/\/www.fu-frechen.de\/index.php?rest_route=\/wp\/v2\/types\/post"}],"author":[{"embeddable":true,"href":"https:\/\/www.fu-frechen.de\/index.php?rest_route=\/wp\/v2\/users\/3"}],"replies":[{"embeddable":true,"href":"https:\/\/www.fu-frechen.de\/index.php?rest_route=%2Fwp%2Fv2%2Fcomments&post=8688"}],"version-history":[{"count":5,"href":"https:\/\/www.fu-frechen.de\/index.php?rest_route=\/wp\/v2\/posts\/8688\/revisions"}],"predecessor-version":[{"id":8696,"href":"https:\/\/www.fu-frechen.de\/index.php?rest_route=\/wp\/v2\/posts\/8688\/revisions\/8696"}],"wp:attachment":[{"href":"https:\/\/www.fu-frechen.de\/index.php?rest_route=%2Fwp%2Fv2%2Fmedia&parent=8688"}],"wp:term":[{"taxonomy":"category","embeddable":true,"href":"https:\/\/www.fu-frechen.de\/index.php?rest_route=%2Fwp%2Fv2%2Fcategories&post=8688"},{"taxonomy":"post_tag","embeddable":true,"href":"https:\/\/www.fu-frechen.de\/index.php?rest_route=%2Fwp%2Fv2%2Ftags&post=8688"}],"curies":[{"name":"wp","href":"https:\/\/api.w.org\/{rel}","templated":true}]}}