{"id":8729,"date":"2024-03-17T00:01:52","date_gmt":"2024-03-16T23:01:52","guid":{"rendered":"https:\/\/www.fu-frechen.de\/?p=8729"},"modified":"2024-03-23T21:08:52","modified_gmt":"2024-03-23T20:08:52","slug":"eine-schluessige-strategie","status":"publish","type":"post","link":"https:\/\/www.fu-frechen.de\/?p=8729","title":{"rendered":"Eine schl\u00fcssige Strategie?"},"content":{"rendered":"\n<p class=\"has-drop-cap\"><strong>Mal<\/strong> wieder stand die \u00fcbliche Gruppe um den halbrunden Tresen herum und kam ins Debattieren. Jupp h\u00f6rte gleichm\u00fctig mit, hielt sich aber heraus und konzentrierte sich auf den unmittelbaren Nachschub, wenn sich Gl\u00e4ser leerten. Er war eben ein erfahrener Wirt und Gastgeber.<br>Ein Streitgespr\u00e4ch nahm gerade Fahrt auf.<br>&#8222;Nee, T\u00fcnn, dat seh ich janz anders,&#8220; ereiferte sich Heiner, &#8222;der  Kanzler macht et richtig: Kein Taurus in die Ukraine, dat es zu jef\u00e4hrlich! Nachher schie\u00dfen die dem Putin seine Lieblingsbr\u00fccke an der Krim kaputt, und dann dreht der wom\u00f6glich durch un sacht: &#8218;Jetzt reicht&#8217;s, jetzt mach ich die mit ein paar kleinen Atomwaffen platt, un dann sitze ich im Kreml un lass die Unterh\u00e4ndler zu mir kommen und um Frieden winseln.&#8220;  <br>&#8222;Nee, Heiner, dat es reine Spekulation. Aber ich finde, dat l\u00e4uft sowieso falsch bei uns. Putin wei\u00df immer schon vorweg, wat wir vorhaben, bevor et bei uns in den Nachrichten kommt un in der Zeitung steht. Aber zu allererst sagen ihm schon seine Spione und die abgeh\u00f6rten Gespr\u00e4che von F\u00fchrungsoffizieren, was bei uns geplant wird.&#8220;<br>&#8222;Deswegen;&#8220; schaltete sich Karl-Heinz ein, &#8222;w\u00fcrde ich als Kanzler sowieso zweigleisig fahren. Auf der einen Seite w\u00fcrde ich so reden wie Scholz, damit die Pazifisten in meiner Partei beruhigt sind, und auf der anderen Seite w\u00fcrde ich unter strengster Geheimhaltung den Einsatz von Taurus-Marschflugk\u00f6rpern von ukrainischen Spezialisten trainieren lassen, schon seit Monaten.&#8220;<br>&#8222;Du willst also, dass der Kanzler die \u00d6ffentlichkeit bel\u00fcgt;&#8220; polterte Heiner dazwischen.<br>&#8222;Mensch, Heiner, darum geht&#8217;s doch gar nicht.&#8220;<br>&#8222;Und worum dann?&#8220; erregte sich Heiner noch lauter.<br>&#8222;Komm mal ein bisschen runter! Es geht doch nicht um Befindlichkeiten von uns friedensverw\u00f6hnten Deutschen. Es geht darum, wie es auch Scholz gesagt hat: Die Ukraine darf diesen Krieg nicht verlieren. Und derzeit sieht es nicht so gut f\u00fcr sie aus. Der Ukraine geht die Munition aus, dabei hatten westliche Staaten viel mehr versprochen, als in letzter Zeit angekommen ist.&#8220;<br>&#8222;Daran ist doch der Kanzler nicht allein schuld,&#8220; warf T\u00fcnn ein.<br>Karl-Heinz lie\u00df sich nicht beirren. &#8222;Die Lage ist jetzt, wie sie ist. Die Russen haben keine Nachschub-Probleme, solange sehr viel \u00fcber die Kertsch-Br\u00fccke herangebracht wird. Dadurch entsteht an der Front eine russische \u00dcberlegenheit, die viele ukrainische Opfer kostet. Die Zerst\u00f6rung der Kertsch-Br\u00fccke oder wenigstens ihre nachhaltige Besch\u00e4digung w\u00fcrde einen russischen Vormarsch verhindern oder verlangsamen. Die Ukrainer w\u00fcrden Zeit gewinnen, der Westen k\u00f6nnte mehr Munition und Luftabwehr liefern&#8230;&#8220;<br>&#8222;Die Br\u00fccke ist aber auch Putins Prestigeobjekt, mit dem er sich gebr\u00fcstet hat. Er k\u00f6nnte doch ausrasten und, wie Heiner schon sagte, &#8230;&#8220;<br>&#8222;Jetzt h\u00f6rt mal auf mit Euren Spekulationen, Ihr Sandkastenstrategen! Redet nich dauernd vom Milit\u00e4r, redet lieber von Friedensverhandlungen&#8230;&#8220;<br>&#8222;&#8230; die nicht stattfinden,&#8220; warf Karl-Heinz ein. &#8222;Putin hat vot Kurzem selbst gesagt, dass er keinen Grund f\u00fcr Verhandlungen sieht. Ja, warum denn auch? Er wittert Morgenluft und hofft auf eine Niederlage der Ukraine, und weil er alles tun wird, um Trump ins Wei\u00dfe Haus zu hieven, und weil der Westen derzeit zuwenig an die Ukraine liefert, und weil bei uns immer noch R\u00fccksicht auf Friedenstauben genommen wird. Wer w\u00fcnscht sich keinen Frieden! Aber was ist das f\u00fcr eine Anma\u00dfung, den Ukrainern nahezulegen: Nun gebt doch noch was ab von Eurem Land, dann ist Ruhe. Wof\u00fcr haben die denn schon \u00fcber zwei Jahre gek\u00e4mpft?&#8220;<br>&#8222;Da hat der Karl-Heinz nen Punkt!&#8220; meinte Heiner. Es sind doch wir und andere Europ\u00e4er, die ihre Ruhe wieder haben wollen. Aber denken wir mal nach: Diese Ruhe, in der wir uns vor dem Februar 2022 w\u00e4hnten, die ist eine Illusion, auf jeden Fall f\u00fcr die Zukunft. Putin muss sich schlapp gelacht haben, als wir unsere Bundeswehr heruntergespart haben&#8230;&#8220;<br>&#8222;&#8230; und dazu die Wehrpflicht de facto abgeschafft!&#8220; rief T\u00fcnn dazwischen.<br> &#8222;Ja, schlimm,&#8220; meinte Karl-Heinz, &#8222;aber das ist Geschichte. Wir sollten aus der Geschichte lernen, aber m\u00f6glichst das Richtige. Jetzt ist die Lage so, dass Putin gewinnen k\u00f6nnte. Ich glaube, dass sich Viele immer noch nicht klar dar\u00fcber sind, was das bedeutet.&#8220;<br>&#8222;Geeenau!&#8220; meldete sich Gerhard genannt Gerry zu Wort. &#8222;Ich wei\u00df zwar nicht, ob unsere Freiheit am Hindukusch verteidigt wurde, aber ich bin mir schon viel sicherer, dass sie in der Ukraine verteidigt wird. <br>Wie man jetzt h\u00f6rte, fehlte uns in Afghanistan eine schl\u00fcssige Strategie, und teilweise auch die passende Ausr\u00fcstung f\u00fcr unsere Soldaten. Und heute? Wir unterst\u00fctzen die Ukraine mit Ausr\u00fcstung und viel Geld, um den Staat am Leben zu erhalten. Aber wenn es darum geht, dass die Russen aus dem Land gedr\u00e4ngt werden, dann h\u00f6ren wir hier so manches Herumgeeiere. Von Anfang an sagte Scholz zwar, die Ukraine darf den Krieg nicht verlieren, aber er sagte nie, sie m\u00fcsse den Krieg gewinnen. Das ist mir immer aufgesto\u00dfen, und ich habe mich gefragt: Warum sagt er es so und nicht anders? Nimmt er auf Putin R\u00fccksicht, auf seine pazifistischen Landsleute, oder auf wen? Bestimmt denn Putin allein, wann wir als Kriegspartei gelten?&#8220;<br>&#8222;Und wenn Macron den Einsatz von Bodentruppen nicht ausschlie\u00dft &#8212; ja wenn schon, das sind erst mal nur Worte, die aber Putin sagen: Wir schlie\u00dfen nicht aus, dass wir das mal tun k\u00f6nnten. Mehr nicht. Scholz aber sprang direkt darauf zu und schloss das kategorisch aus, weil wir nicht Kriegspartei werden wollen.&#8220;<\/p>\n\n\n\n<p>So ging das Gespr\u00e4ch am Tresen noch eine Weile weiter, w\u00e4hrend ich mein Essen bekam und es genoss: Gr\u00fcnkohl b\u00fcrgerlich, d.h. vermischt mit Kartoffelst\u00fcckchen, dazu Mettw\u00fcrstchen, daneben stellte die Bedienung ein frisch gezapftes K\u00f6lsch. Und ich verga\u00df f\u00fcr eine Weile, dass die Russen derzeit eine politische Spezialoperation schlucken m\u00fcssen, die sie &#8222;Wahl&#8220; nennen sollen, und dass sie seit \u00fcber zwei Jahren einer milit\u00e4rischen Spezialoperation applaudieren sollen, die sie nicht &#8222;Krieg&#8220; nennen d\u00fcrfen&#8230;<\/p>\n\n\n\n<p>W. R. <\/p>\n\n\n\n<p><em><strong>Update am 23.03.24:<\/strong><\/em> Kaum hat Putin die &#8222;Wahl&#8220; gewonnen und sich als Sieger feiern lassen, h\u00f6rt man aus Moskau gestern: Man darf die &#8222;milit\u00e4rische Spezialoperation&#8220; gegen die Ukraine jetzt auch &#8222;Krieg&#8220; nennen. Das kann nur bedeuten, dass Putin nun glaubt, es n\u00fctze ihm mehr, offen von Krieg zu sprechen, weil damit weitere (unpopul\u00e4re) Einberufungswellen besser der Bev\u00f6lkerung plausibel gemacht werden k\u00f6nnen. <\/p>\n\n\n\n<p>Die russische Bev\u00f6lkerung ist zwar nicht bl\u00f6d, aber stark eingenebelt von der Propaganda der Staatsmedien. Alternative Informationsquellen sind den meisten Russen kaum bekannt oder zug\u00e4nglich. Deshalb behauptet Putin unverfroren Dinge, an denen auch &#8222;normale&#8220; Russen zweifeln m\u00f6gen, z.B. dass die Spur der Attent\u00e4ter vom Konzertsaal in Richtung Ukraine f\u00fchre. (Allen Russen ist die voraufgegangene Serie von Anschl\u00e4gen islamistischer Attent\u00e4ter bekannt, die meist aus Tschetschenien kamen.)<\/p>\n\n\n\n<p>Das zeigt mir: 1. Putin ist besessen von seinem Krieg gegen die Ukraine, 2. Putin interessiert sich nicht f\u00fcr Menschen, sondern allein f\u00fcr die Festigung seiner Macht &#8212; denn gerade dieses Attentat, f\u00fcr das eine IS-Gruppe die Verantwortung reklamiert, zeigt, dass er und sein Geheimdienst nicht alles im Griff haben, und das trotz Vorwarnung.  Aber ich sage nur: Erz\u00e4hl&#8216; mir was Neues \u00fcber Putin, das ist doch nur sein \u00fcbliches Verhalten.<\/p>\n\n\n\n<p> <\/p>\n\n\n\n<p> <\/p>\n","protected":false},"excerpt":{"rendered":"<p>Mal wieder stand die \u00fcbliche Gruppe um den halbrunden Tresen herum und kam ins Debattieren. Jupp h\u00f6rte gleichm\u00fctig mit, hielt sich aber heraus und konzentrierte sich auf den unmittelbaren Nachschub, wenn sich Gl\u00e4ser leerten. Er war eben ein erfahrener Wirt und Gastgeber.Ein Streitgespr\u00e4ch nahm gerade Fahrt auf.&#8222;Nee, T\u00fcnn, dat seh ich janz anders,&#8220; ereiferte sich [&hellip;]<\/p>\n","protected":false},"author":3,"featured_media":0,"comment_status":"closed","ping_status":"open","sticky":false,"template":"","format":"standard","meta":[],"categories":[1,636],"tags":[],"_links":{"self":[{"href":"https:\/\/www.fu-frechen.de\/index.php?rest_route=\/wp\/v2\/posts\/8729"}],"collection":[{"href":"https:\/\/www.fu-frechen.de\/index.php?rest_route=\/wp\/v2\/posts"}],"about":[{"href":"https:\/\/www.fu-frechen.de\/index.php?rest_route=\/wp\/v2\/types\/post"}],"author":[{"embeddable":true,"href":"https:\/\/www.fu-frechen.de\/index.php?rest_route=\/wp\/v2\/users\/3"}],"replies":[{"embeddable":true,"href":"https:\/\/www.fu-frechen.de\/index.php?rest_route=%2Fwp%2Fv2%2Fcomments&post=8729"}],"version-history":[{"count":10,"href":"https:\/\/www.fu-frechen.de\/index.php?rest_route=\/wp\/v2\/posts\/8729\/revisions"}],"predecessor-version":[{"id":8755,"href":"https:\/\/www.fu-frechen.de\/index.php?rest_route=\/wp\/v2\/posts\/8729\/revisions\/8755"}],"wp:attachment":[{"href":"https:\/\/www.fu-frechen.de\/index.php?rest_route=%2Fwp%2Fv2%2Fmedia&parent=8729"}],"wp:term":[{"taxonomy":"category","embeddable":true,"href":"https:\/\/www.fu-frechen.de\/index.php?rest_route=%2Fwp%2Fv2%2Fcategories&post=8729"},{"taxonomy":"post_tag","embeddable":true,"href":"https:\/\/www.fu-frechen.de\/index.php?rest_route=%2Fwp%2Fv2%2Ftags&post=8729"}],"curies":[{"name":"wp","href":"https:\/\/api.w.org\/{rel}","templated":true}]}}