{"id":8846,"date":"2024-06-30T12:34:11","date_gmt":"2024-06-30T10:34:11","guid":{"rendered":"https:\/\/www.fu-frechen.de\/?p=8846"},"modified":"2024-07-18T18:25:46","modified_gmt":"2024-07-18T16:25:46","slug":"offen-rassistisch","status":"publish","type":"post","link":"https:\/\/www.fu-frechen.de\/?p=8846","title":{"rendered":"Offen rassistisch"},"content":{"rendered":"\n<p class=\"has-drop-cap\"><strong>NUN<\/strong> ist wissenschaftlich festgestellt: Rechtspopulisten reden die Welt schlecht, insbesondere die Lage im eigenen Land, und verbreiten miese Stimmung &#8212; mit der Folge, dass ihre W\u00e4hlerInnen die Lage d\u00fcsterer beurteilen, als sie objektiv ist, und auch ihre pers\u00f6nliche Situation negativer sehen, als es vern\u00fcnftig zu begr\u00fcnden w\u00e4re.<br>Das kann man gut bei den Trump-W\u00e4hlerInnen beobachten, aber auch bei denen der AfD. <em>Missmutig<\/em> blicken sie in die Welt und lassen sich mental herunterziehen. Da geht es gar nicht mehr um sachliche Kritik, da wird in Bausch und Bogen alles schlecht geredet und abgelehnt. Da wird alles verteufelt, was von der Regierung kommt, von &#8222;denen da oben&#8220;, die vom Volk gew\u00e4hlt wurden, aber angeblich alle nur an sich denken. <br>Das kann man weiter fortsetzen, aber es zeigt schon: Die Populisten f\u00f6rdern eine kindliche Naivit\u00e4t, die glaubt, man k\u00f6nne eine sch\u00f6ngeredete Vergangenheit wieder herstellen; die glaubt, ein autorit\u00e4rer \u00dcbervater w\u00fcrde einem die Sorgen abnehmen und alles in (strenge) Ordnung bringen, und dann w\u00e4re alles gut. <\/p>\n\n\n\n<p>Zur strengen Ordnungsvorstellung geh\u00f6rt auch, Menschen zu sortieren &#8212; nach Hautfarbe, nach &#8222;der geh\u00f6rt zu uns&#8220; und &#8222;der nicht&#8220;. Da soll eine lebendige Lebenswirklichkeit zerst\u00f6rt werden, indem man grob sortiert wie die Baukl\u00f6tzchen in einem Holzkasten. <\/p>\n\n\n\n<p>Und w\u00e4hrend die Fu\u00dfball-Europameisterschaft der M\u00e4nner im eigenen Land stattfindet und viele Menschen bewegt, kommen ein paar AfD-K\u00f6pfe daher, machen uns die eigene Nationalmannschaft mies und fordern de facto zu einem Boykott der &#8222;Regenbogenmannschaft&#8220; auf! <\/p>\n\n\n\n<p>Braucht es einen deutlicheren Beweis daf\u00fcr, dass Rechtspopulisten, wie oben gesagt, miese Stimmung verbreiten, und dass sie sogar offen rassistisch gegen angeblich nicht zu Deutschland geh\u00f6rende Menschen hetzen? <\/p>\n\n\n\n<p>W. R. <br><\/p>\n\n\n\n<p>P.S. Wer meint, Pessimismus sei die einzig angesagte Stimmungslage f\u00fcr die Zukunft, der halte einmal inne und denke an positive Fortschritte, an Menschlichkeit und soziale Taten, die sich auch auf dem Konto des Homo Sapiens finden lassen. Es ist nicht alles mies und schlecht und hoffnungslos, sondern&#8230; Dazu gibt es nachdenkliche Beitr\u00e4ge wie diesen: &gt;<a href=\"https:\/\/www.spiegel.de\/politik\/pessimismus-warum-wir-trotzdem-an-das-gute-glauben-sollten-kolumne-a-3a242c38-040b-47a9-a93b-bde4e9998147\">Pessimismus: Warum wir trotzdem an das Gute glauben sollten &#8211; Kolumne &#8211; DER SPIEGEL<\/a><\/p>\n\n\n\n<p>P.P.S., 01.07.2024 Sieht so aus, als k\u00f6nnte Trump noch einmal zum US-Pr\u00e4sidenten gew\u00e4hlt werden. Wenn Trump die Galeonsfigur der &#8222;white supremacy&#8220; sein sollte, dann kann man nur feststellen: Die Wahl eines inkompetenten und zugleich gro\u00dfm\u00e4uligen D\u00f6dels blamiert die selbsternannte &#8222;Herrenrasse&#8220; und offenbart einmal mehr den Schwachsinn aller rassistischen Vorstellungen. Aber da es vielen Menschen offenbar gef\u00e4llt, sich grundlos f\u00fcr etwas Besseres zu halten, ist Rassismus immer noch verbreitet.  <\/p>\n\n\n\n<p class=\"has-text-align-center\"><img decoding=\"async\" loading=\"lazy\" width=\"286\" height=\"213\" class=\"wp-image-8215\" style=\"width: 105px;\" src=\"https:\/\/www.fu-frechen.de\/wp-content\/uploads\/2023\/03\/1v-Vign.-wr-1.jpg\" alt=\"\"><\/p>\n","protected":false},"excerpt":{"rendered":"<p>NUN ist wissenschaftlich festgestellt: Rechtspopulisten reden die Welt schlecht, insbesondere die Lage im eigenen Land, und verbreiten miese Stimmung &#8212; mit der Folge, dass ihre W\u00e4hlerInnen die Lage d\u00fcsterer beurteilen, als sie objektiv ist, und auch ihre pers\u00f6nliche Situation negativer sehen, als es vern\u00fcnftig zu begr\u00fcnden w\u00e4re.Das kann man gut bei den Trump-W\u00e4hlerInnen beobachten, aber [&hellip;]<\/p>\n","protected":false},"author":3,"featured_media":0,"comment_status":"closed","ping_status":"open","sticky":false,"template":"","format":"standard","meta":[],"categories":[1,534,483,544],"tags":[342,395,351],"_links":{"self":[{"href":"https:\/\/www.fu-frechen.de\/index.php?rest_route=\/wp\/v2\/posts\/8846"}],"collection":[{"href":"https:\/\/www.fu-frechen.de\/index.php?rest_route=\/wp\/v2\/posts"}],"about":[{"href":"https:\/\/www.fu-frechen.de\/index.php?rest_route=\/wp\/v2\/types\/post"}],"author":[{"embeddable":true,"href":"https:\/\/www.fu-frechen.de\/index.php?rest_route=\/wp\/v2\/users\/3"}],"replies":[{"embeddable":true,"href":"https:\/\/www.fu-frechen.de\/index.php?rest_route=%2Fwp%2Fv2%2Fcomments&post=8846"}],"version-history":[{"count":11,"href":"https:\/\/www.fu-frechen.de\/index.php?rest_route=\/wp\/v2\/posts\/8846\/revisions"}],"predecessor-version":[{"id":8886,"href":"https:\/\/www.fu-frechen.de\/index.php?rest_route=\/wp\/v2\/posts\/8846\/revisions\/8886"}],"wp:attachment":[{"href":"https:\/\/www.fu-frechen.de\/index.php?rest_route=%2Fwp%2Fv2%2Fmedia&parent=8846"}],"wp:term":[{"taxonomy":"category","embeddable":true,"href":"https:\/\/www.fu-frechen.de\/index.php?rest_route=%2Fwp%2Fv2%2Fcategories&post=8846"},{"taxonomy":"post_tag","embeddable":true,"href":"https:\/\/www.fu-frechen.de\/index.php?rest_route=%2Fwp%2Fv2%2Ftags&post=8846"}],"curies":[{"name":"wp","href":"https:\/\/api.w.org\/{rel}","templated":true}]}}