{"id":8957,"date":"2024-08-28T00:33:42","date_gmt":"2024-08-27T22:33:42","guid":{"rendered":"https:\/\/www.fu-frechen.de\/?p=8957"},"modified":"2024-09-15T17:06:12","modified_gmt":"2024-09-15T15:06:12","slug":"gottes-wille","status":"publish","type":"post","link":"https:\/\/www.fu-frechen.de\/?p=8957","title":{"rendered":"Gottes Wille?"},"content":{"rendered":"\n<p class=\"has-drop-cap\">W<strong>ENN<\/strong> Frauen zu Nutztieren herabgestuft und fast schon in K\u00e4figen gehalten werden, dann werden die Fantasien der Taliban in Afghanistan Wirklichkeit. Und wir fragen uns: Sind das Verr\u00fcckte, die da an die Macht gekommen sind und lebensfeindliche Wahnvorstellungen in die Tat umsetzen wollen?<br>Aber \u00e4hnlich Verr\u00fcckte mit extrem frauenfeindlichen Vorstellungen finden wir auch anderswo. Im Iran will das Regime Frauen \u00e4hnlich unterdr\u00fccken und au\u00dferdem jeglichen Widerspruch mit allen Mitteln abw\u00fcrgen.<br>Sind Frauen in deren Augen \u00fcberhaupt Menschen? Der Mann als selbsternannter Herrenmensch steht \u00fcber ihnen &#8212; aber nicht aufgrund irgendwelcher Verdienste oder Menschenfreundlichkeit, sondern allein aus der Einbildung des Machos heraus. <br>Neiiin, das ist Gottesl\u00e4sterung! emp\u00f6ren sich nun die Machos mit Islamisten-Gesinnung. Der Mann ist nach Gottes Willen \u00fcber die Frau gesetzt! Jou, mach mal halblang, Junge, das behaupteten die alten wei\u00dfen M\u00e4nner der christlichen Kirchen schon sehr lange. Und trotzdem (Manche w\u00fcrden sagen: gerade deshalb) sind da Fragezeichen zu setzen. <br>Bei Euch, im vorderasiatischen Raum, gab es Machismo schon lange vor der Entstehung des Islam; Mohammed hat sogar die h\u00e4rtesten Ausw\u00fcchse abgeschw\u00e4cht. Wer sich also als frauenhassender Moslem auf Mohammed berufen will, der sollte sich vorsehen und sich erst einmal richtig informieren, statt nur auf Hassprediger zu h\u00f6ren. Denn extreme Unterdr\u00fcckung der Frauen ist eher ein Kennzeichen der Dschahiliya, der &#8222;Zeit der Unwissenheit&#8220; vor dem Auftreten des Propheten. <br>Mir scheint also, dass die M\u00e4nner des iranischen Gottesstaates und die Taliban in Afghanistan Beispiele daf\u00fcr sind, wie eine Religion einseitig ausgelegt wird, um sie als Machtmittel zu benutzen und die Menschen gef\u00fcgig zu machen. <br>Wenn Einer daherkommt und sagt: Ich kenne Gottes Willen, er will die Unterjochung der Frauen und die Vernichtung aller Menschen, die meiner Ideologie nicht zustimmen &#8212; dann muss man hellh\u00f6rig werden und auf kritische Distanz gehen. Wenn er dar\u00fcber hinaus den Menschen alle Lebensfreude vermiesen will und Musik und Tanz untersagt, dann fragt sich doch jeder Mensch bei Verstand, welcher D\u00e4mon diesen Prediger reitet, der behauptet, Gottes Willen zu kennen.<br>Wir haben in der Geschichte immer mal wieder solche Figuren gesehen, die menschenfeindlichen Unfug predigten und kraft einer gewissen Ausstrahlung Anh\u00e4nger um sich scharen konnten. Aber die meisten von ihnen sind (gottlob) auch wieder von der Bildfl\u00e4che verschwunden, ohne gr\u00f6\u00dferen Schaden anzurichten.<\/p>\n\n\n\n<p>Leute, lasst Euch nicht Euren Verstand abschwatzen, haltet Distanz zu Fanatikern, entzieht Euch jeder Gehirnw\u00e4sche! Wozu hat Euch Euer Sch\u00f6pfer denn Hirn gegeben? Dank der Gnade Gottes d\u00fcrft Ihr dieses auch benutzen. Also blamiert Euch nicht, indem Ihr ohne Nachdenken irgendwelchen F\u00fchrern hinterherlauft, die Euch vom Denken abhalten wollen und bedingungslosen Glauben fordern. Das gilt in religi\u00f6sen Fragen genauso wie in politischen. <\/p>\n\n\n\n<p>Wer Euch zum Hass aufputschen will, den findet verd\u00e4chtig und fragt Euch, was er wirklich im Schilde f\u00fchrt! Denn Hass macht blind und tr\u00fcbt den Verstand. <strong><em>Gott will<\/em> aber, dass Ihr seine Gabe nutzt, also sch\u00e4rft Euren Verstand, und seid neugierig auf die Welt und auf mehr Wissen. Soviel kann man auf jeden Fall \u00fcber Gottes Willen sagen.<\/strong><\/p>\n\n\n\n<p>Noch ein Hinweis f\u00fcr Fortgeschrittene: Wer sich viel im Internet umschaut und besonders viel in den <em>social media<\/em> herumsurft und -wischt, der sei auf der Hut vor unbemerkter Manipulation. Wir sollten es nicht nur wissen, wir sollten es auch im Hinterkopf pr\u00e4sent haben, w\u00e4hrend wir da unterwegs sind: Was uns pr\u00e4sentiert wird, bestimmt ein ausgefeilter Algorithmus, und der kennt unsere Vorlieben und auch unsere Sensationslust genau&#8230; Wir glauben, wir bestimmten selbst die Auswahl der gezeigten Inhalte und Seiten, aber das ist ein Glaube ohne reale Grundlage. Die meisten von uns sind sowieso viel zu schnell beim Klicken und Wischen, um auch mal kritisch innezuhalten und zu \u00fcberlegen, was da abgeht, und was sie da eigentlich tun (und wieviel Zeit das kostet). Nein, keine Zeit zum \u00dcberlegen, da warten schon die n\u00e4chsten Sensationen und witzigen Tiervideos, die der Algorithmus geschickt anbietet. <\/p>\n\n\n\n<p>Wer nicht daran gew\u00f6hnt ist, Dinge oder Vorg\u00e4nge auch mal kritisch zu hinterfragen und zu pr\u00fcfen, der hat es schwer, Manipulation \u00fcberhaupt zu bemerken. Also bitte, seid vorsichtig und schaltet Euer Hirn nicht auf doof, wenn Ihr im Internet unterwegs seid! *<\/p>\n\n\n\n<p>S. R. <\/p>\n\n\n\n<p>Hier noch eine Klarstellung zum Thema &#8222;Islamismus&#8220; in Deutschland: <a href=\"https:\/\/www.spiegel.de\/netzwelt\/netzpolitik\/mordanschlag-in-solingen-diesmal-koennte-sich-tatsaechlich-etwas-aendern-kolumne-a-7a954bd2-b496-4fe4-8900-f2755743c3d3\">Mordanschlag in Solingen: Diesmal k\u00f6nnte sich tats\u00e4chlich etwas \u00e4ndern &#8211; Kolumne &#8211; DER SPIEGEL<\/a>  &#8212;<\/p>\n\n\n\n<p>* Dazu ein aktuelles Beispiel ><a href=\"https:\/\/www.spiegel.de\/netzwelt\/netzpolitik\/doppelgaenger-prorussische-propagandakampagne-verlinkt-auf-gefaelschte-nachrichtenseiten-a-36461b4f-8fcf-40be-9bc8-5ea077843706\">\u00bbDoppelg\u00e4nger\u00ab: Prorussische Propagandakampagne verlinkt auf gef\u00e4lschte Nachrichtenseiten &#8211; DER SPIEGEL<\/a>  Putins Leute schrecken vor keiner F\u00e4lschung zur\u00fcck, und der Superreiche Elon Musk nimmt sich ebenso das Recht heraus, seine Macht zu missbrauchen &#8212; nach dem Motto: Ich kann es, also mache ich&#8217;s. Moralische Bedenken? Fehlanzeige.  <\/p>\n\n\n\n<p class=\"has-text-align-center\"><strong>&#8212;&#8212;-o-o-o&#8212;&#8212;-<\/strong><\/p>\n\n\n\n<p><\/p>\n\n\n\n<p><\/p>\n","protected":false},"excerpt":{"rendered":"<p>WENN Frauen zu Nutztieren herabgestuft und fast schon in K\u00e4figen gehalten werden, dann werden die Fantasien der Taliban in Afghanistan Wirklichkeit. Und wir fragen uns: Sind das Verr\u00fcckte, die da an die Macht gekommen sind und lebensfeindliche Wahnvorstellungen in die Tat umsetzen wollen?Aber \u00e4hnlich Verr\u00fcckte mit extrem frauenfeindlichen Vorstellungen finden wir auch anderswo. Im Iran [&hellip;]<\/p>\n","protected":false},"author":3,"featured_media":0,"comment_status":"closed","ping_status":"open","sticky":false,"template":"","format":"standard","meta":[],"categories":[1,453,638],"tags":[352,362,589],"_links":{"self":[{"href":"https:\/\/www.fu-frechen.de\/index.php?rest_route=\/wp\/v2\/posts\/8957"}],"collection":[{"href":"https:\/\/www.fu-frechen.de\/index.php?rest_route=\/wp\/v2\/posts"}],"about":[{"href":"https:\/\/www.fu-frechen.de\/index.php?rest_route=\/wp\/v2\/types\/post"}],"author":[{"embeddable":true,"href":"https:\/\/www.fu-frechen.de\/index.php?rest_route=\/wp\/v2\/users\/3"}],"replies":[{"embeddable":true,"href":"https:\/\/www.fu-frechen.de\/index.php?rest_route=%2Fwp%2Fv2%2Fcomments&post=8957"}],"version-history":[{"count":13,"href":"https:\/\/www.fu-frechen.de\/index.php?rest_route=\/wp\/v2\/posts\/8957\/revisions"}],"predecessor-version":[{"id":9024,"href":"https:\/\/www.fu-frechen.de\/index.php?rest_route=\/wp\/v2\/posts\/8957\/revisions\/9024"}],"wp:attachment":[{"href":"https:\/\/www.fu-frechen.de\/index.php?rest_route=%2Fwp%2Fv2%2Fmedia&parent=8957"}],"wp:term":[{"taxonomy":"category","embeddable":true,"href":"https:\/\/www.fu-frechen.de\/index.php?rest_route=%2Fwp%2Fv2%2Fcategories&post=8957"},{"taxonomy":"post_tag","embeddable":true,"href":"https:\/\/www.fu-frechen.de\/index.php?rest_route=%2Fwp%2Fv2%2Ftags&post=8957"}],"curies":[{"name":"wp","href":"https:\/\/api.w.org\/{rel}","templated":true}]}}