{"id":8962,"date":"2024-08-29T18:57:23","date_gmt":"2024-08-29T16:57:23","guid":{"rendered":"https:\/\/www.fu-frechen.de\/?p=8962"},"modified":"2024-10-22T16:03:19","modified_gmt":"2024-10-22T14:03:19","slug":"einwurf-gehirn-einschalten","status":"publish","type":"post","link":"https:\/\/www.fu-frechen.de\/?p=8962","title":{"rendered":"Einwurf: Gehirn einschalten!"},"content":{"rendered":"\n<p class=\"has-drop-cap\">E<strong>INWURF<\/strong>: Man h\u00f6rt, die AfD sei eine Gefahr f\u00fcr unsere Demokratie. Das ist viel zu sanft formuliert, denn die AfD und die gewaltbereiten Islamisten triggern sich gegenseitig und f\u00f6rdern dumme Kurzsichtigkeit bei ihren Anh\u00e4ngern und Sympathisanten. Beide Seiten s\u00e4gen am Ast, auf dem wir sitzen: Die Islamisten wollen unsere Freiheit zerst\u00f6ren, ebenso die Rechtslastigen, und das sogar aus \u00e4hnlichen Motiven. <br>Die AfD will, dass im AfD-Staat wieder der Blockwart ums Haus patrouilliert und unser Leben \u00fcberwacht &#8212; genau wie im Gottesstaat auch. Au\u00dferdem will die AfD unsere Wirtschaft ruinieren.<br>Putin gef\u00e4llt das. Wen das nicht st\u00f6rt, der lege endlich seine Scheuklappen ab, im Zweifel kann man hier im Blog nachlesen, wer Putin ist (siehe &#8222;Putin verstehen&#8220;, u.a. Beitr\u00e4ge). Und kommt mir nicht mit dem BSW! \u00c4hnliche Masche, von der cleveren Sahra Putinknecht eingef\u00e4delt, bei Trump viel abgeschaut und von Lafontaine verfeinert. <br>Ehe mir \u00fcbel wird, noch dies: Meine letzte Hoffnung setze ich auf die Vern\u00fcnftigen, die nicht allein aus dem Bauch heraus politische Entscheidungen treffen, sondern dazu auch ihr Gehirn einschalten.<br>W. R.<\/p>\n\n\n\n<p>Noch eins: Ich habe <strong>nichts gegen Russland-Freundlichkeit<\/strong>, im Gegenteil, ich habe auch Sympathie mit den Menschen in Russland. Aber gerade deswegen kann ich diesen blutigen M\u00f6chtegern-Zaren Putin nicht guthei\u00dfen. Wieviele Zehntausend junge Soldaten mussten schon f\u00fcr seine Machtfantasien sterben? Wieviele gute Leute mit Gewissen hat er schon in Lager gesteckt oder umbringen lassen? Dieser skrupellose Geheimdienst-Mann an der Spitze des Machtapparates bringt Unheil \u00fcber Russland.<\/p>\n\n\n\n<p>\u00dcbrigens, Ihr Algorithmus-Gesteuerten: Was Ihr in den <em>social media<\/em> als &#8222;russlandfreundlich&#8220; wahrnehmt, ist getarnte Putin-Propaganda, und wer es jetzt noch nicht begreift, der kommt aus seiner Blase eh nicht mehr raus. Merke: <strong>Russlandfreundlich sein hei\u00dft, gegen Putin sein.<\/strong> Punkt. <\/p>\n\n\n\n<p>Und hallo, Ihr Algorithmus-Gesteuerten und Verschw\u00f6rungsgl\u00e4ubigen: Den &#8222;gro\u00dfen Austausch&#8220; der Bev\u00f6lkerung gibt es tats\u00e4chlich &#8212; aber ganz woanders, als Ihr glaubt! Den gibt es in Russland und den von Russland besetzten Gebieten der Ukraine, da werden nicht nur Kinder entf\u00fchrt und weit weg in Russland zu Putin-treuen &#8222;Patrioten&#8220; erzogen, da werden Menschen aus Russland in gr\u00f6\u00dferen Mengen umgesiedelt und in die H\u00e4user von get\u00f6teten oder geflohenen Ukrainern eingewiesen. Putin kn\u00fcpft damit auch an alte, von Zaren und von Stalin ver\u00fcbte Praktiken an. Auf Menschen und ihre W\u00fcnsche wird da grunds\u00e4tzlich <em>keine<\/em> R\u00fccksicht genommen, da findet in der Tat ein geplanter und von oben verordneter Bev\u00f6lkerungsaustausch statt. <\/p>\n\n\n\n<p class=\"has-text-align-center\"><strong>&#8212;&#8211;o-o-o&#8212;&#8211;<\/strong><\/p>\n","protected":false},"excerpt":{"rendered":"<p>EINWURF: Man h\u00f6rt, die AfD sei eine Gefahr f\u00fcr unsere Demokratie. Das ist viel zu sanft formuliert, denn die AfD und die gewaltbereiten Islamisten triggern sich gegenseitig und f\u00f6rdern dumme Kurzsichtigkeit bei ihren Anh\u00e4ngern und Sympathisanten. Beide Seiten s\u00e4gen am Ast, auf dem wir sitzen: Die Islamisten wollen unsere Freiheit zerst\u00f6ren, ebenso die Rechtslastigen, und [&hellip;]<\/p>\n","protected":false},"author":3,"featured_media":0,"comment_status":"closed","ping_status":"open","sticky":false,"template":"","format":"standard","meta":[],"categories":[1,534,601,544],"tags":[342,699,395,700,624],"_links":{"self":[{"href":"https:\/\/www.fu-frechen.de\/index.php?rest_route=\/wp\/v2\/posts\/8962"}],"collection":[{"href":"https:\/\/www.fu-frechen.de\/index.php?rest_route=\/wp\/v2\/posts"}],"about":[{"href":"https:\/\/www.fu-frechen.de\/index.php?rest_route=\/wp\/v2\/types\/post"}],"author":[{"embeddable":true,"href":"https:\/\/www.fu-frechen.de\/index.php?rest_route=\/wp\/v2\/users\/3"}],"replies":[{"embeddable":true,"href":"https:\/\/www.fu-frechen.de\/index.php?rest_route=%2Fwp%2Fv2%2Fcomments&post=8962"}],"version-history":[{"count":12,"href":"https:\/\/www.fu-frechen.de\/index.php?rest_route=\/wp\/v2\/posts\/8962\/revisions"}],"predecessor-version":[{"id":9100,"href":"https:\/\/www.fu-frechen.de\/index.php?rest_route=\/wp\/v2\/posts\/8962\/revisions\/9100"}],"wp:attachment":[{"href":"https:\/\/www.fu-frechen.de\/index.php?rest_route=%2Fwp%2Fv2%2Fmedia&parent=8962"}],"wp:term":[{"taxonomy":"category","embeddable":true,"href":"https:\/\/www.fu-frechen.de\/index.php?rest_route=%2Fwp%2Fv2%2Fcategories&post=8962"},{"taxonomy":"post_tag","embeddable":true,"href":"https:\/\/www.fu-frechen.de\/index.php?rest_route=%2Fwp%2Fv2%2Ftags&post=8962"}],"curies":[{"name":"wp","href":"https:\/\/api.w.org\/{rel}","templated":true}]}}