{"id":9042,"date":"2024-10-03T17:22:12","date_gmt":"2024-10-03T15:22:12","guid":{"rendered":"https:\/\/www.fu-frechen.de\/?p=9042"},"modified":"2024-10-03T17:22:12","modified_gmt":"2024-10-03T15:22:12","slug":"zum-3-10","status":"publish","type":"post","link":"https:\/\/www.fu-frechen.de\/?p=9042","title":{"rendered":"Zum 3.10."},"content":{"rendered":"\n<p><mark style=\"background-color:rgba(0, 0, 0, 0)\" class=\"has-inline-color has-dark-gray-color\"><strong>Z<\/strong>um Feiertag 3.10.24 ein paar gef\u00fchlte Weisheiten:<\/mark><\/p>\n\n\n\n<p>AfD=Abstieg f\u00fcr Deutschland &#8212; eine einleuchtende Formel, wenn man h\u00f6rt, was die AfD f\u00fcr Deutschlands Wirtschaft plant. &#8212; <br>&#8222;Schluss mit dem Schuldkult!&#8220; fordern Rechtsradikale, denn sie wollen in den K\u00f6pfen Platz schaffen f\u00fcr die n\u00e4chsten Gewaltverbrechen, die sie vorhaben. Welche? Da w\u00e4re z.B. die Vertreibung von hier lebenden Migranten, nicht nur mit Schikanen, sondern mit Gewalt (egal, wohin sie dann fliehen k\u00f6nnten). Da w\u00e4re z.B. die aktive Bek\u00e4mpfung aller modernen gesellschaftlichen Entwicklungen, angefangen bei der Toleranz gegen\u00fcber vielf\u00e4ltigen Lebensentw\u00fcrfen und sexuellen Orientierungen, dann bei der Selbstbestimmung der Frau als gleichberechtigt gegen\u00fcber dem Mann, ferner bei dem Leitbild von M\u00e4nnlichkeit, welche wie anno dunnemals vorgestellt wird, und dann auch einer &#8222;deutschen Leitkultur&#8220; als Vorschrift f\u00fcr Kulturschaffende und Lehrplan-Muster f\u00fcr das Schulwesen, etc.  <\/p>\n\n\n\n<p>Wenn Putin wieder Stalin zu Ehren kommen l\u00e4sst (wohl sein heimliches Vorbild) und Maduro sogar Weinachten offiziell am 1.10.24 feiern l\u00e4sst, dann m\u00fcsste nach Meinung vieler autorit\u00e4tsgl\u00e4ubiger Menschen doch auch bei uns m\u00f6glich werden, dass wieder ein &#8222;starker Mann&#8220; uns sagt, wo&#8217;s langgeht, und mal richtig &#8222;aufr\u00e4umt&#8220; mit dem ganzen modernen Schei\u00df, dem &#8222;links-gr\u00fcn versifften&#8220;. Wenn dabei ein paar Leute zu Schaden kommen &#8212; was soll&#8217;s, wo gehobelt wird, da fallen Sp\u00e4ne, es wird schon die Richtigen treffen&#8230; (Ganz im Ernst, so einfach &#8222;denken&#8220; bzw. f\u00fchlen manche ZeitgenossInnen. So simpel, so undurchdacht, so gruselig und im Kern menschenfeindlich. &#8212; <\/p>\n\n\n\n<p>W. R. <\/p>\n\n\n\n<p class=\"has-text-align-center\"><strong>&#8212;&#8211;o&#8211;o&#8211;o&#8212;&#8211;<\/strong><\/p>\n","protected":false},"excerpt":{"rendered":"<p>Zum Feiertag 3.10.24 ein paar gef\u00fchlte Weisheiten: AfD=Abstieg f\u00fcr Deutschland &#8212; eine einleuchtende Formel, wenn man h\u00f6rt, was die AfD f\u00fcr Deutschlands Wirtschaft plant. &#8212; &#8222;Schluss mit dem Schuldkult!&#8220; fordern Rechtsradikale, denn sie wollen in den K\u00f6pfen Platz schaffen f\u00fcr die n\u00e4chsten Gewaltverbrechen, die sie vorhaben. Welche? Da w\u00e4re z.B. die Vertreibung von hier lebenden [&hellip;]<\/p>\n","protected":false},"author":3,"featured_media":0,"comment_status":"closed","ping_status":"open","sticky":false,"template":"","format":"standard","meta":[],"categories":[1],"tags":[342,699],"_links":{"self":[{"href":"https:\/\/www.fu-frechen.de\/index.php?rest_route=\/wp\/v2\/posts\/9042"}],"collection":[{"href":"https:\/\/www.fu-frechen.de\/index.php?rest_route=\/wp\/v2\/posts"}],"about":[{"href":"https:\/\/www.fu-frechen.de\/index.php?rest_route=\/wp\/v2\/types\/post"}],"author":[{"embeddable":true,"href":"https:\/\/www.fu-frechen.de\/index.php?rest_route=\/wp\/v2\/users\/3"}],"replies":[{"embeddable":true,"href":"https:\/\/www.fu-frechen.de\/index.php?rest_route=%2Fwp%2Fv2%2Fcomments&post=9042"}],"version-history":[{"count":3,"href":"https:\/\/www.fu-frechen.de\/index.php?rest_route=\/wp\/v2\/posts\/9042\/revisions"}],"predecessor-version":[{"id":9062,"href":"https:\/\/www.fu-frechen.de\/index.php?rest_route=\/wp\/v2\/posts\/9042\/revisions\/9062"}],"wp:attachment":[{"href":"https:\/\/www.fu-frechen.de\/index.php?rest_route=%2Fwp%2Fv2%2Fmedia&parent=9042"}],"wp:term":[{"taxonomy":"category","embeddable":true,"href":"https:\/\/www.fu-frechen.de\/index.php?rest_route=%2Fwp%2Fv2%2Fcategories&post=9042"},{"taxonomy":"post_tag","embeddable":true,"href":"https:\/\/www.fu-frechen.de\/index.php?rest_route=%2Fwp%2Fv2%2Ftags&post=9042"}],"curies":[{"name":"wp","href":"https:\/\/api.w.org\/{rel}","templated":true}]}}