{"id":9072,"date":"2024-10-13T20:54:19","date_gmt":"2024-10-13T18:54:19","guid":{"rendered":"https:\/\/www.fu-frechen.de\/?p=9072"},"modified":"2024-10-13T21:01:37","modified_gmt":"2024-10-13T19:01:37","slug":"friedensgespraeche","status":"publish","type":"post","link":"https:\/\/www.fu-frechen.de\/?p=9072","title":{"rendered":"Friedensgespr\u00e4che"},"content":{"rendered":"\n<p class=\"has-drop-cap\">E<strong>S<\/strong> wurde etwas lauter diesmal &#8212; am Theken-Stammtisch. War die verbreitete Hektik, die verh\u00e4rtete Debattenkultur, die Spaltung der Gesellschaft nun auch hier angekommen?<br>&#8222;Ich finde, da hat der S\u00f6der v\u00f6llig recht: Die Union sollte nicht mit den Gr\u00fcnen zusammengehen, nicht in einer kommenden Bundesregierung.&#8220;<br>&#8222;Das sehe ich anders. Woher wei\u00df denn S\u00f6der, ob demn\u00e4chst die Union \u00fcberhaupt noch eine Wahl hat, mit wem sie koalieren k\u00f6nnte? S\u00f6der geifert schon lange gegen die Gr\u00fcnen, er hetzt und verleumdet, er verteufelt die Gr\u00fcnen als seinen Hauptfeind. Angeblich sind die ideologisch festgefahren, aber wenn ich mir S\u00f6der anh\u00f6re, dann scheint ER der Festgefahrene, der eine ideologische Wagenburg des Konservatismus hochzieht. Was tut denn S\u00f6der gegen die sich anbahnende Klimakatastrophe? Er umarmt vor laufenden Kameras B\u00e4ume, das kostet nix, und niemand muss irgendwas \u00e4ndern.&#8220;<br>&#8222;Ach kommt, wir haben doch zurzeit andere Probleme: die Wirtschaft. Die wird doch auch von zuviel Umweltschutz behindert&#8230;&#8220;<br>&#8222;Was?? Zuviel Umweltschutz? Bist du bl\u00f6de, oder was? Wie kann es denn <em>zuviel<\/em> Umweltschutz geben? Es gibt doch immer noch viel zu wenig Umweltschutz, und vor allem Klimaschutz. Bei uns in Deutschland, wie auch in anderen Industrienationen.&#8220;<br>&#8222;Also, wer ist hier bl\u00f6de, das verbitte ich mir! Schau dir die Wirtschaftszahlen an&#8230;&#8220;<br>&#8222;&#8230; und daneben die rasant steigenden Kosten durch Unwetter, D\u00fcrre, &#8230;&#8220;<br>&#8222;&#8230; und Kriege, die nicht nur Geld verbrennen, sondern auch weitere Fl\u00fcchtlingsmassen in Bewegung setzen. Ich kapier&#8217;s nicht: Wie kann man der Ukraine nicht genug von den versprochenen Waffen liefern, aber dann \u00fcber viele Fl\u00fcchtlinge aus der Ukraine jammern, \u00fcber \u00fcberforderte Kitas und Schulen, usw.&#8220;<br>&#8222;Man h\u00e4tte eben schon l\u00e4ngst mehr \u00fcber Frieden verhandeln m\u00fcssen!&#8220;<br>&#8222;Sicher, aber mit wem, du D\u00f6del? Wenn Putin nur die Unterwerfung der Ukraine akzeptiert, sonst aber nicht ernsthaft verhandeln will und denen alle E-Werke und Heizanlagen kaputtschie\u00dft&#8230;&#8220; <\/p>\n\n\n\n<p>Die Debatte wurde hitziger und lauter, ich f\u00fchlte mich als unbeteiligter Zuh\u00f6rer nicht wohl und ging erstmal zur Toilette. Als ich zur\u00fcckkam, hatte sich die Debatte nicht beruhigt. Ich trank mein Bier aus und zahlte. Bevor ich durch die T\u00fcr war, h\u00f6rte ich noch:<\/p>\n\n\n\n<p>&#8222;Waffen liefern schafft keinen Frieden!&#8220;<\/p>\n\n\n\n<p>&#8222;Wenn der Krieg erstmal im Gange ist, helfen keine warmen Worte. Die Waffen der Anderen schaffen dann Tatsachen, die dir auch nicht gefallen werden!&#8220;<\/p>\n\n\n\n<p>&#8222;So kann die Welt nicht in Frieden leben!&#8220;<\/p>\n\n\n\n<p>&#8222;Genau! Solange Leute lieber die Waffen sprechen lassen, gibt es keine wirklichen Friedensgespr\u00e4che.&#8220; <\/p>\n\n\n\n<p>&#8222;Ach ja, Friedensgespr\u00e4che &#8212; wer w\u00fcnscht sie sich nicht? Aber wenn f\u00fcr unsere Friedenssehnsucht die Ukraine dem Putin ausgeliefert wird? Geht es hier darum, dass wir Friedensfreunde uns gut f\u00fchlen? Was f\u00fchlen die Menschen, die nicht von Putins Soldaten gefoltert, vergewaltigt und abgemurkst werden wollen? Wie kann man nur aus &#8222;Russlandfreundlichkeit&#8220; so empathielos sein?&#8220;<\/p>\n\n\n\n<p>Hinter mir fiel die T\u00fcr zu, ich stand vor der Kneipe und blickte in den Nachthimmel. Ich sah keine Sterne, es war zu hell hier. &#8212;<\/p>\n\n\n\n<p>von W. R. mitgeh\u00f6rt und aufgeschrieben<\/p>\n\n\n\n<p class=\"has-text-align-center\"><strong>&#8212;&#8211;o-o-o&#8212;&#8211;<\/strong><br><\/p>\n","protected":false},"excerpt":{"rendered":"<p>ES wurde etwas lauter diesmal &#8212; am Theken-Stammtisch. War die verbreitete Hektik, die verh\u00e4rtete Debattenkultur, die Spaltung der Gesellschaft nun auch hier angekommen?&#8222;Ich finde, da hat der S\u00f6der v\u00f6llig recht: Die Union sollte nicht mit den Gr\u00fcnen zusammengehen, nicht in einer kommenden Bundesregierung.&#8220;&#8222;Das sehe ich anders. Woher wei\u00df denn S\u00f6der, ob demn\u00e4chst die Union \u00fcberhaupt [&hellip;]<\/p>\n","protected":false},"author":3,"featured_media":0,"comment_status":"closed","ping_status":"open","sticky":false,"template":"","format":"standard","meta":[],"categories":[1],"tags":[507,624,608,633],"_links":{"self":[{"href":"https:\/\/www.fu-frechen.de\/index.php?rest_route=\/wp\/v2\/posts\/9072"}],"collection":[{"href":"https:\/\/www.fu-frechen.de\/index.php?rest_route=\/wp\/v2\/posts"}],"about":[{"href":"https:\/\/www.fu-frechen.de\/index.php?rest_route=\/wp\/v2\/types\/post"}],"author":[{"embeddable":true,"href":"https:\/\/www.fu-frechen.de\/index.php?rest_route=\/wp\/v2\/users\/3"}],"replies":[{"embeddable":true,"href":"https:\/\/www.fu-frechen.de\/index.php?rest_route=%2Fwp%2Fv2%2Fcomments&post=9072"}],"version-history":[{"count":5,"href":"https:\/\/www.fu-frechen.de\/index.php?rest_route=\/wp\/v2\/posts\/9072\/revisions"}],"predecessor-version":[{"id":9083,"href":"https:\/\/www.fu-frechen.de\/index.php?rest_route=\/wp\/v2\/posts\/9072\/revisions\/9083"}],"wp:attachment":[{"href":"https:\/\/www.fu-frechen.de\/index.php?rest_route=%2Fwp%2Fv2%2Fmedia&parent=9072"}],"wp:term":[{"taxonomy":"category","embeddable":true,"href":"https:\/\/www.fu-frechen.de\/index.php?rest_route=%2Fwp%2Fv2%2Fcategories&post=9072"},{"taxonomy":"post_tag","embeddable":true,"href":"https:\/\/www.fu-frechen.de\/index.php?rest_route=%2Fwp%2Fv2%2Ftags&post=9072"}],"curies":[{"name":"wp","href":"https:\/\/api.w.org\/{rel}","templated":true}]}}