{"id":9104,"date":"2024-11-16T16:06:05","date_gmt":"2024-11-16T15:06:05","guid":{"rendered":"https:\/\/www.fu-frechen.de\/?p=9104"},"modified":"2024-12-14T18:40:40","modified_gmt":"2024-12-14T17:40:40","slug":"visionen","status":"publish","type":"post","link":"https:\/\/www.fu-frechen.de\/?p=9104","title":{"rendered":"Visionen"},"content":{"rendered":"\n<p class=\"has-drop-cap\">A<strong>M<\/strong> Tresen ging es hoch her: Die Stammtisch-Runde stritt \u00fcber die aktuelle Politik:<br>&#8222;Wie der Kanzler den Finanzminister rauswarf, das war unw\u00fcrdig!&#8220;<br>&#8222;Quatsch! Das war das einzig Richtige. Ich bin kein Scholz-Fan, aber da hat er mir seit Langem mal richtig gut gefallen. Das war authentisch, wie er sich den Frust \u00fcber die FDP in der Koalition von der Seele geredet hat. H\u00e4tte er vielleicht schon fr\u00fcher tun sollen, als die FDP einen wochenlang ausgehandelten Kompromiss kurz nach der Verk\u00fcndung wieder in Frage stellte. So kann man keine Politik machen, es sei denn, man will den Bruch der Koalition provozieren.&#8220;<br>&#8222;Das war aber ein schlechter Zeitpunkt, wo gerade Trump die Wahl in den USA gewonnen hatte!&#8220;<br>&#8222;Es war h\u00f6chste Zeit! Und daran sieht man doch, dass der Kanzler mit sehr viel Geduld versucht hat, die Ampel-Koalition zusammenzuhalten. Dem zum Trotz hat die FDP noch einen draufgelegt mit ihrem j\u00fcngsten Verhalten&#8230;&#8220;<br>&#8222;&#8230; und verliert keine Zeit, sich direkt der Union an den Hals zu werfen, auch mit der Forderung nach sofortigen Neuwahlen.&#8220;<br>&#8222;Eben. Dabei wusste jeder aufgekl\u00e4rte Zeitgenosse, dass Neuwahlen gar nicht SOFORT stattfinden k\u00f6nnen. Das braucht eine Mindest-Vorlaufzeit, damit es \u00fcberhaupt ordentlich organisiert werden kann. Das hatten die Populisten aber gar nicht auf dem Schirm.&#8220;           &#8222;Wollten sie auch nicht, weil sie dem Volk nach dem Munde reden. Au\u00dferdem wollten sie Scholz daran hindern, seine Umfragewerte zu verbessern.&#8220;<br>&#8222;H\u00f6r mir auf mit Umfragen! Das sieht man ja gerade wieder in den USA, wie zuverl\u00e4ssig die sind. Von wegen Kopf-an-Kopf-Rennen! Trump hat spektakul\u00e4r gewonnen. Schlimmer konnte es kaum kommen.&#8220;<\/p>\n\n\n\n<p>&#8222;Und die EU streitet wie eh und je, keiner will nationale Interessen zur\u00fcckstellen &#8212; aus Angst vor Wahlerfolgen rechter Populisten. Wir haben keine europ\u00e4ische Au\u00dfenpolitik, auch keine gemeinsame Verteidigung und R\u00fcstung, und das, obwohl seit Jahren klar ist, dass ein uneiniges Europa zwischen China und den USA nix zu melden hat. Auch nicht gegen\u00fcber Putins Russland. Zum Haareraufen!&#8220;<\/p>\n\n\n\n<p>&#8222;Und AfD und BSW sorgen daf\u00fcr, dass vor allem Putin sich die H\u00e4nde reiben kann&#8230;&#8220; <\/p>\n\n\n\n<p>&#8222;Erst recht, seit Trump zusammen mit Elon Musk sich warm l\u00e4uft f\u00fcr eine Regierung der Gro\u00df-Kapitalisten, Verschw\u00f6rungsmythen-Fans, Rassisten, Frauenhasser, Justiz-Feinde&#8230;  Da ist alles Negative versammelt. In fr\u00fcheren Jahrhunderten h\u00e4tten viele Leute gesagt: Das ist der Beginn der Herrschaft des Antichristen. Er verf\u00fchrt immer mehr Menschen dazu, das Trennende und Zerst\u00f6rende zu befeuern und sich von Menschlichkeit, Vers\u00f6hnung und Friedfertigkeit abzuwenden. Das zog schon mit Putin am Horizont herauf, aber Viele wollten die Anzeichen nicht sehen.&#8220;<\/p>\n\n\n\n<p>&#8222;Jetzt werd mal nicht komisch mit Deinem Antichrist und so, wir leben doch nicht im Mittelalter!&#8220;<\/p>\n\n\n\n<p>&#8222;Bist Du Dir da so sicher? Vieles sieht nach der R\u00fcckkehr alter Ideen aus, nicht nur die AfD will die Zeit weit zur\u00fcckdrehen. Und nun will das auch noch der m\u00e4chtigste Mann der Welt.&#8220;<\/p>\n\n\n\n<p>&#8222;Trump, meinst Du?&#8220;<\/p>\n\n\n\n<p>&#8222;Ich wei\u00df nicht, ob das nicht bald Elon Musk sein wird. Der scheint davon zu tr\u00e4umen, K\u00f6nig der Welt zu werden.&#8220;<\/p>\n\n\n\n<p>&#8222;Gar nicht so weit hergeholt &#8212; wenn der alte Trump dement wird oder unzurechnungsf\u00e4hig, was er vielleicht schon in Ans\u00e4tzen ist, dann h\u00f6rt er wom\u00f6glich nur noch auf seinen Kumpel Elon &#8230;&#8220; &#8212;<\/p>\n\n\n\n<p>Au weia, was f\u00fcr schlimme Visionen! Mir reichte es, ich trank mein Bier aus und verlie\u00df schnell das Lokal. Drau\u00dfen war tr\u00fcbes November-Wetter: kein Stern, nur von den Lichtern der Stadt aufgehellter Wolkenteppich. Ein D\u00fcsenflugzeug \u00fcbert\u00f6nte den Verkehrsl\u00e4rm.  <\/p>\n\n\n\n<p>W. R. (keine KI*)<\/p>\n\n\n\n<p><\/p>\n\n\n\n<p>* Anm. v. 03.12.24: Warum dieser Hinweis? Ganz einfach: Wer kann noch sicher sagen, was im Netz original geschaffen wurde, und was mit KI k\u00fcnstlich gefakt oder geklont wurde? Mehr dazu z.B. hier &gt;<a href=\"https:\/\/www.spiegel.de\/panorama\/leute\/kuenstliche-intelligenz-cate-blanchett-aeussert-besorgnis-ueber-den-einfluss-von-ki-a-e5f60264-b25b-45ae-be9e-9ae03d90bce1\">K\u00fcnstliche Intelligenz: Cate Blanchett \u00e4u\u00dfert Besorgnis \u00fcber den Einfluss von KI &#8211; DER SPIEGEL<\/a><\/p>\n\n\n\n<ul>\n<li><\/li>\n<\/ul>\n","protected":false},"excerpt":{"rendered":"<p>AM Tresen ging es hoch her: Die Stammtisch-Runde stritt \u00fcber die aktuelle Politik:&#8222;Wie der Kanzler den Finanzminister rauswarf, das war unw\u00fcrdig!&#8220;&#8222;Quatsch! Das war das einzig Richtige. Ich bin kein Scholz-Fan, aber da hat er mir seit Langem mal richtig gut gefallen. Das war authentisch, wie er sich den Frust \u00fcber die FDP in der Koalition [&hellip;]<\/p>\n","protected":false},"author":3,"featured_media":0,"comment_status":"closed","ping_status":"open","sticky":false,"template":"","format":"standard","meta":[],"categories":[1,534],"tags":[342,709,540,395,673,356,614,686,624],"_links":{"self":[{"href":"https:\/\/www.fu-frechen.de\/index.php?rest_route=\/wp\/v2\/posts\/9104"}],"collection":[{"href":"https:\/\/www.fu-frechen.de\/index.php?rest_route=\/wp\/v2\/posts"}],"about":[{"href":"https:\/\/www.fu-frechen.de\/index.php?rest_route=\/wp\/v2\/types\/post"}],"author":[{"embeddable":true,"href":"https:\/\/www.fu-frechen.de\/index.php?rest_route=\/wp\/v2\/users\/3"}],"replies":[{"embeddable":true,"href":"https:\/\/www.fu-frechen.de\/index.php?rest_route=%2Fwp%2Fv2%2Fcomments&post=9104"}],"version-history":[{"count":7,"href":"https:\/\/www.fu-frechen.de\/index.php?rest_route=\/wp\/v2\/posts\/9104\/revisions"}],"predecessor-version":[{"id":9154,"href":"https:\/\/www.fu-frechen.de\/index.php?rest_route=\/wp\/v2\/posts\/9104\/revisions\/9154"}],"wp:attachment":[{"href":"https:\/\/www.fu-frechen.de\/index.php?rest_route=%2Fwp%2Fv2%2Fmedia&parent=9104"}],"wp:term":[{"taxonomy":"category","embeddable":true,"href":"https:\/\/www.fu-frechen.de\/index.php?rest_route=%2Fwp%2Fv2%2Fcategories&post=9104"},{"taxonomy":"post_tag","embeddable":true,"href":"https:\/\/www.fu-frechen.de\/index.php?rest_route=%2Fwp%2Fv2%2Ftags&post=9104"}],"curies":[{"name":"wp","href":"https:\/\/api.w.org\/{rel}","templated":true}]}}