{"id":9117,"date":"2025-12-28T18:49:01","date_gmt":"2025-12-28T17:49:01","guid":{"rendered":"https:\/\/www.fu-frechen.de\/?p=9117"},"modified":"2025-12-28T18:49:01","modified_gmt":"2025-12-28T17:49:01","slug":"mal-etwas-zeitgeschichte-ueberraschende-wendung","status":"publish","type":"post","link":"https:\/\/www.fu-frechen.de\/?p=9117","title":{"rendered":"Mal etwas Zeitgeschichte: \u00dcberraschende Wendung"},"content":{"rendered":"\n<p class=\"has-drop-cap\">I<strong>N<\/strong> der Geschichte hat es schon \u00f6fter \u00fcberraschende Wendungen gegeben, d.h. unerwartete Ereignisse, die den Lauf der Dinge entscheidend ver\u00e4ndert haben. In der j\u00fcngeren Geschichte, auch Zeitgeschichte genannt, z\u00e4hlt dazu z.B. der unerwartet pl\u00f6tzliche <strong>&#8222;Fall der Mauer&#8220; in Berlin<\/strong>. <br>Wie viele Andere verfolgte ich die Ereignisse um den 9.11.1989 anhand der TV-Nachrichten (in ARD und ZDF). Als G\u00fcnter Schabowski auf der im Nachhinein ber\u00fchmten Pressekonferenz am fr\u00fchen Abend des 9. November noch einen Zettel zur Hand nahm und dann Reisefreiheit f\u00fcr DDR-B\u00fcrger bekannt gab, fragte ein Journalist nach, ab wann dies gelte, und Schabowski, selbst nicht auf die Frage vorbereitet und ohne n\u00e4here Informationen, antwortete: &#8222;Das gilt &#8212; nach meiner Kenntnis &#8212; ab sofort. Unverz\u00fcglich.&#8220; Er verstand darunter den \u00fcblichen Instanzenweg, &#8222;sofort&#8220; bedeutete demnach den b\u00fcrokratischen Ablauf, der am 10.11. f\u00fcr Antragsteller beginnen w\u00fcrde. Aaaber&#8230; was die DDR-Funktion\u00e4re nicht auf dem Schirm hatten, war das westliche Mediengesch\u00e4ft, wo jeder der Erste mit &#8222;breaking news&#8220; sein wollte. So kam es, dass Journalisten in die Redaktionen telefonierten und diese daraus sofort Schlagzeilen machten: <em><strong>Reisefreiheit! Die Mauer ist offen!<\/strong><\/em> So er\u00f6ffnete u.a. auch das Erste Deutsche Fernsehen die Nachrichten am Abend. Das sah ich live, und das sahen auch viele DDR-B\u00fcrger in Ost-Berlin; einige wollten das nicht glauben und sagten sich: Da gehen wir hin und schauen selbst nach, ob das stimmt. So kam es zu den bekannten Bildern im Fernsehen: An einigen Kontrollpunkten an der Berliner Mauer sammelten sich DDR-B\u00fcrger und wollten wissen, was Sache sei. Die Grenzpolizisten waren v\u00f6llig ahnungslos und ohne jede Weisung, die h\u00f6heren Vorgesetzten ebenso ahnungslos, im Feierabend und nicht direkt erreichbar. Der Rest der Geschichte ist bekannt: Am sp\u00e4ten Abend lie\u00dfen die Grenzer angesichts gro\u00dfer Menschenaufl\u00e4ufe an wenigen Stellen tats\u00e4chlich die Schlagb\u00e4ume hochgehen, und die Menschen str\u00f6mten hin\u00fcber und genossen einen Ausflug nach Westberlin. Das war nicht mehr zur\u00fcckzudrehen &#8212; zumal die neue Regelung am 10.11. eh in Kraft treten sollte, wenn auch in b\u00fcrokratisch geordneter Form.<br>G\u00fcnter Schabowski wurde (in meinen Augen eher zu Unrecht) zum S\u00fcndenbock, ja sogar zum Trottel abgestempelt, weil er f\u00fcr die verstolperte Mauer-\u00d6ffnung verantwortlich sei. Ja, was sollte er denn tun? Er war nicht anwesend, als am Ende der Sitzung des ZK vom 09.11.89 noch dieser Beschluss gefasst wurde, denn er war auf dem Weg in die Pressekonferenz, Egon Krenz dr\u00fcckte ihm zwischen T\u00fcr und Angel noch das Papier mit der neuen Regelung in die Hand. Schabowski hatte keine Zeit, sich dieses Papier durchzulesen, er notierte sich das Wichtigste nach Krenz&#8216; Angaben stichwortartig auf einen Zettel. Entsprechend stockend verlas und verk\u00fcndete er die neue Reisefreiheit. Ihm ging es \u00e4hnlich wie bald darauf den Grenzern, die nicht mit den n\u00f6tigen Informationen versorgt und daher \u00fcberrumpelt wurden.<\/p>\n\n\n\n<p>Dieser Vorgang, dass eine f\u00fcr den 10.11. vorgesehene Verf\u00fcgung durch die verstolperte Kommunikation schon am Abend des 9.11. Fakten schuf, \u00fcberraschte alle Akteure und Beobachter. Manche entsetzten sich bald danach: Ausgerechnet am 9.11.! Aber das hatte sich so niemand ausgesucht; wie man sp\u00e4ter h\u00f6rte, war es vielmehr eine Folge unklarer Kommunikation zwischen Krenz und Schabowski und &#8212; wohl mehr noch &#8212; der Eigendynamik in den westlichen Medien, die auch in der DDR gesehen und geh\u00f6rt wurden. <\/p>\n\n\n\n<p>Es war zu erwarten gewesen, dass fr\u00fcher oder sp\u00e4ter die Reisebeschr\u00e4nkungen f\u00fcr DDR-B\u00fcrger gelockert w\u00fcrden. Aber <em>so<\/em> hatte sich den Ablauf niemand vorgestellt, geschweige denn ihn vorausgesehen.<\/p>\n\n\n\n<p>Dazu gibt es eine ausf\u00fchrliche Darstellung aus Sicht eines damaligen DDR-B\u00fcrgers: <a href=\"https:\/\/www.rbb24.de\/panorama\/beitrag\/2024\/11\/9-november-zettel-berlin-reiseregelung-ddr-pk-guenter-schabowski-interview-steffen-pappert.html\">Die abgelesene Mauer\u00f6ffnung<\/a><\/p>\n\n\n\n<p class=\"has-text-align-center\"><strong>&#8212;&#8212;-<\/strong><\/p>\n","protected":false},"excerpt":{"rendered":"<p>IN der Geschichte hat es schon \u00f6fter \u00fcberraschende Wendungen gegeben, d.h. unerwartete Ereignisse, die den Lauf der Dinge entscheidend ver\u00e4ndert haben. In der j\u00fcngeren Geschichte, auch Zeitgeschichte genannt, z\u00e4hlt dazu z.B. der unerwartet pl\u00f6tzliche &#8222;Fall der Mauer&#8220; in Berlin. Wie viele Andere verfolgte ich die Ereignisse um den 9.11.1989 anhand der TV-Nachrichten (in ARD und [&hellip;]<\/p>\n","protected":false},"author":3,"featured_media":0,"comment_status":"closed","ping_status":"open","sticky":false,"template":"","format":"standard","meta":[],"categories":[1],"tags":[765,766,767,764],"_links":{"self":[{"href":"https:\/\/www.fu-frechen.de\/index.php?rest_route=\/wp\/v2\/posts\/9117"}],"collection":[{"href":"https:\/\/www.fu-frechen.de\/index.php?rest_route=\/wp\/v2\/posts"}],"about":[{"href":"https:\/\/www.fu-frechen.de\/index.php?rest_route=\/wp\/v2\/types\/post"}],"author":[{"embeddable":true,"href":"https:\/\/www.fu-frechen.de\/index.php?rest_route=\/wp\/v2\/users\/3"}],"replies":[{"embeddable":true,"href":"https:\/\/www.fu-frechen.de\/index.php?rest_route=%2Fwp%2Fv2%2Fcomments&post=9117"}],"version-history":[{"count":6,"href":"https:\/\/www.fu-frechen.de\/index.php?rest_route=\/wp\/v2\/posts\/9117\/revisions"}],"predecessor-version":[{"id":9713,"href":"https:\/\/www.fu-frechen.de\/index.php?rest_route=\/wp\/v2\/posts\/9117\/revisions\/9713"}],"wp:attachment":[{"href":"https:\/\/www.fu-frechen.de\/index.php?rest_route=%2Fwp%2Fv2%2Fmedia&parent=9117"}],"wp:term":[{"taxonomy":"category","embeddable":true,"href":"https:\/\/www.fu-frechen.de\/index.php?rest_route=%2Fwp%2Fv2%2Fcategories&post=9117"},{"taxonomy":"post_tag","embeddable":true,"href":"https:\/\/www.fu-frechen.de\/index.php?rest_route=%2Fwp%2Fv2%2Ftags&post=9117"}],"curies":[{"name":"wp","href":"https:\/\/api.w.org\/{rel}","templated":true}]}}