{"id":9139,"date":"2024-12-12T22:16:59","date_gmt":"2024-12-12T21:16:59","guid":{"rendered":"https:\/\/www.fu-frechen.de\/?p=9139"},"modified":"2024-12-25T13:49:03","modified_gmt":"2024-12-25T12:49:03","slug":"wunschzettel","status":"publish","type":"post","link":"https:\/\/www.fu-frechen.de\/?p=9139","title":{"rendered":"Wunschzettel"},"content":{"rendered":"\n<p class=\"has-drop-cap\">M<strong>EIN<\/strong> Wunschzettel f\u00fcr Weihnachten ist lang, daher zitiere ich hier nur wenige Punkte.<br><img decoding=\"async\" loading=\"lazy\" width=\"2336\" height=\"1568\" class=\"wp-image-9151\" style=\"width: 150px;\" src=\"https:\/\/www.fu-frechen.de\/wp-content\/uploads\/2024\/12\/20241213_143555.jpg\" alt=\"\" srcset=\"https:\/\/www.fu-frechen.de\/wp-content\/uploads\/2024\/12\/20241213_143555.jpg 2336w, https:\/\/www.fu-frechen.de\/wp-content\/uploads\/2024\/12\/20241213_143555-300x201.jpg 300w, https:\/\/www.fu-frechen.de\/wp-content\/uploads\/2024\/12\/20241213_143555-1024x687.jpg 1024w, https:\/\/www.fu-frechen.de\/wp-content\/uploads\/2024\/12\/20241213_143555-768x516.jpg 768w, https:\/\/www.fu-frechen.de\/wp-content\/uploads\/2024\/12\/20241213_143555-1536x1031.jpg 1536w, https:\/\/www.fu-frechen.de\/wp-content\/uploads\/2024\/12\/20241213_143555-2048x1375.jpg 2048w, https:\/\/www.fu-frechen.de\/wp-content\/uploads\/2024\/12\/20241213_143555-624x419.jpg 624w\" sizes=\"(max-width: 2336px) 100vw, 2336px\" \/><\/p>\n\n\n\n<p class=\"has-drop-cap\">Zuerst einmal w\u00fcnsche ich, dass PolitikerInnen bei uns in Deutschland sich nicht entbl\u00f6den, \u00fcberhastet aus Allem Kapital zu schlagen, was gerade in der Welt passiert. Konkret: Machthaber Assad war gerade erst nach Moskau geflohen, da posaunten hier ein paar H\u00e4nsel und Gretel, die syrischen Fl\u00fcchtlinge in Deutschland sollten nun SOFORT in ihre Heimat zur\u00fcckkehren &#8212; da es ja nun keinen Fluchtgrund mehr gebe. <br>F\u00fcr wie bl\u00f6de und uninformiert halten diese Figuren uns eigentlich? Auch ich habe zwar keinen umfassenden, perfekten \u00dcberblick \u00fcber die Lage in Syrien nach dem Umsturz, die weitere Entwicklung ist im Fluss, aber ich kann mir gut vorstellen, dass da Putins und Assads Bomben bis zuletzt noch viel kaputt gemacht haben, was Menschen als Behausung diente. Wo sollen die R\u00fcckkehrer wohnen, wovon sollen sie leben? Das ist doch alles ungekl\u00e4rt. Ich w\u00fcrde an Stelle eines gefl\u00fcchteten Syrers, besonders mit Familie, den Teufel tun und gleich meine Sachen packen. <br>Und als angestammter Deutscher w\u00fcrde ich erst recht sagen: Moment mal, Ihr populistischen Dummschw\u00e4tzer, Ihr wollt doch nicht etwa, dass die vielen \u00c4rzte und andere Fachkr\u00e4fte von jetzt auf gleich unser Land verlassen!! Bei uns steht doch so Manches kurz vor dem Kollaps, weil Personal fehlt!<br>Echt jetzt, ich fasse es kaum: Da gehen in den K\u00f6pfen einiger Wahlk\u00e4mpferInnen die Pferde durch! <br>So, das Thema &#8222;politische Dummschw\u00e4tzerei&#8220; stand weit oben auf meinem Zettel: Ich w\u00fcnsche mir <em>erheblich<\/em> <em>weniger<\/em> davon. Das sollten auch die Dummschw\u00e4tzer einsehen: Ihr blamiert Euch! Solche Luschen, die schneller reden, als sie denken k\u00f6nnen, die kann ich doch nicht w\u00e4hlen!<br>Und da wir gerade Syrien erw\u00e4hnten: Anstatt dummes Zeug zu schw\u00e4tzen, sollten PolitikerInnen zur Vernunft kommen und \u00fcberlegen, was sich da in Syrien auch Schlimmes entwickeln kann. Was denn, fragt Ihr, alle freuen sich doch? Nee, schaut mal in die Kurden-Gebiete, da sto\u00dfen Erdogans Truppen bzw. von ihm unterst\u00fctzte islamistische Milizen vor und vertreiben f\u00fcr Erdogan dort ans\u00e4ssige Kurden. Und wer macht was dagegen? Da wird von t\u00fcrkischen Bomben alles kaputtgemacht, was Menschen dort zum Leben brauchen. Folge? K\u00f6nnt Ihr Euch doch denken, oder? <br>Glaubt ja nicht, dass wir hier weniger Kriegsfl\u00fcchtlinge haben werden, wenn das so weitergeht &#8212; \u00fcbrigens auch in der Ukraine, wo Putin gerade ganz gezielt und mit voller Wucht Heizkraftwerke zerst\u00f6rt. Warum das? Der Winter hat begonnen&#8230; Wie bei Putin \u00fcblich, wird Krieg nicht nach internationalen Regeln gef\u00fchrt, sondern ohne R\u00fccksicht auf die Zivilbev\u00f6lkerung, ob (wie bis Anfang Dezember) in Syrien oder (weiterhin) in der Ukraine. Wartet noch eine Weile, dann m\u00fcsst Ihr Euch wom\u00f6glich Eure Friedenstr\u00e4ume vollst\u00e4ndig in die Haare schmieren.<br><br><br><strong>U<\/strong>nd da komme ich zu einem weiteren Punkt, den ich fast schon nicht mehr auf den Wunschzettel zu schreiben wage: <mark style=\"background-color:rgba(0, 0, 0, 0)\" class=\"has-inline-color has-blue-color\">FRIEDE AUF ERDEN<\/mark>, wie es so sch\u00f6n in der Weihnachtsbotschaft hei\u00dft. Wir haben leider nicht mehr die &#8222;Zeit, in der das W\u00fcnschen noch geholfen hat&#8220;, wie es im M\u00e4rchen hei\u00dft. Friede ist machbar, ja, aber dazu m\u00fcssen erst die Voraussetzungen geschaffen werden. Im Alltagsleben ebenso wie in der gro\u00dfen Politik ist es bei verh\u00e4rteten Fronten kaum m\u00f6glich, Leute einfach an den Verhandlungstisch zu rufen und friedlich einen Konflikt beizulegen. Das geht oft nur mit harter Arbeit, mit Vermittlung neutraler Dritter, und mit dem hartn\u00e4ckigen Bearbeiten Uneinsichtiger, denen man klarmachen muss, dass sie durch Verhandlungen auch etwas gewinnen k\u00f6nnen.<br>Im Fall Russland, oder besser: im Fall des Putin-Regimes lasse ich mir jedenfalls keinen Sand in die Augen streuen, auch nicht von Sahra Putinknecht, die uns seit Jahren einreden will, dass die Sanktionen gegen Russland nichts br\u00e4chten, dass man Russland nicht besiegen k\u00f6nne, dass man gegen eine Atommacht nur kuschen k\u00f6nne, usw. Ich neige vielmehr dazu, Nachrichten Glauben zu schenken, dass Russlands Wirtschaft in Schieflage ist, dass seine Staatsfinanzen durch Milit\u00e4rausgaben stark belastet sind, dass Putin nicht genug Soldaten hat und deshalb Kanonenfutter aus Nordkorea bestellt hat, dass er au\u00dferdem Syrien fallenlassen musste, um sich auf die Ukraine konzentrieren zu k\u00f6nnen&#8230; In meiner Sicht gibt es Anzeichen, dass Putins Regime nicht so erfolgreich ist und nicht so fest im Sattel sitzt, wie von Vielen behauptet wird. Daher ist sein Hauptgesch\u00e4ft, den Kritikern im eigenen Land wie auch den Unterst\u00fctzern der Ukraine in Europa Angst zu machen und st\u00e4ndig mit noch mehr Gewalt zu drohen.<\/p>\n\n\n\n<p class=\"has-drop-cap\"><br><strong>E<\/strong>s hat in der Geschichte schon manche \u00fcberraschende Wendung gegeben. Nicht nur der Sturz Assads in Syrien kam f\u00fcr die Welt \u00fcberraschend. Die \u00dcberraschung aber ist weniger gro\u00df, wenn man sieht, dass schon einige Regime in der Geschichte \u00fcber Nacht zusammenfielen, die lange als \u00fcberm\u00e4chtiger Koloss galten, aber nur auf Gewalt und Terror gebaut waren. Das macht Hoffnung. Bertolt Brecht schrieb dazu ein Lied, das Lied von der Moldau: &#8222;Am Grunde der Moldau, da wandern die Steine&#8230;&#8220; Ihr kennt es vielleicht. Da hei\u00dft es unter Anderem: &#8222;&#8230; Das Gro\u00dfe bleibt gro\u00df nicht, und klein nicht das Kleine.&#8220; Brecht schrieb es 1943 im Exil, in der finsteren Zeit des Zweiten Weltkriegs&#8230;<\/p>\n\n\n\n<p>W.R.<\/p>\n\n\n\n<p class=\"has-text-align-center\"><img decoding=\"async\" loading=\"lazy\" width=\"134\" height=\"100\" class=\"wp-image-8213\" style=\"width: 100px;\" src=\"https:\/\/www.fu-frechen.de\/wp-content\/uploads\/2023\/03\/1v-Vign.-wr-e1679515764871.jpg\" alt=\"\"><\/p>\n","protected":false},"excerpt":{"rendered":"<p>MEIN Wunschzettel f\u00fcr Weihnachten ist lang, daher zitiere ich hier nur wenige Punkte. Zuerst einmal w\u00fcnsche ich, dass PolitikerInnen bei uns in Deutschland sich nicht entbl\u00f6den, \u00fcberhastet aus Allem Kapital zu schlagen, was gerade in der Welt passiert. Konkret: Machthaber Assad war gerade erst nach Moskau geflohen, da posaunten hier ein paar H\u00e4nsel und Gretel, [&hellip;]<\/p>\n","protected":false},"author":3,"featured_media":0,"comment_status":"closed","ping_status":"open","sticky":false,"template":"","format":"standard","meta":[],"categories":[1,636],"tags":[713,390,712,624,635,633],"_links":{"self":[{"href":"https:\/\/www.fu-frechen.de\/index.php?rest_route=\/wp\/v2\/posts\/9139"}],"collection":[{"href":"https:\/\/www.fu-frechen.de\/index.php?rest_route=\/wp\/v2\/posts"}],"about":[{"href":"https:\/\/www.fu-frechen.de\/index.php?rest_route=\/wp\/v2\/types\/post"}],"author":[{"embeddable":true,"href":"https:\/\/www.fu-frechen.de\/index.php?rest_route=\/wp\/v2\/users\/3"}],"replies":[{"embeddable":true,"href":"https:\/\/www.fu-frechen.de\/index.php?rest_route=%2Fwp%2Fv2%2Fcomments&post=9139"}],"version-history":[{"count":9,"href":"https:\/\/www.fu-frechen.de\/index.php?rest_route=\/wp\/v2\/posts\/9139\/revisions"}],"predecessor-version":[{"id":9167,"href":"https:\/\/www.fu-frechen.de\/index.php?rest_route=\/wp\/v2\/posts\/9139\/revisions\/9167"}],"wp:attachment":[{"href":"https:\/\/www.fu-frechen.de\/index.php?rest_route=%2Fwp%2Fv2%2Fmedia&parent=9139"}],"wp:term":[{"taxonomy":"category","embeddable":true,"href":"https:\/\/www.fu-frechen.de\/index.php?rest_route=%2Fwp%2Fv2%2Fcategories&post=9139"},{"taxonomy":"post_tag","embeddable":true,"href":"https:\/\/www.fu-frechen.de\/index.php?rest_route=%2Fwp%2Fv2%2Ftags&post=9139"}],"curies":[{"name":"wp","href":"https:\/\/api.w.org\/{rel}","templated":true}]}}