{"id":9160,"date":"2024-12-20T22:13:07","date_gmt":"2024-12-20T21:13:07","guid":{"rendered":"https:\/\/www.fu-frechen.de\/?p=9160"},"modified":"2024-12-29T21:49:37","modified_gmt":"2024-12-29T20:49:37","slug":"wunschzettel-2","status":"publish","type":"post","link":"https:\/\/www.fu-frechen.de\/?p=9160","title":{"rendered":"Wunschzettel 2"},"content":{"rendered":"\n<p class=\"has-drop-cap\">D<strong>EN<\/strong> Wunschzettel von neulich habe ich nur in wenigen Punkten zitiert. Aber ich sehe, dass ich doch noch \u00fcber zwei weitere W\u00fcnsche sprechen muss. Muss? Ja, da besteht dringender Mitteilungs- und auch Handlungsbedarf.<br><strong>1.<\/strong> Der Prozess um die Vergewaltigung von Gis\u00e8le Pelicot ist gerade zu Ende gegangen, 51 M\u00e4nner wurden verurteilt. Ihr habt es sicher \u00fcber die Medien mitbekommen. Was f\u00fcr ein Abgrund an Menschenverachtung ist da sichtbar geworden! Und leider ist das die Spitze eines Eisberges: Krimineller, organisierter Missbrauch von Frauen ist weiter verbreitet, als sich die Meisten von uns vorstellen konnten. Das Internet macht m\u00f6glich, dass das international vernetzt stattfindet, dass da eine gro\u00dfe Zahl von M\u00e4nnern mitmachen. <br>Man hat ja schon vor einiger Zeit geh\u00f6rt, dass es im Internet Hassforen gibt, in denen M\u00e4nner sich aggressiv und menschenverachtend \u00fcber Frauen auslassen und schlimmste Fantasien austauschen&#8230; Auch hier zeigt sich, dass Worten irgendwann Taten folgen k\u00f6nnen. Das alles ist Ausdruck einer grunds\u00e4tzlich frauenfeindlichen Haltung, die die M\u00e4nnerherrschaft \u00fcber Frauen st\u00e4rken und zementieren will. Das beginnt bekanntlich schon mit scheinbar harmlosen, abf\u00e4lligen Bemerkungen \u00fcber Frauen und geht weiter mit allt\u00e4glicher Herabw\u00fcrdigung und Geringsch\u00e4tzung von Menschen weiblichen Geschlechts. <br>Dazu konnte man schon im BlogBeitrag &#8222;Auf Augenh\u00f6he&#8220; vom 21.10.24  Einiges lesen. Es geht hier ganz grunds\u00e4tzlich um ein Verst\u00e4ndnis von &#8222;M\u00e4nnlichkeit&#8220;, das gepr\u00e4gt ist von Gewalt und von Unterdr\u00fcckung und Ausbeutung Schw\u00e4cherer. Es ist \u00fcbrigens auch kein Zufall, dass in Putins Russland diese Art M\u00e4nnlichkeit wieder propagiert und heroisiert wurde, auch von Putins pers\u00f6nlich (siehe offizielle Fotos: Putin sportlich, mit nacktem Oberk\u00f6rper reitend, etc.). Es ist kein Zufall, dass bei uns auch die AfD ein solch antiquiertes M\u00e4nnlichkeitsbild wieder aufleben l\u00e4sst (Krah auf TikTok: &#8222;Wenn du ein Mann bist &#8230;&#8220; &#8212; und dann folgt Macho-Bullshit.) Die AfD ist daf\u00fcr bekannt, dass sie auf altbekannte Muster baut und damit auf Dummenfang geht (Motto: Das Altvertraute \u00fcberzeugt die Verunsicherten), dass sie alles Moderne anzweifelt und ver\u00e4chtlich macht, dass sie die Gegenwart schlechtredet und Sehnsucht nach einer &#8222;Guten-alten-Zeit&#8220; erzeugen und nutzen will. Das hat sie sich bei der Nazi-Propaganda abgeschaut und bei Trumps Wahlkampfstrategie. So, damit wisst Ihr auch, was Euch bl\u00fcht, wenn Ihr mit der AfD lieb\u00e4ugelt  oder sie gar w\u00e4hlt.<\/p>\n\n\n\n<p><strong>2.<\/strong> Im Wahlkampf meint ein Herr Friedrich Merz, Kanzlerkandidat der CDU, er k\u00f6nne einen Herrn Robert Habeck von den Gr\u00fcnen (derzeit Wirtschaftsminister und Vizekanzler) ver\u00e4chtlich oder gar l\u00e4cherlich machen, indem er ihn einen Kinderbuchautor nennt. Das ist Habeck unter anderem, aber was Merz meint, ist zumindest in meinen Augen ein fatales Eigentor. Denn es zeigt <em>eine Haltung, die nicht viel f\u00fcr Kinder \u00fcbrig hat, weder Verst\u00e4ndnis noch Aufmerksamkeit<\/em>. Dies ist eine Haltung, die<em> symptomatisch ist f\u00fcr die offensichtlichen Vers\u00e4umnisse in diesem Land im Bereich Bildung,<\/em> insbesondere was die fr\u00fchkindliche Erziehung und Bildung betrifft. <strong>Deutschland zeigt sich als wenig kinderfreundlich, was schon beim Thema &#8222;Kitas&#8220; anf\u00e4ngt.<\/strong> <\/p>\n\n\n\n<p>In letzter Zeit spricht sich herum, wie wichtig es sowohl f\u00fcr die Kinder als auch f\u00fcr unser Bildungssystem und (aufgemerkt, Herr Merz und Andere!) f\u00fcr die Wirtschaft und den Wohlstand unseres Landes ist, dass Kinder schon in den Kitas (Kindertagesst\u00e4tten, fr\u00fcher als Kinderg\u00e4rten bekannt) gef\u00f6rdert werden. Dabei leisten die Erzieherinnen und Erzieher einen sehr wichtigen Beitrag, ihr Auftrag ist nicht blo\u00df Kinder zu verwahren, wie schlecht Informierte glauben, sie unterst\u00fctzen vielmehr die Pers\u00f6nlichkeitsentwicklung, sie f\u00f6rdern eine Bildung in umfassendem Sinne. Konkret hei\u00dft das z.B., dass Kinder lernen, sich in einer Gemeinschaft angemessen zu verhalten, und (ganz wichtig!) mit Anderen verbal und vertr\u00e4glich zu kommunizieren. Das kann eine Kita zu einem gro\u00dfen Teil leisten &#8212; wenn sie personell und materiell angemessen ausgestattet ist. <\/p>\n\n\n\n<p>Aber an Letzterem hat es in Deutschland in letzter Zeit an vielen Stellen gemangelt. Und wenn die Kinder in die Schule kommen, erleben sie z.T. wieder Mangelsituationen in personeller wie materieller Hinsicht. Seit der ersten PISA-Studie, also seit gut zwei Jahrzehnten, h\u00f6ren wir Fensterreden von PolitikerInnen, in denen Bildung als ganz wichtig bezeichnet wird. Und dass sie priorisiert werden muss. Das schlug sich bisher aber kaum in realen Auswirkungen nieder. Eher sprachen Fachleute in den letzten Jahren schon von einer Bildungskatastrophe, die auf Deutschland zurollt. Und auch davon, dass dieses Land sich das gar nicht erlauben darf, wenn es nicht international im Wettbewerb zur\u00fcckfallen soll.<\/p>\n\n\n\n<p>Danke, Herr Merz, dass Sie mich daran erinnert haben: Herr Habeck ist qualifiziert, auch die Bed\u00fcrfnisse von Kindern in der Politik mit Verstand und Empathie zu ber\u00fccksichtigen. Wenn mehr PolitikerInnen sich f\u00fcr die Belange von Kindern interessieren, kann dieses Land in der Bildung noch aufholen, und dann kann es langfristig das n\u00f6tige Bildungsniveau halten bzw. erreichen. <\/p>\n\n\n\n<p>Das n\u00f6tige Bildungsniveau? Das ist eines nicht nur f\u00fcr Eliten und ein oberes Viertel der Gesellschaft, w\u00e4hrend ein Gro\u00dfteil nicht richtig schreiben und sinnentnehmend lesen kann. Schon vor etwa 60 Jahren erkannte man auch in Deutschland, dass Wirtschaft und Gesellschaft mehr helle K\u00f6pfe brauchen, dass das Begabungs- und Bildungspotential in der Bev\u00f6lkerung breiter ausgesch\u00f6pft werden m\u00fcsse, um auf mehr gut ausgebildete Menschen zur\u00fcckgreifen zu k\u00f6nnen. Das f\u00fchrte damals zu einer Bildungsreform und u.a. der Einf\u00fchrung der Gesamtschule (zun\u00e4chst als Versuch). Heutzutage kommt es mir so vor, als habe sich eine Akzeptanz von sozialer Schieflage eingeschlichen, als nehme man mangelnde Chancengleichheit im Bildungssystem nicht mehr als Skandal wahr. Wie kann dieser Zustand verbessert werden? Bestimmt nicht dadurch, dass man Bildungsausgaben je nach Kassenlage gestaltet statt mit Weitblick. Zu diesen Ausgaben geh\u00f6ren u.a. Bau und Instandhaltung von Kita- und Schulgeb\u00e4uden, Bereitstellung des n\u00f6tigen Fachpersonals, usw. <\/p>\n\n\n\n<p>Es scheint in den K\u00f6pfen vieler deutscher PolitikerInnen und Verwaltungsmenschen die seltsame Vorstellung zu herrschen, dass Bildung und Kultur nicht so wichtig seien und ggf. die Ausgaben und Zusch\u00fcsse gek\u00fcrzt und zusammengespart werden k\u00f6nnen. Hinzu kommt noch die Programmierung vieler PolitikerInnen auf Legislaturperioden und die jeweils n\u00e4chste Wahl, sodass f\u00fcr sie Themen eine wichtige Rolle spielen, mit denen man Wahlen gewinnen kann. Denn auch W\u00e4hlerInnen vergessen oft, dass Ausgaben f\u00fcr Kinder und Heranwachsende nicht nur diesen zugute kommen, sondern der ganzen Gesellschaft, der Wirtschaft, dem ganzen Land (wie oben erw\u00e4hnt).  <\/p>\n\n\n\n<p>Daher steht auf meinem Wunschzettel, dass mehr Menschen in diesem Land einsehen, wie wichtig ein funktionierendes, ein gutes Bildungssystem ist. Und dass wir da investieren m\u00fcssen. &#8222;Kinder sind unsere Zukunft,&#8220; wird oft nur so dahingesagt. Die Bildung und Ausbildung unserer Kinder ist tats\u00e4chlich f\u00fcr die Zukunft des ganzen Landes von Bedeutung. Dazu geh\u00f6rt, dass man Kinder auch gegen Armut absichert, damit sie sich auf das Lernen konzentrieren k\u00f6nnen. * <\/p>\n\n\n\n<p>W. R. <\/p>\n\n\n\n<ul>\n<li>*Ausf\u00fchrlicher dazu siehe &#8222;Ist Armut strafbar?&#8220; vom 10.08.2024<\/li>\n<\/ul>\n\n\n\n<p><\/p>\n\n\n\n<p><\/p>\n","protected":false},"excerpt":{"rendered":"<p>DEN Wunschzettel von neulich habe ich nur in wenigen Punkten zitiert. Aber ich sehe, dass ich doch noch \u00fcber zwei weitere W\u00fcnsche sprechen muss. Muss? Ja, da besteht dringender Mitteilungs- und auch Handlungsbedarf.1. Der Prozess um die Vergewaltigung von Gis\u00e8le Pelicot ist gerade zu Ende gegangen, 51 M\u00e4nner wurden verurteilt. Ihr habt es sicher \u00fcber [&hellip;]<\/p>\n","protected":false},"author":3,"featured_media":0,"comment_status":"closed","ping_status":"open","sticky":false,"template":"","format":"standard","meta":[],"categories":[1],"tags":[342,432,554,717,714,367,624,716],"_links":{"self":[{"href":"https:\/\/www.fu-frechen.de\/index.php?rest_route=\/wp\/v2\/posts\/9160"}],"collection":[{"href":"https:\/\/www.fu-frechen.de\/index.php?rest_route=\/wp\/v2\/posts"}],"about":[{"href":"https:\/\/www.fu-frechen.de\/index.php?rest_route=\/wp\/v2\/types\/post"}],"author":[{"embeddable":true,"href":"https:\/\/www.fu-frechen.de\/index.php?rest_route=\/wp\/v2\/users\/3"}],"replies":[{"embeddable":true,"href":"https:\/\/www.fu-frechen.de\/index.php?rest_route=%2Fwp%2Fv2%2Fcomments&post=9160"}],"version-history":[{"count":8,"href":"https:\/\/www.fu-frechen.de\/index.php?rest_route=\/wp\/v2\/posts\/9160\/revisions"}],"predecessor-version":[{"id":9175,"href":"https:\/\/www.fu-frechen.de\/index.php?rest_route=\/wp\/v2\/posts\/9160\/revisions\/9175"}],"wp:attachment":[{"href":"https:\/\/www.fu-frechen.de\/index.php?rest_route=%2Fwp%2Fv2%2Fmedia&parent=9160"}],"wp:term":[{"taxonomy":"category","embeddable":true,"href":"https:\/\/www.fu-frechen.de\/index.php?rest_route=%2Fwp%2Fv2%2Fcategories&post=9160"},{"taxonomy":"post_tag","embeddable":true,"href":"https:\/\/www.fu-frechen.de\/index.php?rest_route=%2Fwp%2Fv2%2Ftags&post=9160"}],"curies":[{"name":"wp","href":"https:\/\/api.w.org\/{rel}","templated":true}]}}