{"id":9195,"date":"2025-01-22T22:27:42","date_gmt":"2025-01-22T21:27:42","guid":{"rendered":"https:\/\/www.fu-frechen.de\/?p=9195"},"modified":"2025-01-28T14:14:12","modified_gmt":"2025-01-28T13:14:12","slug":"die-den-mund-voll-nehmen","status":"publish","type":"post","link":"https:\/\/www.fu-frechen.de\/?p=9195","title":{"rendered":"Die den Mund voll nehmen&#8230;"},"content":{"rendered":"\n<p class=\"has-drop-cap\">D<strong>amit<\/strong> hatte ich schon gerechnet: Am Tresen war der Stammtisch versammelt und hatte nur ein Thema: <strong>Trump<\/strong>. Und der Erregungspegel war hoch.<br>&#8222;Ich habe die Inaugurationsfeier im Fernsehen geguckt. Die gro\u00dfe Show. Melanias scharfer Hut!&#8220;<br>&#8222;Wie, das war alles, was du daran erw\u00e4hnenswert findest?&#8220;<br>&#8222;Ja, was hast du erwartet? Es war der Pomp mit religi\u00f6ser Weihe, wenn ein Pr\u00e4sident von <em>god&#8217;s own country<\/em> ins Amt eingef\u00fchrt wird.&#8220;<br>&#8222;Also bitte, das war doch eine Entgleisung erster Klasse! Andere Pr\u00e4sidenten haben nach dem Wahlkampf davon gesprochen, das Land wieder zusammenzuf\u00fchren. Trump dagegen redete genauso weiter, wie er im Wahlkampf geredet hatte. Er putzte die Vorg\u00e4ngerregierung runter, die als G\u00e4ste dabeisa\u00dfen, und nahm den Mund voll wie kein Pr\u00e4sident vor ihm, wenn ich das richtig sehe.&#8220;<br>&#8222;Ja, ich finde das auch daneben. Ich h\u00e4tte Verst\u00e4ndnis daf\u00fcr gehabt, wenn Biden und Harris aufgestanden w\u00e4ren und die Feier verlassen h\u00e4tten.&#8220;<br>&#8222;Aber auch das h\u00e4tte einen Trump nicht gest\u00f6rt. Er setzt doch dauernd auf Provokationen und Ausf\u00e4lle. Er ist und bleibt der R\u00fcpel, den wir schon vor Jahren kennengelernt haben.&#8220;<br>&#8222;Und jetzt k\u00f6nnen sich alle warm anziehen. Auch viele seiner W\u00e4hler werden sich noch umgucken, was aus ihren Hoffnungen wird. Ein goldenes Zeitalter bricht an! Ha-ha. Boris Johnson in Gro\u00dfbritannien hat  eine goldene Zukunft versprochen, als er den Brexit vorantrieb. Und was hat Britannien bekommen? Die Probleme, vor denen Leute aus der Wirtschaft gewarnt hatten. Und eine versch\u00e4rfte Krise des Gesundheitssystems.&#8220;<br>&#8222;Genau! So l\u00e4uft das bei den Populisten: Sie pl\u00e4dieren f\u00fcr nationalen Egoismus mit einer Prise Rassismus und Fremdenfeindlichkeit, und nach dem Rausch der Macht\u00fcbernahme kommt der gro\u00dfe Kater: Der nationalen Wirtschaft fehlen pl\u00f6tzlich ausl\u00e4ndische Arbeitskr\u00e4fte, der Warenaustausch ger\u00e4t ins Stocken, und erst dann d\u00e4mmert Vielen, dass sie in die falsche Richtung marschiert sind.&#8220; <br>&#8222;Genau. Und au\u00dfenpolitisch k\u00f6nnen sie auch keine bedeutende Rolle spielen und m\u00fcssen sich an eine fremde Macht heranschleimen.&#8220;<br>&#8222;Ich habe sogar den Verdacht, dass Trump genau das Gegenteil von dem erreichen wird, was auf seiner roten Kappe steht, n\u00e4mlich: Statt &#8222;great again&#8220; wird dieses Amerika Einiges an Respekt und Bedeutung in der Welt einb\u00fc\u00dfen.&#8220;<br>&#8222;Ich sage immer: An ihren Taten sollt ihr sie erkennen. Trump hat sofort alle begnadigt und freigelassen, die am Sturm auf das Capitol beteiligt waren und deshalb verurteilt wurden. Damit zeigt er allen den Stinkefinger, die noch Respekt f\u00fcr die demokratischen Regeln und Institutionen einfordern. F\u00fcr Trump ist Demokratie, wenn er Wahlen gewinnt, andernfalls war es Betrug.&#8220;<br>&#8222;Das ist das Traurige: Er macht Demokratie l\u00e4cherlich, er f\u00fchrt die Justiz vor, er wirft sich zum Herrscher \u00fcber dem Gesetz auf. Und niemand hat ihn gestoppt, solange es ging. Dabei war klar, was er wollte.&#8220;<br>&#8222;Und unsere Rechtsau\u00dfen hierzulande wanzen sich an Trump ran. Das wollen Patrioten sein! L\u00e4cherlich. Wenn man sie machen l\u00e4sst, verkaufen sie Deutschland an Putin und Trump und m\u00f6chten von Gnaden dieser zwielichtigen Figuren bei uns die Macht \u00fcbernehmen. Mir kommt es hoch!&#8220;<br>Als ich das h\u00f6rte, kam es mir auch hoch. Ich eilte zur Toilette und erbrach mein Abendessen. Dann, als ich wieder einigerma\u00dfen stabil auf meinen Beinen stand, ging ich hinaus und atmete tief durch. Ich blickte zum Himmel, doch der war bew\u00f6lkt. Vielleicht h\u00e4tte ich sonst die Planetenkonstellation sehen k\u00f6nnen, die sich dieser Tage am Himmel zeigte. Davon wusste ich aus den Medien. Vielleicht ist das demn\u00e4chst auch nicht mehr wahr, ging es mir durch den Kopf, wenn die <em>social media<\/em> zugunsten der absoluten Meinungsfreiheit per Algorithmus die Behauptungen obenan stellen, dass diese Planeten-Reihung eine Ehrenbezeigung des Universums f\u00fcr Trump und Musk sei, alle anderslautenden Aussagen von Astronomen dagegen nur Fake News&#8230;  <br>Auch das ist nun denkbar geworden. &#8212;<br>W. R. <\/p>\n\n\n\n<p class=\"has-drop-cap has-text-align-center\">: (<br><br>  <br><\/p>\n","protected":false},"excerpt":{"rendered":"<p>Damit hatte ich schon gerechnet: Am Tresen war der Stammtisch versammelt und hatte nur ein Thema: Trump. Und der Erregungspegel war hoch.&#8222;Ich habe die Inaugurationsfeier im Fernsehen geguckt. Die gro\u00dfe Show. Melanias scharfer Hut!&#8220;&#8222;Wie, das war alles, was du daran erw\u00e4hnenswert findest?&#8220;&#8222;Ja, was hast du erwartet? Es war der Pomp mit religi\u00f6ser Weihe, wenn ein [&hellip;]<\/p>\n","protected":false},"author":3,"featured_media":0,"comment_status":"closed","ping_status":"open","sticky":false,"template":"","format":"standard","meta":[],"categories":[1,534,636,544],"tags":[],"_links":{"self":[{"href":"https:\/\/www.fu-frechen.de\/index.php?rest_route=\/wp\/v2\/posts\/9195"}],"collection":[{"href":"https:\/\/www.fu-frechen.de\/index.php?rest_route=\/wp\/v2\/posts"}],"about":[{"href":"https:\/\/www.fu-frechen.de\/index.php?rest_route=\/wp\/v2\/types\/post"}],"author":[{"embeddable":true,"href":"https:\/\/www.fu-frechen.de\/index.php?rest_route=\/wp\/v2\/users\/3"}],"replies":[{"embeddable":true,"href":"https:\/\/www.fu-frechen.de\/index.php?rest_route=%2Fwp%2Fv2%2Fcomments&post=9195"}],"version-history":[{"count":3,"href":"https:\/\/www.fu-frechen.de\/index.php?rest_route=\/wp\/v2\/posts\/9195\/revisions"}],"predecessor-version":[{"id":9204,"href":"https:\/\/www.fu-frechen.de\/index.php?rest_route=\/wp\/v2\/posts\/9195\/revisions\/9204"}],"wp:attachment":[{"href":"https:\/\/www.fu-frechen.de\/index.php?rest_route=%2Fwp%2Fv2%2Fmedia&parent=9195"}],"wp:term":[{"taxonomy":"category","embeddable":true,"href":"https:\/\/www.fu-frechen.de\/index.php?rest_route=%2Fwp%2Fv2%2Fcategories&post=9195"},{"taxonomy":"post_tag","embeddable":true,"href":"https:\/\/www.fu-frechen.de\/index.php?rest_route=%2Fwp%2Fv2%2Ftags&post=9195"}],"curies":[{"name":"wp","href":"https:\/\/api.w.org\/{rel}","templated":true}]}}