{"id":9285,"date":"2025-03-30T22:18:41","date_gmt":"2025-03-30T20:18:41","guid":{"rendered":"https:\/\/www.fu-frechen.de\/?p=9285"},"modified":"2025-08-14T15:39:31","modified_gmt":"2025-08-14T13:39:31","slug":"wir-sind-alle-groenlaender","status":"publish","type":"post","link":"https:\/\/www.fu-frechen.de\/?p=9285","title":{"rendered":"Wir sind alle Gr\u00f6nl\u00e4nder"},"content":{"rendered":"\n<p><\/p>\n\n\n\n<p class=\"has-drop-cap\">Eigentlich wollen wir zum <strong>Thema &#8222;Trump&#8220;<\/strong> schon gar nichts mehr h\u00f6ren, weil uns sein Auftreten in den Nachrichten inzwischen nur noch nervt und Manchen total zuwider ist. Aber hier auf <em>fu-frechen. de<\/em> wollen wir trotzdem immer noch versuchen, die Welt tiefer zu begreifen und da, wo es m\u00f6glich ist, sinnvoll mitzugestalten. Darum stellen wir hier noch einmal ein paar Dinge klar:<\/p>\n\n\n\n<p><strong>1.<\/strong> Man muss es einmal klar und deutlich benennen: Donald Trumps Verhalten in Sachen <em>Gr\u00f6nland<\/em> ist eine grobe Unversch\u00e4mtheit. Es ist nicht damit getan, die Achseln zu zucken und zu sagen: So isser eben, der Trump. Nein, er ist kein Privatmann oder Gesch\u00e4ftsmann, er hat ein Amt zu f\u00fchren und damit eine immens gro\u00dfe Verantwortung. Darum kann er nicht einfach seine pers\u00f6nlichen Vorlieben und Marotten in die gro\u00dfe Politik einf\u00fchren und so tun, als sei das allein seine Privatsache oder &#8222;eben sein Stil&#8220;. Sein Stil der Falschbehauptungen, der Faust auf dem Tisch, der Dohungen und Erpressungen ist einfach unpassend f\u00fcr dieses Amt. Er geh\u00f6rt da nicht hin, wenn er unf\u00e4hig ist, die Regeln des internationalen Umgangs und der Diplomatie zu respektieren. Vor allem kann er so nicht ein Land repr\u00e4sentieren, das als Demokratie gilt.<\/p>\n\n\n\n<p><strong>2.<\/strong> Trumps weltpolitische Grundausrichtung ist, unabh\u00e4ngig von seiner Person, ein Thema der <strong>US-Au\u00dfenpolitik<\/strong> schon seit Jahren: China wird zum globalen Rivalen, die USA wollen sich st\u00e4rker auf den Gro\u00dfraum Indo-Pazifik konzentrieren. Das ist also nicht neu. Und wir wissen auch, dass schon seit Pr\u00e4sident Obama immer wieder an Europa appelliert wurde, sich verst\u00e4rkt um die eigene Verteidigung zu k\u00fcmmern und sich nicht voll auf die USA zu st\u00fctzen. Daher gab es schon vor Trump die Forderung, Nato-Verb\u00fcndete in Europa sollten ihre Etats f\u00fcr ihr Milit\u00e4r erh\u00f6hen. Doch die Angesprochenen h\u00f6rten gern weg, die meisten glaubten, sie k\u00f6nnten die &#8222;Friedensdividende&#8220; (seit 1990) weiter einstreichen und ihr Milit\u00e4r zusammensparen. F\u00fcr die atomare Abschreckung sorgten ja ohnehin die USA. Man erwartete weiterhin, dass die westliche F\u00fchrungsmacht ein starkes Milit\u00e4r unterhalte, Schutzmacht f\u00fcr Europa bleibe und im Zweifel den Weltpolizisten spiele. <\/p>\n\n\n\n<p>Deutsches Milit\u00e4r beteiligte sich zwar an mehreren Auslandseins\u00e4tzen, spielte dabei aber keine tragende Rolle (am ehesten vielleicht noch in Mali). In Afghanistan waren die Soldaten der Bundeswehr in vieler Hinsicht von den US-Streitkr\u00e4ften abh\u00e4ngig und galten in Deutschland auch eher als Brunnenbauer f\u00fcr die armen D\u00f6rfer denn als wirksame Bek\u00e4mpfer der Taliban oder terroristischer Splittergruppen. Das beruhigte die weithin pazifistisch gesinnte deutsche Bev\u00f6lkerung. Noch konnte man bei uns die Abschaffung (&#8222;Aussetzung&#8220;) der Wehrpflicht und die Vernachl\u00e4ssigung der Verteidigungsausgaben begr\u00fcnden.<\/p>\n\n\n\n<p>Damit ist es vorbei, seit klar wurde: Unser Gro\u00dflieferant f\u00fcr g\u00fcnstiges Gas f\u00fchrt uns hinters Licht, er ist weder ein Freund des bestehenden politischen Sicherheitssystems noch der Selbstbestimmung der V\u00f6lker. Und er holt sich mit Gewalt, was er will &#8212; wenn man ihn l\u00e4sst. Dabei nimmt er null R\u00fccksicht auf Menschen; seine Kriegf\u00fchrung schont weder Zivilisten noch lebensnotwendige Infrastruktur, ja nicht einmal seine eigenen Soldaten. Gewalt und Folter sind f\u00fcr ihn offenbar ganz normale Mittel der Durchsetzung. So hat er es w\u00e4hrend seiner Geheimdienstkarriere gelernt, und so wendet er sie an.<\/p>\n\n\n\n<p>In dem Moment, wo Europa und Teile der deutschen Regierung immer noch z\u00f6gern, die angegriffene Ukraine mit <em>vollem<\/em> Einsatz zu unterst\u00fctzen, tritt der <em>worst case<\/em> ein: Trump wird erneut Pr\u00e4sident der USA. Nun r\u00e4cht sich, dass man vers\u00e4umt hat, Putin milit\u00e4risch konsequenter entgegenzutreten. Trumps sofortige Kehrtwende in der Russland-Politik, seine Anbiederung an Putin in der Annahme, so zu dem von ihm angek\u00fcndigten schnellen Friedensschluss in der Ukraine zu kommen, wirft strategisch viele Puzzle-Teile durcheinander. So schnell wie n\u00f6tig k\u00f6nnen sich die europ\u00e4ischen Regierungen gar nicht auf ein gemeinsames Konzept einigen, geschweige denn, es zeitnah umsetzen.<\/p>\n\n\n\n<p><strong>3.<\/strong> Mal abgesehen von den laufenden Irritationen durch Trumps sprunghafte, oft unberechenbare Entscheidungen muss man den Blick auch auf die <strong>ideologische Ausrichtung<\/strong> Trumps und seiner Regierungsmannschaft richten. Was da im Inneren der USA wie in den Beziehungen zu Nachbarstaaten und Nato-Verb\u00fcndeten abgeht, hat eine zutiefst verst\u00f6rende Qualit\u00e4t, mehr noch: eine zerst\u00f6rerische Zielsetzung. Trump hat nur treue Gefolgsleute an seine Seite geholt, ihre Qualifikation f\u00fcr das Amt und seine Aufgaben war nebens\u00e4chlich. Die ideologische Ausrichtung wird gepr\u00e4gt von erzkonservativen, teils faschistoiden Vorstellungen von Staat und Gesellschaft. Schon lange haben rechtsgerichtete Leute im Thinktank <em>Heritage Foundation<\/em> am Konzept gefeilt, das f\u00fcr den Fall erneuter Trump-Amtszeit mit Macht umzusetzen sei. Schon lange betrieben rechtsgerichtete Fortschritts-Feinde in den USA eine Kampagne zur Verteufelung aller modernen Gesellschaftsideen, zur Leugnung des Klimawandels, sie bek\u00e4mpften liberale Abtreibungsgesetze, zogen gegen  Gleichstellung der Geschlechter, der Hautfarben, der Menschen \u00fcberhaupt zu Felde. Sie propagierten die R\u00fcckkehr zu \u00fcberholten Vorstellungen von Geschlechterrollen, sie priesen antiquierte M\u00e4nnlichkeitsideale vom &#8222;starken (und gewaltbereiten) Mann&#8220;, sie leugneten die naturgegebene Vielfalt der Geschlechter und der sexuellen Orientierungen zugunsten eines rigiden Mann-Frau-Schemas. Dabei mischten streng-religi\u00f6se Evangelikale mit, die alles in der Bibel Geschriebene w\u00f6rtlich nehmen und als Gottes Willen verstehen wollen. (An anderer Stelle* war schon zu lesen, dass solches Denken zu autorit\u00e4r-r\u00fcckw\u00e4rtsgewandten Einstellungen f\u00fchrt und modernen Staaten nicht kompatibel ist, schon gar nicht einer Demokratie.) <\/p>\n\n\n\n<p>Diese <strong>ideologische Rolle r\u00fcckw\u00e4rts<\/strong> wollen Trump und seine Mitt\u00e4ter nicht nur in den USA vollziehen, sondern m\u00f6glichst \u00fcberall in der Welt, wo sie Einfluss nehmen k\u00f6nnen. Beispiel: &gt;<a href=\"https:\/\/www.spiegel.de\/wirtschaft\/europaeische-firmen-sollen-trumps-anti-diversitaets-linie-folgen-a-6ae3db2a-ce90-40e8-b807-4d7a872c249e\">Europ\u00e4ische Firmen sollen Trumps Anti-Diversit\u00e4ts-Linie folgen &#8211; DER SPIEGEL<\/a>  Also aufgepasst: Trump und sein Gefolge sind eine Gefahr f\u00fcr die Menschheit &#8212; vorausgesetzt, die Menschen wollen sich nicht einer Knute beugen, sondern ihre pers\u00f6nliche Freiheit behalten und verteidigen. Was wir schon in den USA sehen, wollen diese Trump-Follower der ganzen Welt aufdr\u00fccken, und wo sie k\u00f6nnen, aufzwingen. Da sind sie sich \u00fcbrigens mit dem Putin-Regime ziemlich einig.<\/p>\n\n\n\n<p>Es ist mehr als nachvollziehbar, dass weder Gr\u00f6nl\u00e4nder noch Kanadier unter einem solchen Regime leben wollen! Und daher, liebe Freundinnen und Freunde der Menschenrechte und der Demokratie, sind wir auch Gr\u00f6nl\u00e4nder! Oder Kanadier, oder die Vielen in den USA, die mit der geistigen Verarmung eines R\u00fcckschritts ins 19. Jahrhundert nicht einverstanden sind! Denn Viele erkennen: Die wahre Agenda von Trump und seinen Komplizen ist das<em> genaue Gegenteil<\/em> seines Slogans &#8222;Make America great again.&#8220;<\/p>\n\n\n\n<p>W. R. <\/p>\n\n\n\n<p> * siehe Unterseite <em>H\u00f6heres<\/em><\/p>\n\n\n\n<p><em>Nachtrag am 02.04.2025:<\/em> Um ihrem Ziel n\u00e4her zu kommen und alle Andersdenkenden zu verwirren, haben die rechten Verschw\u00f6rer sich dahin abgesprochen, jede Menge Fake News und Verschw\u00f6rungsfantasien in die Welt zu setzen. Was wahr ist, soll nicht mehr klar sein, sie s\u00e4en Zweifel und Misstrauen, ersetzen Fakten durch Falschbehauptungen und wollen ihre eigenen Fakes als geglaubte Wahrheit etablieren. Glaubt Ihr nicht? Habt Ihr noch Bohnen in den Ohren? Oder habt Ihr gedacht, &#8222;1984&#8220; von George Orwell sei nur eine harmlose, frei fantasierte Erz\u00e4hlung? <\/p>\n\n\n\n<p>Gerade k\u00fcndigen mehrere namhafte Historiker, die besonders zum Faschismus forschen, ihre Stellen an renommierten Universit\u00e4ten und verlassen die USA. Das spricht f\u00fcr sich. Denn die Trump-Bande hat die geistige Elite zu ihrem Feind erkl\u00e4rt. Was sie gar nicht braucht, sind kritische DenkerInnen. Wie schon die Regierungsmannschaft, so soll auch das Land auf Linie gebracht werden.<\/p>\n\n\n\n<p>Neulich las ich in einem Buch \u00fcber die K\u00f6lner Universit\u00e4t in der Nazizeit. Was da ab 1933 vor sich ging&#8230; Pl\u00f6tzlich fiel es mir auf: Was Trump und seine Schergen aktuell in den USA versuchen, hat verdammte \u00c4hnlichkeit mit dem Treiben der Nazis, um die Universit\u00e4ten unter Kontrolle zu bringen.<\/p>\n\n\n\n<p><em>Zusatz am 03.04.25:<\/em> Trump nervt weiter und haut der ganzen Welt einen Rundumschlag von Z\u00f6llen um die Ohren. Wirtschafts-Fachleute sch\u00fctteln nur noch den Kopf, sowohl \u00fcber Trumps Begr\u00fcndungen als auch \u00fcber die zu erwartenden Folgen auch f\u00fcr die USA. Aber Z\u00f6lle waren ja schon lange Trumps Lieblingsspielzeug, wohl weil ihm irgendwer vor etlichen Jahren eingefl\u00fcstert hat, damit k\u00f6nnte er sich als gro\u00dfer Macher und Weltpolitiker in Szene setzen. Dabei scheint er nicht einmal absch\u00e4tzen zu k\u00f6nnen, was er damit anrichtet. Aber ihn interessiert erst einmal die gro\u00dfe Show mit seinem Zoll-Paukenschlag. Morgen oder \u00fcbermorgen haut er wohl schon den n\u00e4chsten Klops raus, um die Welt zu schocken.<\/p>\n\n\n\n<p class=\"has-text-align-center\">: \/<\/p>\n\n\n\n<p><\/p>\n\n\n\n<p><\/p>\n\n\n\n<p><\/p>\n\n\n\n<p><\/p>\n","protected":false},"excerpt":{"rendered":"<p>Eigentlich wollen wir zum Thema &#8222;Trump&#8220; schon gar nichts mehr h\u00f6ren, weil uns sein Auftreten in den Nachrichten inzwischen nur noch nervt und Manchen total zuwider ist. Aber hier auf fu-frechen. de wollen wir trotzdem immer noch versuchen, die Welt tiefer zu begreifen und da, wo es m\u00f6glich ist, sinnvoll mitzugestalten. Darum stellen wir hier [&hellip;]<\/p>\n","protected":false},"author":3,"featured_media":0,"comment_status":"closed","ping_status":"open","sticky":false,"template":"","format":"standard","meta":[],"categories":[1,534,530,636],"tags":[487,395,725,569,723,724],"_links":{"self":[{"href":"https:\/\/www.fu-frechen.de\/index.php?rest_route=\/wp\/v2\/posts\/9285"}],"collection":[{"href":"https:\/\/www.fu-frechen.de\/index.php?rest_route=\/wp\/v2\/posts"}],"about":[{"href":"https:\/\/www.fu-frechen.de\/index.php?rest_route=\/wp\/v2\/types\/post"}],"author":[{"embeddable":true,"href":"https:\/\/www.fu-frechen.de\/index.php?rest_route=\/wp\/v2\/users\/3"}],"replies":[{"embeddable":true,"href":"https:\/\/www.fu-frechen.de\/index.php?rest_route=%2Fwp%2Fv2%2Fcomments&post=9285"}],"version-history":[{"count":20,"href":"https:\/\/www.fu-frechen.de\/index.php?rest_route=\/wp\/v2\/posts\/9285\/revisions"}],"predecessor-version":[{"id":9500,"href":"https:\/\/www.fu-frechen.de\/index.php?rest_route=\/wp\/v2\/posts\/9285\/revisions\/9500"}],"wp:attachment":[{"href":"https:\/\/www.fu-frechen.de\/index.php?rest_route=%2Fwp%2Fv2%2Fmedia&parent=9285"}],"wp:term":[{"taxonomy":"category","embeddable":true,"href":"https:\/\/www.fu-frechen.de\/index.php?rest_route=%2Fwp%2Fv2%2Fcategories&post=9285"},{"taxonomy":"post_tag","embeddable":true,"href":"https:\/\/www.fu-frechen.de\/index.php?rest_route=%2Fwp%2Fv2%2Ftags&post=9285"}],"curies":[{"name":"wp","href":"https:\/\/api.w.org\/{rel}","templated":true}]}}