{"id":9434,"date":"2025-09-15T22:23:20","date_gmt":"2025-09-15T20:23:20","guid":{"rendered":"https:\/\/www.fu-frechen.de\/?p=9434"},"modified":"2025-10-30T18:57:22","modified_gmt":"2025-10-30T17:57:22","slug":"patrioten","status":"publish","type":"post","link":"https:\/\/www.fu-frechen.de\/?p=9434","title":{"rendered":"Patrioten"},"content":{"rendered":"\n<p class=\"has-drop-cap\">W<strong>AR<\/strong> Hitler ein Patriot? Sind heutige Machthaber wie Putin, Xi Jin Ping, Netanjahu oder Chamenei Patrioten?<br>Was ist \u00fcberhaupt ein Patriot? Vom Wortsinn ist es einer, der sich f\u00fcr sein Vaterland engagiert. Was hei\u00dft das genau, f\u00fcr den Staat, in dem er lebt, oder f\u00fcr seine Landsleute  als Volk dieses Staates oder dieser Nation? <br>Wir h\u00f6ren von rechtsgerichteten oder Rechtsradikalen in Deutschland (und anderswo), dass sie sich als Patrioten bezeichnen. Und sie reklamieren f\u00fcr sich, dass v\u00f6lkisches Denken dasselbe sei wie Patriotismus. Aber stimmt das?<br>Wer den Nationalsozialismus nicht ablehnt und insgeheim oder offen f\u00fcr Hitler schw\u00e4rmt, der \u00fcbersieht einen kritischen Punkt: Hitler und seine Kumpanen redeten zwar viel von Volk und Vaterland, aber sie hatten keine Skrupel, in diesem Volk mit Gewalt, Folter und Mord zu w\u00fcten, wenn sie ihre Macht bedroht glaubten. Es ging ihnen nicht darum, die Deutschen an sich zu st\u00e4rken und zu f\u00f6rdern, viel wichtiger war ihnen der Machterhalt. Daf\u00fcr mussten viele Menschen \u00fcber die Klinge springen, selbst eigene Gefolgsleute. Daf\u00fcr gen\u00fcgte manchmal schon eine Denunziation. <br>Und so sah Hitler denn auch am Kriegsende nicht nur seine Herrschaft, sondern auch das ganze Deutschland untergehen, ja er erlie\u00df sogar den sogenannten Nero-Befehl, dass die Lebensgrundlagen vernichtet werden sollten. Seine Begr\u00fcndung: Das deutsche Volk habe sich als schwach erwiesen und verdiene nicht zu \u00fcberleben. In der Nazi-Logik gab es nur den Kampf ums \u00dcberleben, das Starke st\u00fcrzt das Schwache. Da war kein Platz f\u00fcr ein friedliches Miteinander, das Schwache verdiente den Tod.*<br>Hitler verachtete am Ende das deutsche Volk, das angeblich (d.h. in seiner v\u00f6lkisch-rassistischen Sicht) zu schwach war und sich von den alliierten Kriegsgegnern besiegen lie\u00df. Das, liebe V\u00f6lkischdenkende, ist die Kehrseite der v\u00f6lkischen Weltanschauung. Wollt Ihr das wieder aufleben lassen, wollt Ihr im Zweifel untergehen? Findet Ihr toll, am Ende quasi als Nibelungen im Kampf vor die Hunde zu gehen?<\/p>\n\n\n\n<p>Wenn Ihr glaubt, die <em>sozialdarwinistische<\/em> Sicht auf die Menschheit sei ein Leitprinzip, dann denkt mal richtig nach. Darwin fand das Prinzip des <em>&#8222;survival of the fittest&#8220;<\/em> in der Evolution des Lebens auf der Erde. Das bedeutet aber nicht den st\u00e4ndigen Kampf Aller gegen Alle. Also: kein ewiges Gemetzel, sondern \u00fcber Jahrtausende und Jahrmillionen st\u00e4ndige Mutationen im Erbgut der Lebewesen. Von diesen Mutationen \u00e4ndern manche gar nichts, einige aber schon &#8212; zum Nachteil oder auch zum Vorteil des Individuums, das sich wie die anderen weiter fortpflanzt und \u00fcber eine lange Reihe von Nachkommen vielleicht einen \u00dcberlebensvorteil erlangt, oder das Gegenteil. Der Mensch, mit seinen rein k\u00f6rperlichen F\u00e4higkeiten vielen Tieren nicht gewachsen, entwickelte \u00fcber weite Zeitr\u00e4ume ein Gehirn, das &#8212; nein nicht wegen seiner Gr\u00f6\u00dfe, sondern &#8212; wegen besonderer sozialer F\u00e4higkeiten wie Zusammenarbeit und  Zusammmenhalt in einer Gruppe in der Lage war, eine differenzierte Sprache auszubilden und damit die sozialen Kompetenzen weiter zu verfeinern. Damit glichen die Menschen der Fr\u00fchzeit ihre Nachteile gegen\u00fcber gro\u00dfen Raubtieren weitgehend aus. Diese Kompetenzen hoben den Menschen aber noch nicht deutlich aus dem Rest der Lebewesen hervor, denn auch einige Affenarten zeigen ein \u00e4hnliches Gruppenverhalten und \u00e4hnliche Kompetenzen. Darum nannte man sie Menschenaffen. Und die Forschung hat uns in neuerer Zeit immer neue Erkenntnisse \u00fcber Tierarten geliefert, die wir bis dahin untersch\u00e4tzt hatten, Tierarten, die (f\u00fcr uns Menschen erstaunlich) viel Intelligenz und Sensibilit\u00e4t zeigen (wenn man offen f\u00fcr eine vorurteilsfreie, neutrale Beobachtung ist). Was den Menschen (wir m\u00fcssen vorsichtig sagen: nach heutigem Wissen) aus der &#8222;Tierwelt&#8220; herauszuheben scheint, ist sein Bewusstsein und seine F\u00e4higkeit zur Selbstreflexion, zum Nachdenken \u00fcber sich, die Welt, den Sinn des Lebens, usw. <\/p>\n\n\n\n<p>Der Mensch hat leider dennoch auch die F\u00e4higkeit, wider besseres Wissen pl\u00f6tzlichen Emotionen zu folgen, und er folgt oft auch egoistischen Vorteilsaussichten, ohne R\u00fccksicht auf die Folgen zu nehmen. Er folgt dabei nur einem Raubtier-Instinkt. Und das ist gerade <em>kein<\/em> Grund, den Menschen \u00fcber ein Raubtier auf eine h\u00f6here Stufe der Entwicklung zu stellen.<\/p>\n\n\n\n<p>Das, liebe BesucherInnen dieser Website, halte ich f\u00fcr ein realistisches Menschenbild. Beweis: Wir erleben eine menschengemachte, nie zuvor erlebte, galoppierende Klimakrise. Doch m\u00e4chtige Interessengruppen torpedieren internationale Zusammenarbeit, wenn sie wirksame Ma\u00dfnahmen gegen diese Klimakrise beschlie\u00dfen und umsetzen will. Diese egoistische Politik verhindert ein gemeinsames Handeln f\u00fcr ein gemeinsames Ziel: das Wohl <em>aller<\/em> Menschen auf diesem Planeten. <\/p>\n\n\n\n<p>Und weil der Mensch wie ein Raubtier handeln kann (und es oft tut), darum befinden wir uns genau da, wo wir sind: in einer Welt, in der immer wieder Gewalt aufflammt und bewaffnete Konflikte ausgel\u00f6st werden &#8212; all die gegenw\u00e4rtigen Konflikte und Kriege auf dem Globus, die alle wider besseres Wissen vom Zaun gebrochen und gek\u00e4mpft werden. Aber die Machthaber und Kriegsherren nutzen die emotionale Verf\u00fchrbarkeit der Menschen, um sie gegen andere Menschen aufzuwiegeln. <\/p>\n\n\n\n<p>Ist das etwa ein evolution\u00e4rer Vorteil? Wem n\u00fctzt es, dass Menschen sich massenhaft gegenseitig abschlachten? Nach zwei Weltkriegen war die Menschheit bereit zum Innehalten und Nachdenken, worauf sie u.a. 1945 die Vereinten Nationen (UN) gr\u00fcndeten: Sie sollten Frieden bewahren und zur friedlichen L\u00f6sung von Konflikten beitragen. Das gab Hoffnung auf eine friedlichere Zukunft, doch die wurde nur teilweise erf\u00fcllt, und inzwischen verd\u00fcstert sich der vormals hoffnungshelle Horizont. Wir erleben, wie Menschen massenweise wieder auf alte, eigentlich \u00fcberholte Parolen und Ideen hereinfallen und sich aufhetzen und auf Schlachtfelder f\u00fchren lassen. \u00dcber neue Kommunikationswege (Internet, social media) werden abgestandene (Macho-)Leitbilder verbreitet, werden dumpfe Gef\u00fchle aufgeputscht gegen klares Denken und abw\u00e4genden Verstand. Das ist eindeutig ein R\u00fcckschritt f\u00fcr den Homo Sapiens. <\/p>\n\n\n\n<p>Es gibt aber noch genug Menschen, die sehen, <strong>was Patriotismus wirklich bedeutet:<\/strong> sich friedlich f\u00fcr sein Land einsetzen, dabei nicht nur die eigenen, sondern auch die Interessen der Nachbarl\u00e4nder sowie der Handelspartner in aller Welt ber\u00fccksichtigen im Gespr\u00e4ch und in Verhandlungen. So kommt man in der heutigen Welt am weitesten, ohne Drohgeb\u00e4rden, ohne Krieg. Nur muss man sich leider auch gegen unbelehrbare Machthaber sch\u00fctzen, die mit den Rezepten aus fr\u00fcheren Jahrhunderten kochen und ihren Machtbereich mit Gewalt und Krieg erweitern wollen. <\/p>\n\n\n\n<p>Dabei hat die deutsche Geschichte gezeigt, dass man so am Ende verliert, dass man aber &#8212; wie Westdeutschland nach 1948 &#8212; mit friedlichen Mitteln und kluger Politik einiges mehr erreichen kann, und vor allem: ein besseres Leben f\u00fcr die gro\u00dfe Mehrheit der B\u00fcrgerInnen. Letzteres steht gerade bei selbsternannten Patrioten nicht oben auf der Priorit\u00e4ten-Liste. Und wenn alles in Scherben f\u00e4llt, zucken sie die Achseln und tun unschuldig. <\/p>\n\n\n\n<p>Also, liebe Leute: Erst nachdenken, Hirn einschalten und sich nicht von Herdentrieb und Br\u00fcllaffen in eine Katastrophe treiben lassen. Seid Menschen, seid wahre Patrioten!<\/p>\n\n\n\n<p>W. R. <\/p>\n\n\n\n<p>* Siehe auch den Beitrag vom 02.10.2020: &#8222;Liebe Faschisten?&#8220;<\/p>\n\n\n\n<p><\/p>\n\n\n\n<p><\/p>\n","protected":false},"excerpt":{"rendered":"<p>WAR Hitler ein Patriot? Sind heutige Machthaber wie Putin, Xi Jin Ping, Netanjahu oder Chamenei Patrioten?Was ist \u00fcberhaupt ein Patriot? Vom Wortsinn ist es einer, der sich f\u00fcr sein Vaterland engagiert. Was hei\u00dft das genau, f\u00fcr den Staat, in dem er lebt, oder f\u00fcr seine Landsleute als Volk dieses Staates oder dieser Nation? Wir h\u00f6ren [&hellip;]<\/p>\n","protected":false},"author":3,"featured_media":0,"comment_status":"closed","ping_status":"open","sticky":false,"template":"","format":"standard","meta":[],"categories":[1,601,483],"tags":[743,744,620,624,742,745,741],"_links":{"self":[{"href":"https:\/\/www.fu-frechen.de\/index.php?rest_route=\/wp\/v2\/posts\/9434"}],"collection":[{"href":"https:\/\/www.fu-frechen.de\/index.php?rest_route=\/wp\/v2\/posts"}],"about":[{"href":"https:\/\/www.fu-frechen.de\/index.php?rest_route=\/wp\/v2\/types\/post"}],"author":[{"embeddable":true,"href":"https:\/\/www.fu-frechen.de\/index.php?rest_route=\/wp\/v2\/users\/3"}],"replies":[{"embeddable":true,"href":"https:\/\/www.fu-frechen.de\/index.php?rest_route=%2Fwp%2Fv2%2Fcomments&post=9434"}],"version-history":[{"count":12,"href":"https:\/\/www.fu-frechen.de\/index.php?rest_route=\/wp\/v2\/posts\/9434\/revisions"}],"predecessor-version":[{"id":9623,"href":"https:\/\/www.fu-frechen.de\/index.php?rest_route=\/wp\/v2\/posts\/9434\/revisions\/9623"}],"wp:attachment":[{"href":"https:\/\/www.fu-frechen.de\/index.php?rest_route=%2Fwp%2Fv2%2Fmedia&parent=9434"}],"wp:term":[{"taxonomy":"category","embeddable":true,"href":"https:\/\/www.fu-frechen.de\/index.php?rest_route=%2Fwp%2Fv2%2Fcategories&post=9434"},{"taxonomy":"post_tag","embeddable":true,"href":"https:\/\/www.fu-frechen.de\/index.php?rest_route=%2Fwp%2Fv2%2Ftags&post=9434"}],"curies":[{"name":"wp","href":"https:\/\/api.w.org\/{rel}","templated":true}]}}