{"id":9443,"date":"2025-08-03T23:16:47","date_gmt":"2025-08-03T21:16:47","guid":{"rendered":"https:\/\/www.fu-frechen.de\/?p=9443"},"modified":"2025-08-03T23:16:47","modified_gmt":"2025-08-03T21:16:47","slug":"lesen-und-vorlesen","status":"publish","type":"post","link":"https:\/\/www.fu-frechen.de\/?p=9443","title":{"rendered":"Lesen und Vorlesen"},"content":{"rendered":"\n<p>K\u00f6ln-Notizen Nr. 1\/2025<\/p>\n\n\n\n<p class=\"has-drop-cap\">W<strong>ER<\/strong> kulturell interessiert ist und sich derzeit in K\u00f6ln langweilt, hat noch nicht vom <strong>K\u00f6lner<\/strong> <strong>Kultur-Sommer<\/strong> Kenntnis genommen. Da gibt es eine Vielfalt von Angeboten und Events, man kann sich berieseln und begeistern lassen, und man kann bei einigen Sachen aktiv mitmachen.<br>Literaturaffine Menschen k\u00f6nnen sich zu Lesungen begeben, denn Vorlesen ist nicht dasselbe wie still f\u00fcr sich lesen. Da wird mancher Text und manche Textpassage lebendiger, weil eine menschliche Stimme ihn mit mehr oder weniger stark h\u00f6rbaren Emotionen vortr\u00e4gt.<br>Wer es sich lieber zu Hause mit Literatur gem\u00fctlich macht, aber dabei nicht allein sein will, der kann einen Text selbst vorlesen &#8212; dem Partner oder der Partnerin, Freunden und Besuchern (sofern sie denn gewillt sind, zuzuh\u00f6ren und sich auf diese Art der Textdarbietung einzulassen). <br>Und wer seinen Kindern Gutes tun und ihre geistigen und kulturellen Kompetenzen f\u00f6rdern will, der lese ihnen unbedingt vor. Viele Eltern tun das am Abend, wenn die Kinder zu Bett gehen und zum Ritual vor dem Einschlafen eine Gute-Nacht-Geschichte geh\u00f6rt. (Mehr dazu auf der Unterseite <em>LITERATUR<\/em>).<br>Leider gibt es etliche Haushalte, in denen man kein Buch findet. Schade, denn neugierige Kinder k\u00f6nnen da nicht in einem Regal st\u00f6bern und so mit Literatur und Sachb\u00fcchern in Kontakt kommen. <br>Wer glaubt, das sei doch heutzutage \u00fcberfl\u00fcssig, weil man alles auf dem Handy oder Computer finden kann, der \u00fcberlege einen Moment und frage sich, was er denn in den letzten Wochen so heruntergeladen oder im Netz angeschaut hat. Wei\u00df er noch, was er Wichtiges gefunden und dazugelernt hat? Oder hat er sich nur von Algorithmen verf\u00fchren und treiben lassen, ist er in der Informationsflut versunken und hat dabei viel Zeit verbraucht, und am Ende mit brummendem Kopf gar keine Informationen mehr aufnehmen k\u00f6nnen?<br>Literatur, die ich mir in Ruhe zu Gem\u00fcte f\u00fchre, an der ich Gefallen finde, weil sie mich ber\u00fchrt, erstaunt, ja begeistert &#8212; das ist, wie sich inmitten der Flut auf einer Insel ausstrecken und sich selbst etwas Gutes tun. <br>Es gibt viele gute B\u00fccher, die sich gut dazu eignen. Wer jetzt gerade nicht den passenden Lesestoff findet oder griffbereit hat, wer mal f\u00fcr eine begrenzte oder kurze Zeit etwas zum Lesen oder Vorlesen sucht, der greift eher nicht zum dicken W\u00e4lzer im Regal und freut sich, wenn er z.B. hier auf dieser Website etwas geboten kriegt, wo er ausw\u00e4hlen kann, was ihm gerade passt und geeignet erscheint. Das kann er, wenn er will, auch herunterladen und ausdrucken, denn auf Papier lesen ist f\u00fcr Viele immer noch die angenehmere Art. Und man braucht dann keinen Strom und kann das Gedruckte \u00fcberall hin mitnehmen, ohne Wiedergabeger\u00e4t und Akku-Aufladen. <br>So, genug der Aufz\u00e4hlung von wohltuenden Wirkungen des Lesens. Ich k\u00f6nnte noch einige Punkte hinzuf\u00fcgen. Aber Sie wollen sicher jetzt gerade nicht noch mehr \u00fcber das Lesen lesen, sondern sich entspannt etwas Interessantes vornehmen, sei es zum stillen Lesen oder Vorlesen. Darum verweise ich nun auf die Unterseite <em>LITERATUR&#8230;. die Bibliothek der F.U.F<\/em>. Sie m\u00fcssen nicht sofort einer der Empfehlungen folgen, Sie k\u00f6nnen einfach in die PDF-Datei &#8222;Ein Paket&#8220; schauen und dort etwas ausw\u00e4hlen, und schon k\u00f6nnen Sie mit dem Lesen oder Vorlesen starten. Gute Unterhaltung! <\/p>\n\n\n\n<p>W. R.  <\/p>\n\n\n\n<p class=\"has-text-align-center\"><img decoding=\"async\" loading=\"lazy\" width=\"1093\" height=\"680\" class=\"wp-image-8294\" style=\"width: 140px;\" src=\"https:\/\/www.fu-frechen.de\/wp-content\/uploads\/2023\/04\/1b.jpg\" alt=\"\" srcset=\"https:\/\/www.fu-frechen.de\/wp-content\/uploads\/2023\/04\/1b.jpg 1093w, https:\/\/www.fu-frechen.de\/wp-content\/uploads\/2023\/04\/1b-300x187.jpg 300w, https:\/\/www.fu-frechen.de\/wp-content\/uploads\/2023\/04\/1b-1024x637.jpg 1024w, https:\/\/www.fu-frechen.de\/wp-content\/uploads\/2023\/04\/1b-768x478.jpg 768w, https:\/\/www.fu-frechen.de\/wp-content\/uploads\/2023\/04\/1b-624x388.jpg 624w\" sizes=\"(max-width: 1093px) 100vw, 1093px\" \/><br><br><br><\/p>\n","protected":false},"excerpt":{"rendered":"<p>K\u00f6ln-Notizen Nr. 1\/2025 WER kulturell interessiert ist und sich derzeit in K\u00f6ln langweilt, hat noch nicht vom K\u00f6lner Kultur-Sommer Kenntnis genommen. Da gibt es eine Vielfalt von Angeboten und Events, man kann sich berieseln und begeistern lassen, und man kann bei einigen Sachen aktiv mitmachen.Literaturaffine Menschen k\u00f6nnen sich zu Lesungen begeben, denn Vorlesen ist nicht [&hellip;]<\/p>\n","protected":false},"author":3,"featured_media":278,"comment_status":"closed","ping_status":"open","sticky":false,"template":"","format":"standard","meta":[],"categories":[1,11],"tags":[733,732,734],"_links":{"self":[{"href":"https:\/\/www.fu-frechen.de\/index.php?rest_route=\/wp\/v2\/posts\/9443"}],"collection":[{"href":"https:\/\/www.fu-frechen.de\/index.php?rest_route=\/wp\/v2\/posts"}],"about":[{"href":"https:\/\/www.fu-frechen.de\/index.php?rest_route=\/wp\/v2\/types\/post"}],"author":[{"embeddable":true,"href":"https:\/\/www.fu-frechen.de\/index.php?rest_route=\/wp\/v2\/users\/3"}],"replies":[{"embeddable":true,"href":"https:\/\/www.fu-frechen.de\/index.php?rest_route=%2Fwp%2Fv2%2Fcomments&post=9443"}],"version-history":[{"count":4,"href":"https:\/\/www.fu-frechen.de\/index.php?rest_route=\/wp\/v2\/posts\/9443\/revisions"}],"predecessor-version":[{"id":9451,"href":"https:\/\/www.fu-frechen.de\/index.php?rest_route=\/wp\/v2\/posts\/9443\/revisions\/9451"}],"wp:featuredmedia":[{"embeddable":true,"href":"https:\/\/www.fu-frechen.de\/index.php?rest_route=\/wp\/v2\/media\/278"}],"wp:attachment":[{"href":"https:\/\/www.fu-frechen.de\/index.php?rest_route=%2Fwp%2Fv2%2Fmedia&parent=9443"}],"wp:term":[{"taxonomy":"category","embeddable":true,"href":"https:\/\/www.fu-frechen.de\/index.php?rest_route=%2Fwp%2Fv2%2Fcategories&post=9443"},{"taxonomy":"post_tag","embeddable":true,"href":"https:\/\/www.fu-frechen.de\/index.php?rest_route=%2Fwp%2Fv2%2Ftags&post=9443"}],"curies":[{"name":"wp","href":"https:\/\/api.w.org\/{rel}","templated":true}]}}