{"id":9447,"date":"2025-08-08T14:13:08","date_gmt":"2025-08-08T12:13:08","guid":{"rendered":"https:\/\/www.fu-frechen.de\/?p=9447"},"modified":"2025-08-12T23:19:56","modified_gmt":"2025-08-12T21:19:56","slug":"schlimm-schlimmer","status":"publish","type":"post","link":"https:\/\/www.fu-frechen.de\/?p=9447","title":{"rendered":"Schlimm, schlimmer&#8230;"},"content":{"rendered":"\n<p class=\"has-drop-cap\">J<strong>ETZT<\/strong> schl\u00e4gt&#8217;s dreizehn! Was unser derzeitiger Innenminister Alexander Dobrindt (CSU) vom Stapel l\u00e4sst, ist &#8212; und das sollte gerade ein Innenminister wissen! &#8212; ungeheuerlich und wohl auch verfassungswidrig (GG Art. 3 Abs. 3).<\/p>\n\n\n\n<p>Dazu schrieb ich eine Mail an die CDU-Zentrale in Berlin:<\/p>\n\n\n\n<p><em>Betr.: Dobrindt<\/em><\/p>\n\n\n\n<p><em>Guten Tag, <\/em><\/p>\n\n\n\n<p><em>es ist Ihnen sicher nicht egal, was ein Herr Dobrindt, Mitglied Ihrer Schwesterpartei und derzeitiger Innenminister, vor sich hin plant. Egal darf es Ihnen nicht sein, wenn Sie als demokratisch und freiheitlich gelten wollen. Wenn Herr Dobrindt gegen queere Menschen vorgehen und sein Register umsetzen sollte, dann offenbarte das nicht nur N\u00e4he zu Orbans Politik (was schlimm genug ist), dann w\u00e4re das Register (eingedenk unserer Geschichte) der wom\u00f6glich vorbereitende Schritt zu einer eines Tages beschlossenen KZ-Inhaftierung, um solche Menschen f\u00fcr ihr So-Sein zu bestrafen und &#8222;umzuerziehen&#8220;. Wenn Sie das jetzt emp\u00f6rt zur\u00fcckweisen, dann begreifen Sie nicht die Tragweite, die allein die Ank\u00fcndigung dieser Dobrindt-Initiative hat. <\/em><\/p>\n\n\n\n<p><em>Mit freundlichen Gr\u00fc\u00dfen  Wolfgang Reinert, K\u00f6ln<\/em><\/p>\n\n\n\n<p><strong>E<\/strong>ins d\u00fcrfte klar sein (nicht nur den wachen und hellsichtigen ZeitgenossInnen): Es darf in einem demokratischen Staat auf dem Fundament der Menschenrechte keine Sonder-Listen \u00fcber Minderheiten geben. &#8222;Wehret den Anf\u00e4ngen!&#8220; muss auch hier gelten.<\/p>\n\n\n\n<p class=\"has-text-align-center\"><strong>&#8212;&#8212;&#8212;<\/strong><\/p>\n\n\n\n<p><strong>E<\/strong>inige der BesucherInnen dieser Website werden sich erinnern: Zu Zeiten von CSU-Chef Seehofer wurde Victor Orban zweimal (2015, 2016) offiziell als Gast zu einer CSU-Veranstaltung eingeladen. Da hatte die CSU-Spitze kein Ber\u00fchrungsproblem, ebenso bei einem Besuch bei Putin in Moskau (Anfang Febr. 2016). Damals stand Horst Seehofers Opposition gegen einen Teil von Kanzlerin Merkels Politik im Vordergrund, und die CSU scheute sich nicht, eine eigene Au\u00dfenpolitik zu inszenieren und die Kanzlerin zu d\u00fcpieren. Mir kam damals der Gedanke: W\u00e4re es nicht passend, wenn ein CSU-gef\u00fchrtes Bayern aus der BRD austreten und sich Orbans Ungarn anschlie\u00dfen w\u00fcrde?<\/p>\n\n\n\n<p>W. R.<\/p>\n\n\n\n<p><\/p>\n\n\n\n<p><\/p>\n","protected":false},"excerpt":{"rendered":"<p>JETZT schl\u00e4gt&#8217;s dreizehn! Was unser derzeitiger Innenminister Alexander Dobrindt (CSU) vom Stapel l\u00e4sst, ist &#8212; und das sollte gerade ein Innenminister wissen! &#8212; ungeheuerlich und wohl auch verfassungswidrig (GG Art. 3 Abs. 3). Dazu schrieb ich eine Mail an die CDU-Zentrale in Berlin: Betr.: Dobrindt Guten Tag, es ist Ihnen sicher nicht egal, was ein [&hellip;]<\/p>\n","protected":false},"author":3,"featured_media":0,"comment_status":"closed","ping_status":"open","sticky":false,"template":"","format":"standard","meta":[],"categories":[1],"tags":[279,735,653,275],"_links":{"self":[{"href":"https:\/\/www.fu-frechen.de\/index.php?rest_route=\/wp\/v2\/posts\/9447"}],"collection":[{"href":"https:\/\/www.fu-frechen.de\/index.php?rest_route=\/wp\/v2\/posts"}],"about":[{"href":"https:\/\/www.fu-frechen.de\/index.php?rest_route=\/wp\/v2\/types\/post"}],"author":[{"embeddable":true,"href":"https:\/\/www.fu-frechen.de\/index.php?rest_route=\/wp\/v2\/users\/3"}],"replies":[{"embeddable":true,"href":"https:\/\/www.fu-frechen.de\/index.php?rest_route=%2Fwp%2Fv2%2Fcomments&post=9447"}],"version-history":[{"count":8,"href":"https:\/\/www.fu-frechen.de\/index.php?rest_route=\/wp\/v2\/posts\/9447\/revisions"}],"predecessor-version":[{"id":9496,"href":"https:\/\/www.fu-frechen.de\/index.php?rest_route=\/wp\/v2\/posts\/9447\/revisions\/9496"}],"wp:attachment":[{"href":"https:\/\/www.fu-frechen.de\/index.php?rest_route=%2Fwp%2Fv2%2Fmedia&parent=9447"}],"wp:term":[{"taxonomy":"category","embeddable":true,"href":"https:\/\/www.fu-frechen.de\/index.php?rest_route=%2Fwp%2Fv2%2Fcategories&post=9447"},{"taxonomy":"post_tag","embeddable":true,"href":"https:\/\/www.fu-frechen.de\/index.php?rest_route=%2Fwp%2Fv2%2Ftags&post=9447"}],"curies":[{"name":"wp","href":"https:\/\/api.w.org\/{rel}","templated":true}]}}