{"id":9481,"date":"2025-08-12T23:46:45","date_gmt":"2025-08-12T21:46:45","guid":{"rendered":"https:\/\/www.fu-frechen.de\/?p=9481"},"modified":"2025-08-26T21:01:51","modified_gmt":"2025-08-26T19:01:51","slug":"kneipenkultur","status":"publish","type":"post","link":"https:\/\/www.fu-frechen.de\/?p=9481","title":{"rendered":"Kneipenkultur"},"content":{"rendered":"\n<p class=\"has-drop-cap\">P<strong>ROST<\/strong> allerseits!&#8220; erscholl der Ruf, und alle am Tresen erhoben ihr Glas und tranken. Die Runde war sich mal wieder einig, obwohl sie sich in einigen Dingen nicht einig war. Aber eins war klar: Man wollte sich trotz mancher Meinungsverschiedenheit nicht auseinanderdividieren lassen.<br>&#8222;Also, habt Ihr schon geh\u00f6rt? Der neue Kulturmi&#8211; wat isser nochmal? Wie? Kulturstaatsminister! Danke. Also, dieser Weimer hat ein klares Wort gesprochen und in seiner Beh\u00f6rde das Gendern verboten. Keine Sternchen, kein Binnen-I, usw. Nur noch klare Sprache nach Duden. Schluss mit dem Gender-Wahnsinn.&#8220; &#8211;<br>&#8222;Wie bist du denn drauf! Ich w\u00fcsste Sachen, die eher Wahnsinn sind, aber nicht so aufgebauscht werden wie gerade das Thema. Und wo du gerade davon sprichst: Der Weimer hat doch tats\u00e4chlich noch eine latente Drohung nachgeschoben: Allen Kulturschaffenden, die \u00f6ffentliche F\u00f6rderung erhalten, empfiehlt er, diesem Beispiel zu folgen.&#8220; <br>&#8222;Wat soll denn daran ne Drohung sein?&#8220; &#8211;<br>&#8222;Na, wenn du h\u00f6rst, wie Trump in den USA den Universit\u00e4ten die F\u00f6rderung wegnimmt, weil sie nicht nach seiner Pfeife tanzen wollen&#8230;&#8220;<br>&#8222;Soll wohl hei\u00dfen, jetzt weht hier ein anderer Wind, es wird die Zeit auf Retro gedreht, auf konservativ.&#8220; &#8211; <br>&#8222;Und wie! Der CSU-Landwirtschaftminister schafft die unabh\u00e4ngige Bundestierschutzbeauftragte wieder ab und will seine Staatssekret\u00e4rin das erledigen lassen. Ha, ha, ha, da wei\u00df man im Voraus, was da noch an Verbesserungen f\u00fcr das Tierwohl rauskommen kann.&#8220; &#8211; *<br>&#8222;Und h\u00f6r dir erst die neue Wirtschaftsministerin von der CDU an! Klimaschutz ist nicht so wichtig, meint Katherina Reiche, aber freie Bahn f\u00fcr Wirtschaftsinteressen! Die macht einen auf Altmayer, der war im Kabinett Merkel der gro\u00dfe Verhinderer beim Ausbau der Windkraft. Und nun soll wieder mehr auf Gas gesetzt werden. Ich fassse mir an den Kopf! Wir haben ein <em>R\u00fcckschritts<\/em>-Kabinett bekommen. Und dabei haben die erst angefangen! Was mag da noch alles kommen!&#8220;<br>&#8222;Ja, jetzt wo du&#8217;s sagst &#8212; jetzt wird ne Menge Geld rausgehauen, aber immer noch rumgem\u00e4kelt am B\u00fcrgergeld. F\u00fcr&#8217;s Soziale w\u00e4r nicht genug Geld da, versuchen sie uns einzureden.&#8220; &#8211; <br>&#8222;Komisch, das erinnert mich an Trump, der nimmt es bei den Armen und erl\u00e4sst den Reichen Steuern. Jetzt will er noch die zahlreichen Obdachlosen aus dem Stadtbild von Washington D.C. entfernen, dazu soll die Nationalgarde aufmarschieren. Er will die \u00c4rmsten noch daf\u00fcr bestrafen, dass sie arm sind. Da sieht man, was f\u00fcr ein Bild von der Gesellschaft dieser Mann im Kopf hat. Wer nicht reich und sch\u00f6n ist, soll ihm aus den Augen gehen.&#8220;<br>&#8222;Sonst hilft er nach und deportiert sie au\u00dfer Landes. Der Mann ist nicht ganz zurechnungsf\u00e4hig, um es milde auszudr\u00fccken.&#8220;<br>&#8222;Ich w\u00fcrde eher sagen, er hat zuwenig Durchblick, leidet aber an krankhafter Selbst\u00fcbersch\u00e4tzung und Geltungssucht. Er meint, als Gesch\u00e4ftsmann und Showmaker allen PolitikerInnen \u00fcberlegen zu sein, weil er Politik wie ein Gesch\u00e4ft und ein Medienevent betreibt. Ich sehe schon schwarz f\u00fcr sein geplantes Treffen mit Putin. Der steckt ihn doch in die Tasche.&#8220;<br>&#8222;Und ist der Einzige, der von dem Treffen profitiert.&#8220;<\/p>\n\n\n\n<p>Alle am Tresen schwiegen mit ernster Miene. Schlie\u00dflich sagte Einer: &#8222;Na, denn Prost!&#8220; Und alle hoben ihr Glas. Etwas Besseres fiel ihnen nicht ein. &#8222;Will Einer noch was Kluges dazu sagen?&#8220; &#8212; &#8222;Nee. Und f\u00fcr den Bl\u00f6dsinn sorgt schon Trump!&#8220; Alle nickten stumm.<\/p>\n\n\n\n<p>W. R. <\/p>\n\n\n\n<p>P.S. Mal ganz pers\u00f6nlich betrachtet: Wie verh\u00e4lt man sich einem Menschen gegen\u00fcber, der die Art des Umgangs mit Menschen als Machtfrage versteht? Ich stelle mir eine Begegnung mit so einem Trump eher unangenehm vor&#8230; Die m\u00f6chte man eher vermeiden, da ist Sympathie fern. Was Wunder, dass Trump von Opportunisten und Speichelleckern umgeben ist, die ihm nicht zu widersprechen wagen. Das bewundert er vielleicht am meisten an Putin: Der ist schon lange nur von devoten Dienern umgeben. &#8212;<\/p>\n\n\n\n<p> * Das verdient Unterst\u00fctzung: <a href=\"https:\/\/chng.it\/cs4VT4J2Rp\">https:\/\/chng.it\/cs4VT4J2Rp<\/a>  &#8212;<\/p>\n\n\n\n<p class=\"has-text-align-center\">&#8212;&#8212;-<\/p>\n\n\n\n<p class=\"has-drop-cap\"><br>  <br><br><\/p>\n","protected":false},"excerpt":{"rendered":"<p>PROST allerseits!&#8220; erscholl der Ruf, und alle am Tresen erhoben ihr Glas und tranken. Die Runde war sich mal wieder einig, obwohl sie sich in einigen Dingen nicht einig war. Aber eins war klar: Man wollte sich trotz mancher Meinungsverschiedenheit nicht auseinanderdividieren lassen.&#8222;Also, habt Ihr schon geh\u00f6rt? Der neue Kulturmi&#8211; wat isser nochmal? Wie? Kulturstaatsminister! [&hellip;]<\/p>\n","protected":false},"author":3,"featured_media":0,"comment_status":"closed","ping_status":"open","sticky":false,"template":"","format":"standard","meta":[],"categories":[1,534],"tags":[279,395,653,624,728,737],"_links":{"self":[{"href":"https:\/\/www.fu-frechen.de\/index.php?rest_route=\/wp\/v2\/posts\/9481"}],"collection":[{"href":"https:\/\/www.fu-frechen.de\/index.php?rest_route=\/wp\/v2\/posts"}],"about":[{"href":"https:\/\/www.fu-frechen.de\/index.php?rest_route=\/wp\/v2\/types\/post"}],"author":[{"embeddable":true,"href":"https:\/\/www.fu-frechen.de\/index.php?rest_route=\/wp\/v2\/users\/3"}],"replies":[{"embeddable":true,"href":"https:\/\/www.fu-frechen.de\/index.php?rest_route=%2Fwp%2Fv2%2Fcomments&post=9481"}],"version-history":[{"count":9,"href":"https:\/\/www.fu-frechen.de\/index.php?rest_route=\/wp\/v2\/posts\/9481\/revisions"}],"predecessor-version":[{"id":9531,"href":"https:\/\/www.fu-frechen.de\/index.php?rest_route=\/wp\/v2\/posts\/9481\/revisions\/9531"}],"wp:attachment":[{"href":"https:\/\/www.fu-frechen.de\/index.php?rest_route=%2Fwp%2Fv2%2Fmedia&parent=9481"}],"wp:term":[{"taxonomy":"category","embeddable":true,"href":"https:\/\/www.fu-frechen.de\/index.php?rest_route=%2Fwp%2Fv2%2Fcategories&post=9481"},{"taxonomy":"post_tag","embeddable":true,"href":"https:\/\/www.fu-frechen.de\/index.php?rest_route=%2Fwp%2Fv2%2Ftags&post=9481"}],"curies":[{"name":"wp","href":"https:\/\/api.w.org\/{rel}","templated":true}]}}