{"id":9491,"date":"2025-08-15T17:23:08","date_gmt":"2025-08-15T15:23:08","guid":{"rendered":"https:\/\/www.fu-frechen.de\/?p=9491"},"modified":"2025-09-03T22:55:13","modified_gmt":"2025-09-03T20:55:13","slug":"kulturkampf-viel-schlimmer","status":"publish","type":"post","link":"https:\/\/www.fu-frechen.de\/?p=9491","title":{"rendered":"Kulturkampf? Viel schlimmer!"},"content":{"rendered":"\n<p class=\"has-drop-cap\">T<strong>RUMP<\/strong> l\u00e4sst bzw. n\u00f6tigt oder zwingt in den USA renommierte Museen, ihre Pr\u00e4sentationen und ihr Veranstaltungsprogramm nach seinen Vorgaben zu \u00e4ndern. Er selbst versteht wohl gar nicht so viel von Kultur im engeren Sinne, seine Vorgaben stammen ja auch im Wesentlichen nicht von ihm, sondern aus der Ecke der religi\u00f6s-konservativen Nationalisten in der Heritage-Foundation und ihrem Dunstkreis Gleichgesinnter. <br>Worum geht es diesen Hardcore-Konservativen? Ihr geistiger Horizont ist nationalistisch, rassistisch (im Sinne von &#8222;white supremacy&#8220;), anti-aufkl\u00e4rerisch und antidemokratisch. Man k\u00f6nnte verniedlichend sagen: Was die Amish-People im Religi\u00f6sen, das sind diese Retro-Konservativen im gesamten politischen und gesellschaftlichen Bereich: F\u00fcr sie gelten nur Werte aus der guten alten Zeit m\u00e4chtiger K\u00f6nige. F\u00fcr sie sind  Gleichberechtigung der Geschlechter, der Hautfarben, sexueller Orientierungen, und das Recht auf Abtreibung  prinzipiell des Teufels. Der Gegensatz von Arm und Reich ist quasi gottgegeben, und die Reichen haben es halt verdient, immer reicher zu werden.<br>Im Grunde bedeuten diese Wertorientierungen, wenn sie denn zu realer Politik werden, einen <em>R\u00fcckschritt in die Zeit der Hexenverbrennungen<\/em>. So kann man das im Kern zusammenfassen.<br>Nun glauben wohl Viele in Deutschland noch, das Ganze sei doch nur ein \u00fcberhitztes US-Ph\u00e4nomen und h\u00e4tte f\u00fcr uns keine nennenswerte Bedeutung. Vorsicht, liebe Landsleute! Dieses, ich nenne es hier mal:  &#8222;Unternehmen Teufelsaustreibung&#8220; hat seine F\u00fchler l\u00e4ngst in andere L\u00e4nder ausgestreckt. \u00dcber religi\u00f6s-fundamentalistische Kan\u00e4le (an vorderster Linie: radikale Evangelikale), \u00fcber rechtsgerichtet-antidemokratische Medien und Akteure wird dieses Gift seit einiger Zeit verbreitet, dank Internet eben auch weit au\u00dferhalb der Grenzen der USA. <br>Und hierzulande wird das von gewissen Kreisen und vor allem einer nationalistischen, im Kern antidemokratischen Partei begierig aufgegriffen und verst\u00e4rkt. <br>Diese Partei sitzt auch im Bundestag, ihre stellvertretende Fraktionsvorsitzende B. von Storch ist eine der treibenden Kr\u00e4fte, die die Aktivit\u00e4ten der &#8222;Teufesaustreiber&#8220; im In- und Ausland vernetzt und befeuert. Also, kein US-Ph\u00e4nomen, die Zert\u00f6rer der Demokratie und des gesellschaftlichen Fortschritts sind schon hier und aktiv.<br>Ein junges Beispiel f\u00fcr das, was die Antidemokraten hier anzetteln, war die konzertierte Kampagne gegen eine Frau, die vom zust\u00e4ndigen Ausschuss des Bundestages im Konsens der Beteiligten aus verschiedenen Parteien mit zwei anderen Personen zur Wahl f\u00fcr das Bundesverfassungsgericht nominiert wurde und noch vom Bundestag gew\u00e4hlt werden sollte. Die Verteufelungskampagne schreckte vor falschen und verleumderischen Behauptungen nicht zur\u00fcck (sowas kennen wir schon l\u00e4nger von Trump&amp;Co), und etliche Abgeordnete der Unionsparteien lie\u00dfen sich davon beeindrucken, ohne eine sachliche Pr\u00fcfung dieser Behauptungen abzuwarten. Das ist zun\u00e4chst einmal eine Schande f\u00fcr die Union, deren Abgeordnete (wohlmeinend unterstellt) nicht begreifen, was da gespielt wird &#8212; mit der Folge, dass hier nun demokratische Institutionen und Abl\u00e4ufe infrage gestellt wurden.<br>Die Antidemokraten f\u00fcr Deutschland (AfD) sahen Grund zum Jubeln. Und sie sehen sich ermutigt, mit \u00e4hnlichen Kampagnen und Aktionen weiterzumachen. Danke f\u00fcr garnichts, CDU! Aber ideologisch noch n\u00e4her dran an den Retro-Konservativen (Teufelsaustreibern) scheint mir in Teilen die CSU zu sein, und nicht zu vergessen ihr Koalitionspartner in Bayern, die (sogenannten) Freien W\u00e4hler. <br>Apropos &#8222;Freiheit&#8220;: Darunter verstehen monarchistisch gestrickte Konservative eben nicht die B\u00fcrgerfreiheit, die in unserem Grundgesetz in den Grundrechten definiert ist. Sie sehen vielmehr Freiheit darin verwirklicht, dass ein starker Herrscher das Land regiert und nach au\u00dfen auftrumpfen kann, w\u00e4hrend der B\u00fcrger (wenn&#8217;s denn sein muss, ausnahmsweise auch mal eine B\u00fcrgerin) nach Reichtum streben darf und mit immer mehr Reichtum auch immer mehr Freiheit gewinnt. Wer das nicht schafft, hat sich eben nicht genug bem\u00fcht, oder Pech gehabt. Selbst schuld.  <br>Die gegenw\u00e4rtig zu beobachtende Politik von Donald Trump versucht mit Druck und Gewalt, genau diese Ziele zu verwirklichen und die USA, aber auch weite Teile der Welt in das Zeitalter der Hexenverbrennungen zur\u00fcckzusto\u00dfen. Und Vorsicht vor vermeintlichem technischen Fortschritt: Trump &amp; Co. werden auch KI (im Englischen AI) f\u00fcr ihre Absichten einsetzen. <br>Es ist absurd, was Homo Sapiens sich manchmal vorgaukeln l\u00e4sst: F\u00fcr ein paar wohlklingende Worte und altbacken-vertraute Parolen l\u00e4sst er sich Freiheit abschwatzen, l\u00e4sst er sich gegen andere Menschen aufhetzen, richtet er seine Abneigung und Aggression gegen die Falschen. <br>Warum haben die Teufelsaustreiber in den USA so einen Hass auf Universit\u00e4ten? Weil da nach Fakten und nicht nach Parolen geforscht und gelehrt wird, weil <em>Wissenschaft <\/em>das Wissen der Menschheit erweitert und nicht zur Verdummung beitr\u00e4gt, weil an den Universit\u00e4ten Menschen t\u00e4tig sind, die das <em>Denken <\/em>gelernt haben &#8212; und auch nicht an der Kasse abgeben wollen (in der Regel).<br>In den Zeiten der m\u00e4chtigen K\u00f6nige und F\u00fcrsten wurde auf Bildung wenig Wert gelegt, es bestand nur Bedarf nach ein paar Juristen und sonstigen Fachleuten f\u00fcr bestimmte Bereiche der staatlichen Verwaltung. Bildung f\u00fcr Alle? Blo\u00df nicht! So dachten die M\u00e4chtigen. Motto: &#8222;Ein Ochse vor und einer hinter dem Pflug.&#8220; Das funktionierte zumindest in vorindustrieller Zeit ganz gut. In den USA trauern viele Konzernherren und Milliard\u00e4re diesen Verh\u00e4ltnissen nach, sie behindern Gewerkschaften und Betriebsr\u00e4te, sie spenden z.B. an die Heritage Foundation, um die Zeit m\u00f6glichst zur\u00fcckzudrehen. Das soll nun die Trump-Regierung umsetzen, in der es nicht auf Wissen und K\u00f6nnen, sondern nur auf Gefolgschaft ankommt, auf Linientreue.<br>Was Manchen derzeit nur als Kulturkampf erscheint, ist in Wahrheit viel schlimmer: Es ist Teil eines gro\u00dfangelegten Feldzuges gegen Freiheit, Wahrheit, Menschlichkeit. <br>Und lassen Sie sich nicht t\u00e4uschen: Hierzulande wollen sich einige Leute und Gruppierungen diesem Feldzug anschlie\u00dfen. Manche machen das aus Dummheit, Andere aus opportunistischem Kalk\u00fcl. Davor muss die Menschheit bewahrt werden, sonst gehen wir unter mit F\u00fchrern, die die Probleme des 21. Jahrhunderts wie K\u00f6nige des 18. Jahrhunderts &#8222;l\u00f6sen&#8220; wollen.  <\/p>\n\n\n\n<p>Was Trump, der Putin-Bewunderer, und andere Machthaber auf dem Globus anstreben oder schon erreicht haben, ist die reine <strong>Willk\u00fcrherrschaft<\/strong>: Alles in Reichweite soll auf den Machthaber und seine W\u00fcnsche und Ansichten ausgerichtet sein. Was das bedeutet, wird selbst einem wenig informierten Menschen sofort klar, wenn er\/sie nur auf Trumps Zoll-Zirkus und seine Auswirkungen auf die Weltwirtschaft schaut.<\/p>\n\n\n\n<p>Alles in Reichweite? Zu den Zielvorstellungen dieser Machthaber geh\u00f6rt auch die Ausdehnung ihres Machtbereiches. Das eigene Land ist nicht mehr genug, sobald sie es im Griff haben. Das Territorium soll vergr\u00f6\u00dfert werden, man will ja schlie\u00dflich auch in den Geschichtsb\u00fcchern gro\u00df dastehen, man will etwas Gro\u00dfes geleistet haben. Die Frage, wem das n\u00fctzt und wer daf\u00fcr bezahlt, die stellt sich nicht, weil allein die Ausdehnung der Staatsgrenzen schon einen Wert an sich darstellt (glauben sie). <\/p>\n\n\n\n<p>So dachte auch ein <em>Adolf Hitler<\/em>, bis er den gr\u00f6\u00dften Teil der Welt gegen sich hatte und sein &#8222;Drittes Reich&#8220; unterging. Bezahlen mussten daf\u00fcr die vielen Soldaten und zivilen Opfer, er hinterlie\u00df ein Land in Tr\u00fcmmern. Das Sch\u00e4rfste daran: Hitler gab die Schuld an der Niederlage dem deutschen Volk, es hatte sich in seiner Vorstellungswelt als zu schwach erwiesen und verdiente nicht zu \u00fcberleben. Deshalb gab er sogar kurz vor seinem Selbstmord noch den ber\u00fcchtigten &#8222;Nero-Befehl&#8220;: Bevor die Sieger den verbliebenen Machtbereich besetzten, sollten dort die Lebensgrundlagen des deutschen Volkes vernichtet werden (also Dinge, die z.B. ein W. Putin derzeit in der Ukraine t\u00e4glich bombardieren l\u00e4sst). Daran sieht man: Beiden Diktatoren ist nichts heilig, sie gehen in ihrem Krieg bis zum \u00c4u\u00dfersten. In ihrer Gedankenwelt kann man Erfolg nur mit noch mehr Gewalt und Brutalit\u00e4t erzwingen. <\/p>\n\n\n\n<p>Was ist da noch viel hinzuzuf\u00fcgen? Die Geschichte des &#8222;Dritten Reiches&#8220; ist selbsterkl\u00e4rend. Jedoch versuchen ein paar v\u00f6lkisch denkende Traumt\u00e4nzer, das alles umzudeuten und zurechtbiegen, die Verbrechen des Nazi-Regimes kleinzureden oder zu leugnen und Anderen irgendwie eine Mitschuld zuzuschieben. <\/p>\n\n\n\n<p>Darum lasst Euch nicht behumsen: Schon das wieder verst\u00e4rkt propagierte M\u00e4nnlichkeitsbild vom starken, aggressiven und gewaltbereiten, Frauen verachtenden Macho ist ein Schritt hin zum n\u00e4chsten Gewaltregime. Was glaubt Ihr denn, warum es in manchen Regionen der Erde h\u00e4ufig zu gewaltsamen Auseinandersetzungen und Kriegen kommt? Da wird &#8222;m\u00e4nnliche Ehre&#8220; hochgejazzt, und sobald die auch nur vermeintlich ein wenig verletzt wurde, wird nach Vergeltung und Rache gerufen&#8230; So kann das nichts werden mit dauerhaftem Frieden, nicht in der Gesellschaft, und nicht zwischen den Clans, Volksgruppen, Nationen. Das testosterongetriebene Imponiergehabe verhindert klares Denken, verhindert eine Bereitschaft zum Dialog und Meinungsaustausch, verhindert Verst\u00e4ndigung und friedlichen Interessenausgleich.<\/p>\n\n\n\n<p>Die Vertreter dieses verqueren M\u00e4nnlichkeitskultes wollen uns weismachen, dass die Welt so und nicht anders funktioniert und schon immer funktioniert habe. Ein W. Putin l\u00e4sst darum z.B. auch die Geschichtsb\u00fccher f\u00fcr die Schulen umschreiben, damit die Kinder nur eine &#8222;glorreiche&#8220; Geschichte Russlands mit starken Herrschern kennenlernen, die f\u00fcr ein m\u00e4chtiges und sich ausdehnendes Reich sorgten (f\u00fcr Ruhm und Ehre, weniger f\u00fcr ein gutes Leben der Menschen innerhalb der Grenzen Russlands!).<\/p>\n\n\n\n<p>Das ist \u00fcberhaupt eine wichtige Frage: Was leisten Herrscher, was leisten Regierungen zum Wohl ihrer Staatsb\u00fcrgerInnen? Werden nur einzelne Interessen bedient, f\u00fcr die alle Anderen zahlen m\u00fcssen? Greift eine egoistische Machtelite in die Kasse, in die Alle ihre Steuern eingezahlt haben? Wird Macht zur pers\u00f6nlichen Bereicherung missbraucht? Wird Kritik an den Herrschenden auf Minderheiten und\/oder ausl\u00e4ndische &#8222;Feinde&#8220; abgelenkt? Das sind Fragen. Und lasst Euch nicht von pomp\u00f6sen Milit\u00e4rparaden und wehenden Fahnen blenden, das alles muss auch bezahlt werden! Fragt nach den Gr\u00fcnden, warum Euer Geld so ausgegeben wird. <\/p>\n\n\n\n<p>Aber ja, auch Landesverteidigung ist in dieser real existierenden Welt n\u00f6tig. Wer zugeh\u00f6rt hat, wenn \u00fcber die russischen Besatzer in der Ostukraine berichtet wurde, der muss sich fragen: M\u00f6chte ich achselzuckend hinnehmen, dass mir, meiner Familie, meinen Freundinnen und Freunden solche Leiden drohen, wie sie offensichtlich von russischem Milit\u00e4r den Menschen in besetzten Gebieten angetan werden? M\u00f6chte ich nicht doch helfen zu verhindern, dass weitere Menschen unter solchen \u00dcbergriffen und Grausamkeiten leiden? <\/p>\n\n\n\n<p>W. R. <\/p>\n\n\n\n<p class=\"has-drop-cap\"><\/p>\n\n\n\n<p><\/p>\n\n\n\n<p class=\"has-text-align-center\"><br><br><\/p>\n","protected":false},"excerpt":{"rendered":"<p>TRUMP l\u00e4sst bzw. n\u00f6tigt oder zwingt in den USA renommierte Museen, ihre Pr\u00e4sentationen und ihr Veranstaltungsprogramm nach seinen Vorgaben zu \u00e4ndern. Er selbst versteht wohl gar nicht so viel von Kultur im engeren Sinne, seine Vorgaben stammen ja auch im Wesentlichen nicht von ihm, sondern aus der Ecke der religi\u00f6s-konservativen Nationalisten in der Heritage-Foundation und [&hellip;]<\/p>\n","protected":false},"author":3,"featured_media":0,"comment_status":"closed","ping_status":"open","sticky":false,"template":"","format":"standard","meta":[],"categories":[1,534,601,526,483,636],"tags":[342,738,703,279,395,740,456,624,351,633,739,728],"_links":{"self":[{"href":"https:\/\/www.fu-frechen.de\/index.php?rest_route=\/wp\/v2\/posts\/9491"}],"collection":[{"href":"https:\/\/www.fu-frechen.de\/index.php?rest_route=\/wp\/v2\/posts"}],"about":[{"href":"https:\/\/www.fu-frechen.de\/index.php?rest_route=\/wp\/v2\/types\/post"}],"author":[{"embeddable":true,"href":"https:\/\/www.fu-frechen.de\/index.php?rest_route=\/wp\/v2\/users\/3"}],"replies":[{"embeddable":true,"href":"https:\/\/www.fu-frechen.de\/index.php?rest_route=%2Fwp%2Fv2%2Fcomments&post=9491"}],"version-history":[{"count":14,"href":"https:\/\/www.fu-frechen.de\/index.php?rest_route=\/wp\/v2\/posts\/9491\/revisions"}],"predecessor-version":[{"id":9539,"href":"https:\/\/www.fu-frechen.de\/index.php?rest_route=\/wp\/v2\/posts\/9491\/revisions\/9539"}],"wp:attachment":[{"href":"https:\/\/www.fu-frechen.de\/index.php?rest_route=%2Fwp%2Fv2%2Fmedia&parent=9491"}],"wp:term":[{"taxonomy":"category","embeddable":true,"href":"https:\/\/www.fu-frechen.de\/index.php?rest_route=%2Fwp%2Fv2%2Fcategories&post=9491"},{"taxonomy":"post_tag","embeddable":true,"href":"https:\/\/www.fu-frechen.de\/index.php?rest_route=%2Fwp%2Fv2%2Ftags&post=9491"}],"curies":[{"name":"wp","href":"https:\/\/api.w.org\/{rel}","templated":true}]}}