{"id":9535,"date":"2025-09-12T13:36:44","date_gmt":"2025-09-12T11:36:44","guid":{"rendered":"https:\/\/www.fu-frechen.de\/?p=9535"},"modified":"2025-09-22T12:49:23","modified_gmt":"2025-09-22T10:49:23","slug":"wenn","status":"publish","type":"post","link":"https:\/\/www.fu-frechen.de\/?p=9535","title":{"rendered":"Wenn&#8230;"},"content":{"rendered":"\n<p class=\"has-drop-cap\">W<strong>ENN<\/strong> die Union jetzt nicht aufpasst, wenn CDU und CSU nicht konsequent auf Distanz zur AfD handeln, dann droht die Union zum Steigb\u00fcgelhalter f\u00fcr eine rechtsgerichtete Macht\u00fcbernahme zu werden. Ich unterstelle: Auch in der Union will das kaum jemand, selbst wenn es gewisse ideologische Ber\u00fchrungspunkte oder zumindest die eine oder andere inhaltliche N\u00e4he gibt.<br>Aber die AfD hat schon mehrfach gezeigt, dass sie sich auch gern mal b\u00fcrgerlich-gem\u00e4\u00dfigt gibt, um b\u00fcrgerliche W\u00e4hlerInnen nicht abzuschrecken. Die Radikalen in der AfD lassen das gern zu, denn sie wollen sich noch weiter an Unions-W\u00e4hler und konservative SPD-W\u00e4hlerInnen heranwanzen. Sie haben sich vorgenommen, eine Beteiligung an der Macht in einer Koalition mit der CDU zu erreichen, um im n\u00e4chsten Schritt die Macht zu \u00fcbernehmen und die Union zum Juniorpartner zu machen, solange sie sie noch brauchen &#8212; bis zur vollst\u00e4ndigen Machtergreifung.<br>Denn wer sich nicht t\u00e4uschen l\u00e4sst, der sieht immer noch das erkl\u00e4rte Ziel der Rechtsau\u00dfen: Demokratie aush\u00f6hlen und abschaffen, ein autorit\u00e4res Regime errichten. Aus der Europ\u00e4ischen Union aussteigen, Deutschland politisch verzwergen, wirtschaftlich ruinieren, zum Vasallen Russlands machen. Und wir B\u00fcrgerInnen d\u00fcrfen nach der Pfeife einer gewaltbereiten Regierung tanzen, die auf Putin h\u00f6rt und sich Rat bei rechtskonservativen Milliard\u00e4ren holt. <\/p>\n\n\n\n<figure class=\"is-layout-flex wp-block-gallery-1 wp-block-gallery has-nested-images columns-default is-cropped\">\n<figure class=\"wp-block-image size-large\"><a href=\"https:\/\/www.fu-frechen.de\/wp-content\/uploads\/2025\/09\/20240923_185256-scaled.jpg\"><img decoding=\"async\" loading=\"lazy\" width=\"993\" height=\"1024\" data-id=\"9553\"  src=\"https:\/\/www.fu-frechen.de\/wp-content\/uploads\/2025\/09\/20240923_185256-993x1024.jpg\" alt=\"\" class=\"wp-image-9553\" srcset=\"https:\/\/www.fu-frechen.de\/wp-content\/uploads\/2025\/09\/20240923_185256-993x1024.jpg 993w, https:\/\/www.fu-frechen.de\/wp-content\/uploads\/2025\/09\/20240923_185256-291x300.jpg 291w, https:\/\/www.fu-frechen.de\/wp-content\/uploads\/2025\/09\/20240923_185256-768x792.jpg 768w, https:\/\/www.fu-frechen.de\/wp-content\/uploads\/2025\/09\/20240923_185256-1490x1536.jpg 1490w, https:\/\/www.fu-frechen.de\/wp-content\/uploads\/2025\/09\/20240923_185256-1987x2048.jpg 1987w, https:\/\/www.fu-frechen.de\/wp-content\/uploads\/2025\/09\/20240923_185256-624x643.jpg 624w\" sizes=\"(max-width: 993px) 100vw, 993px\" \/><\/a><\/figure>\n<\/figure>\n\n\n\n<p class=\"has-drop-cap has-text-align-left\"><br>Ich \u00fcbertreibe? Nee, liebe Leute, ich denke voraus. Ich denke an die m\u00f6glichen n\u00e4chsten Entwicklungen, und ich bef\u00fcrchte einen zu schwachen Widerstand dagegen. Widerstand muss von den Demokraten in Deutschland kommen, von B\u00fcrgerInnen, die die Vorz\u00fcge der Demokratie und unseres Grundgesetzes zu sch\u00e4tzen wissen, die ihre pers\u00f6nliche Freiheit und ihre B\u00fcrgerrechte verteidigen wollen, die nicht einem Regime untertan sein wollen, das B\u00fcrger- und Menschenrechte gering sch\u00e4tzt und im Zweifel mit Gewalt seine Absichten durchsetzt. <br>Wer sich das nicht vorstellen kann, der kann in den Nachrichten sehen, wie es unter einer PIS-Regierung in Polen zuging, wie es in Ungarn unter Orban zugeht, wie es in der T\u00fcrkei zugeht, wo ein Pr\u00e4sident Erdogan den Willen seines Volkes missachtet, um an der Macht zu bleiben, &#8230; Das sind Beispiele aus Europa, aber ich k\u00f6nnte weitere aus anderen Kontinenten aufz\u00e4hlen. Ihr wisst auch ein paar, wenn &#8212; ja wenn Ihr die Nachrichten unabh\u00e4ngiger Sender verfolgt, die um guten Journalismus bem\u00fcht sind und Euch das Denken nicht ganz abnehmen, die Euch Informationen geben und nicht blo\u00df Meinungen aufdr\u00fccken. <\/p>\n\n\n\n<p>Aktuell w\u00fcnsche ich mir <em>keine <\/em>Regierung, die quasi schon aus Angst vor der AfD eine AfD-nahe Politik macht. <\/p>\n\n\n\n<p>Also, was tun? Bei Wahlen, auch bei Kommunalwahlen, konsequent die Demokraten und Menschenfreunde unterst\u00fctzen, sich nicht dummschw\u00e4tzen lassen mit nationalistischen Parolen. Wer sich anschaut, was z.B. die US-B\u00fcrgerInnen unter Pr\u00e4sident Trump erleiden (sofern sie keine Milliard\u00e4re sind), der begreift, welchen Schaden eine nationalistische Politik anrichtet, die nicht einmal ihre eigenen Versprechen einhalten kann. Das sind keine Patrioten, das sind gro\u00dfm\u00e4ulige Aufschneider, die ihr Land ruinieren. Also: Nicht jammern, wenn es zu sp\u00e4t ist, sondern vorher Hirn einschalten, dagegen halten und f\u00fcr Freiheit, Wahrheit, Menschlichkeit und friedliche Zusammenarbeit eintreten! Wann? Jetzt! <\/p>\n\n\n\n<p>W. R.  <\/p>\n\n\n\n<p class=\"has-text-align-center\"><img decoding=\"async\" loading=\"lazy\" width=\"134\" height=\"100\" class=\"wp-image-8213\" style=\"width: 110px;\" src=\"https:\/\/www.fu-frechen.de\/wp-content\/uploads\/2023\/03\/1v-Vign.-wr-e1679515764871.jpg\" alt=\"\"><br> <br><br><\/p>\n","protected":false},"excerpt":{"rendered":"<p>WENN die Union jetzt nicht aufpasst, wenn CDU und CSU nicht konsequent auf Distanz zur AfD handeln, dann droht die Union zum Steigb\u00fcgelhalter f\u00fcr eine rechtsgerichtete Macht\u00fcbernahme zu werden. Ich unterstelle: Auch in der Union will das kaum jemand, selbst wenn es gewisse ideologische Ber\u00fchrungspunkte oder zumindest die eine oder andere inhaltliche N\u00e4he gibt.Aber die [&hellip;]<\/p>\n","protected":false},"author":3,"featured_media":0,"comment_status":"closed","ping_status":"open","sticky":false,"template":"","format":"standard","meta":[],"categories":[1],"tags":[342,703,279,282,395,390,356,624],"_links":{"self":[{"href":"https:\/\/www.fu-frechen.de\/index.php?rest_route=\/wp\/v2\/posts\/9535"}],"collection":[{"href":"https:\/\/www.fu-frechen.de\/index.php?rest_route=\/wp\/v2\/posts"}],"about":[{"href":"https:\/\/www.fu-frechen.de\/index.php?rest_route=\/wp\/v2\/types\/post"}],"author":[{"embeddable":true,"href":"https:\/\/www.fu-frechen.de\/index.php?rest_route=\/wp\/v2\/users\/3"}],"replies":[{"embeddable":true,"href":"https:\/\/www.fu-frechen.de\/index.php?rest_route=%2Fwp%2Fv2%2Fcomments&post=9535"}],"version-history":[{"count":5,"href":"https:\/\/www.fu-frechen.de\/index.php?rest_route=\/wp\/v2\/posts\/9535\/revisions"}],"predecessor-version":[{"id":9557,"href":"https:\/\/www.fu-frechen.de\/index.php?rest_route=\/wp\/v2\/posts\/9535\/revisions\/9557"}],"wp:attachment":[{"href":"https:\/\/www.fu-frechen.de\/index.php?rest_route=%2Fwp%2Fv2%2Fmedia&parent=9535"}],"wp:term":[{"taxonomy":"category","embeddable":true,"href":"https:\/\/www.fu-frechen.de\/index.php?rest_route=%2Fwp%2Fv2%2Fcategories&post=9535"},{"taxonomy":"post_tag","embeddable":true,"href":"https:\/\/www.fu-frechen.de\/index.php?rest_route=%2Fwp%2Fv2%2Ftags&post=9535"}],"curies":[{"name":"wp","href":"https:\/\/api.w.org\/{rel}","templated":true}]}}