{"id":9572,"date":"2025-10-01T00:42:18","date_gmt":"2025-09-30T22:42:18","guid":{"rendered":"https:\/\/www.fu-frechen.de\/?p=9572"},"modified":"2025-11-09T21:17:59","modified_gmt":"2025-11-09T20:17:59","slug":"mit-weitblick","status":"publish","type":"post","link":"https:\/\/www.fu-frechen.de\/?p=9572","title":{"rendered":"Mit Weitblick?"},"content":{"rendered":"\n<p class=\"has-drop-cap\">A<strong>LS<\/strong> Trump die Heiligsprechung des erschossenen MAGA-Influencers Kirk inszenierte, wurde klar: Er will die USA zu einer MAGA-Sekte formen, wo es nur noch um Glauben und Folgen geht. In der Tat benehmen sich die meisten Trump-Follower auch wie Sektenangeh\u00f6rige. <br>Und als Trump wenige Tage sp\u00e4ter, am 23.09.25, vor der UNO-Vollversammlung sprach und sich r\u00fchmte, seit Beginn seiner zweiten Amtszeit sieben Kriege beendet zu haben (sicher, darunter tut es der M\u00e4rchenonkel nicht), wurde klar, dass er sich nicht nur f\u00fcr den Friedensnobelpreis empfiehlt, sondern, mehr noch, als der Gr\u00f6\u00dfte nach Jesus gelten will. Au\u00dferdem gab er den \u00fcblichen Unsinn von sich, z.B. dass der Klimawandel eine gro\u00dfe L\u00fcge sei. Dass er in seinen Reden gern unbewiesene Behauptungen benutzt, um seine Anh\u00e4nger aufzuhetzen, ist ja schon ein alter Hut. Da macht er keinen Unterschied zwischen einer Wahlkampfveranstaltung in der Provinz und einer UNO-Vollversammlung.<br>Das Pikanteste in seiner UNO-Rede war f\u00fcr mich seine Darstellung, dass Deutschland nun den &#8222;kranken Weg&#8220; der Klimapolitik verlassen habe. <br>Danke f\u00fcr die deutliche Klarstellung, Mister President! Ich argw\u00f6hnte ja schon seit L\u00e4ngerem, dass unser Kanzler Merz von den Ansichten Trumps gar nicht so weit entfernt sei, z.B. in der Innen- und Klimapolitik. Als Best\u00e4tigung redete er neulich im Bundestag heftiger gegen die Gr\u00fcnen als gegen die AfD. Da muss man sich schon Sorgen machen&#8230; Und ich werde den Verdacht nicht los, dass Friedrich Merz schon lange ein offenes Ohr f\u00fcr rechtslastige Konservative hat, die zumindest eine themenbezogene Zusammenarbeit mit der AfD bef\u00fcrworten. Wenn man auf neuere Umfrage-Zahlen schaut, dann sieht man einen Zuwachs an Sympathie aber haupts\u00e4chlich bei der AfD. Wo bleibt der vor einiger Zeit verk\u00fcndete Anspruch von Merz, den Zuspruch f\u00fcr die AfD zu &#8222;halbieren&#8220;? Da l\u00e4uft doch was schief, oder? Einige Unions-Politiker erkl\u00e4rten, man wolle die AfD &#8222;politisch stellen&#8220;. Und wie? Etwa mit Angleichung an die fremdenfeindlich-v\u00f6lkische Ausrichtung der AfD? Da sehe ich bei der Union kein Handeln, das sich logisch aus ihren erkl\u00e4rten Anspr\u00fcchen herleiten lie\u00dfe. Wenn ich mal voraussetze, dass in den Spitzengremien der Unionsparteien nicht nur Dummk\u00f6pfe sitzen, dann werden die Fragezeichen noch gr\u00f6\u00dfer. Das Verhalten einiger Unions-Abgeordneter im Bundestag beim vergeigten Anlauf zur Wahl von drei Richtern f\u00fcr das Bundesverfassungsgericht warf auch die Frage auf: Wie fest stehen Teile der Union zur freiheitlich-demokratischen Grundordnung, zur Demokratie? <\/p>\n\n\n\n<p>Man muss ja zugestehen, dass Politik in diesen Zeiten, bei dieser Weltlage, ein schwieriges Gesch\u00e4ft ist. Aber man sollte nicht auf Ratgeber h\u00f6ren, die sich was bei Trump und seinen Dummheiten abschauen, blo\u00df weil der in den USA wieder an die Macht gekommen ist. Wenn Unionspolitiker verlauten lassen, unter der Vorg\u00e4nger-Regierung (Ampel) habe es &#8222;zuviel Umweltschutz&#8220; gegeben, dann stehen nicht nur mir die Haare zu Berge. Wenn die CDU eine Lobbyistin aus der Gasbranche zur Wirtschaftsministerin macht, die dann auch von &#8222;zuviel Klimaschutz&#8220; sabbelt und das Pendel zu mehr Verbrennung von fossilen Energietr\u00e4gern zur\u00fcckschwingen l\u00e4sst&#8230; Leute, lasst Euch nicht den Blick tr\u00fcben! China macht gerade vor, wie man strategisch und mit Weitblick auch Erneuerbare Energien massiv ausbaut und einem Trump eigene Klimaziele entgegensetzt. Aber in China muss die Regierung ja auch nicht auf die n\u00e4chsten Umfragen und Wahlen schielen und die Konkurrenz einer AfD f\u00fcrchten, sondern kann langfristig planen. <\/p>\n\n\n\n<p>W. R. <\/p>\n\n\n\n<p><em>Nachtrag am 9.11.25<\/em>: Gerade l\u00e4uft in Brasilien die gro\u00dfe Klimakonferenz COP30. Die USA sind praktisch abwesend, der Pate Trump hat ja schon klargemacht, dass der Klimawandel ein gro\u00dfer Schwindel sei. Aber was tr\u00e4gt Deutschland bei? Ein Markus S\u00f6der (CSU) trommelt gegen Klimaschutz, der angeblich unsere Wirtschaft kaputt macht (das ist so falsch, dass man nicht mal dr\u00fcber lachen kann). Unser Kanzler Friedrich Merz versucht den Spagat zwischen Schutz des Amazonas-Gebietes und Abbau von Klimaschutz in Deutschland. Dazwischen trommeln noch einige Lobbyisten der Fossilverbrenner f\u00fcr mehr Verbrennung von \u00d6l, Gas und Kohle &#8212; als ob es kein Morgen g\u00e4be. Mehr dar\u00fcber sagt uns dieser Beitrag: &gt;<a href=\"https:\/\/www.spiegel.de\/wissenschaft\/mensch\/energiewende-diese-fakten-werden-ihr-weltbild-veraendern-a-37b25092-46d0-403e-8f49-d0afea2d9758\">Energiewende: Diese Fakten werden Ihr Weltbild ver\u00e4ndern &#8211; DER SPIEGEL<\/a>  <\/p>\n\n\n\n<p>Da bleibt mir noch, mit den Worten eines Kabarettisten (&#8222;Der Spind&#8220;) zu schlie\u00dfen: &#8222;Genie\u00dfen Sie den Klimawandel!&#8220; <\/p>\n\n\n\n<p class=\"has-text-align-center\">&#8212;&#8212;&#8212;-<\/p>\n","protected":false},"excerpt":{"rendered":"<p>ALS Trump die Heiligsprechung des erschossenen MAGA-Influencers Kirk inszenierte, wurde klar: Er will die USA zu einer MAGA-Sekte formen, wo es nur noch um Glauben und Folgen geht. In der Tat benehmen sich die meisten Trump-Follower auch wie Sektenangeh\u00f6rige. Und als Trump wenige Tage sp\u00e4ter, am 23.09.25, vor der UNO-Vollversammlung sprach und sich r\u00fchmte, seit [&hellip;]<\/p>\n","protected":false},"author":3,"featured_media":0,"comment_status":"closed","ping_status":"open","sticky":false,"template":"","format":"standard","meta":[],"categories":[1,534,637],"tags":[342,593,395,507],"_links":{"self":[{"href":"https:\/\/www.fu-frechen.de\/index.php?rest_route=\/wp\/v2\/posts\/9572"}],"collection":[{"href":"https:\/\/www.fu-frechen.de\/index.php?rest_route=\/wp\/v2\/posts"}],"about":[{"href":"https:\/\/www.fu-frechen.de\/index.php?rest_route=\/wp\/v2\/types\/post"}],"author":[{"embeddable":true,"href":"https:\/\/www.fu-frechen.de\/index.php?rest_route=\/wp\/v2\/users\/3"}],"replies":[{"embeddable":true,"href":"https:\/\/www.fu-frechen.de\/index.php?rest_route=%2Fwp%2Fv2%2Fcomments&post=9572"}],"version-history":[{"count":12,"href":"https:\/\/www.fu-frechen.de\/index.php?rest_route=\/wp\/v2\/posts\/9572\/revisions"}],"predecessor-version":[{"id":9645,"href":"https:\/\/www.fu-frechen.de\/index.php?rest_route=\/wp\/v2\/posts\/9572\/revisions\/9645"}],"wp:attachment":[{"href":"https:\/\/www.fu-frechen.de\/index.php?rest_route=%2Fwp%2Fv2%2Fmedia&parent=9572"}],"wp:term":[{"taxonomy":"category","embeddable":true,"href":"https:\/\/www.fu-frechen.de\/index.php?rest_route=%2Fwp%2Fv2%2Fcategories&post=9572"},{"taxonomy":"post_tag","embeddable":true,"href":"https:\/\/www.fu-frechen.de\/index.php?rest_route=%2Fwp%2Fv2%2Ftags&post=9572"}],"curies":[{"name":"wp","href":"https:\/\/api.w.org\/{rel}","templated":true}]}}