{"id":9590,"date":"2025-09-24T14:17:48","date_gmt":"2025-09-24T12:17:48","guid":{"rendered":"https:\/\/www.fu-frechen.de\/?p=9590"},"modified":"2025-11-10T18:24:37","modified_gmt":"2025-11-10T17:24:37","slug":"koeln-notizen-sept-2025","status":"publish","type":"post","link":"https:\/\/www.fu-frechen.de\/?p=9590","title":{"rendered":"K\u00f6ln-Notizen Sept. 2025"},"content":{"rendered":"\n<p class=\"has-drop-cap\">A<strong>LSO<\/strong> sprach der gr\u00f6\u00dfte Prophet ever: &#8222;Der Klimawandel ist der gr\u00f6\u00dfte Betrug aller Zeiten.&#8220; Da dies aber kontr\u00e4r zum heutigen Stand der Wissenschaft steht, misstraue ich den Behauptungen des gro\u00dfen L\u00fcgenbarons Trump auch in diesem Punkt und halte mich an vielfach belegte und von Allen beobachtbare Vorg\u00e4nge und Fakten. Ich verweise nur auf Beispiele wie Ahr-Hochwasser und andere, auf vermehrte Waldbr\u00e4nde, auf sich aufheizende St\u00e4dte und, nicht zuletzt, auf Probleme mit der Weinernte durch Klimaver\u00e4nderungen. <\/p>\n\n\n\n<p>Auch in K\u00f6ln macht man sich Sorgen wegen l\u00e4nger andauernder Hitzeperioden im Sommer, man will mehr Gr\u00fcn in die Stadt und ihre Umgebung bringen, versiegelte Fl\u00e4chen entsiegeln (Stichwort: Schwammstadt), u.a.m.<\/p>\n\n\n\n<p>In K\u00f6ln haben die Gr\u00fcnen in den letzten Wahlen gut abgeschnitten, weil sie als einzige Partei den Klimawandel ernst genug nehmen, weil sie entschieden daf\u00fcr eintreten, viel daf\u00fcr zu tun, dass die weitere Erderw\u00e4rmung mit ihren katastrophalen Folgen gebremst wird. Das bedeutet f\u00fcr K\u00f6ln auch, keine Fl\u00e4chen mehr zu versiegeln und zuzubauen, vor allem nicht die f\u00fcr das Stadtklima notwendigen L\u00fcftungsschneisen zu blockieren. Es geht darum, die schon jetzt nicht mehr aufzuhaltenden Folgen des Klimawandels f\u00fcr die Gesundheit der Stadtbewohner m\u00f6glichst ertr\u00e4glich zu machen. Und, liebe Mitb\u00fcrgerInnen, man muss auch vorausdenken: Wo soll das noch hinf\u00fchren?<\/p>\n\n\n\n<p>Vor diesem Hintergrund gibt es Kontroversen um ein Erweiterungsprojekt des Fu\u00dfballvereins und Bundesligisten 1.FC K\u00f6ln, der sein Gel\u00e4nde im K\u00f6lner Gr\u00fcng\u00fcrtel erweitern will, indem er daf\u00fcr u.a. ein langgestrecktes Wiesengel\u00e4nde vereinnahmen will, die &#8222;Gleueler Wiese.&#8220; <\/p>\n\n\n\n<p class=\"has-text-align-center\"><img decoding=\"async\" loading=\"lazy\" width=\"2560\" height=\"1913\" class=\"wp-image-9575\" style=\"width: 430px;\" src=\"https:\/\/www.fu-frechen.de\/wp-content\/uploads\/2025\/09\/20250909_101023-scaled.jpg\" alt=\"\" srcset=\"https:\/\/www.fu-frechen.de\/wp-content\/uploads\/2025\/09\/20250909_101023-scaled.jpg 2560w, https:\/\/www.fu-frechen.de\/wp-content\/uploads\/2025\/09\/20250909_101023-300x224.jpg 300w, https:\/\/www.fu-frechen.de\/wp-content\/uploads\/2025\/09\/20250909_101023-1024x765.jpg 1024w, https:\/\/www.fu-frechen.de\/wp-content\/uploads\/2025\/09\/20250909_101023-768x574.jpg 768w, https:\/\/www.fu-frechen.de\/wp-content\/uploads\/2025\/09\/20250909_101023-1536x1148.jpg 1536w, https:\/\/www.fu-frechen.de\/wp-content\/uploads\/2025\/09\/20250909_101023-2048x1531.jpg 2048w, https:\/\/www.fu-frechen.de\/wp-content\/uploads\/2025\/09\/20250909_101023-624x466.jpg 624w\" sizes=\"(max-width: 2560px) 100vw, 2560px\" \/><\/p>\n\n\n\n<p>Im aktuell laufenden Kommunalwahlkampf hat der FC lautstark seinen Anspruch erneuert, dass f\u00fcr ihn nur diese Erweiterung in Frage komme. Er hofft auf mehr R\u00fcckhalt in der Stadtpolitik, doch scheint diese Hoffnung tr\u00fcgerisch. Zwar spricht sich vor der Stichwahl zum OB der SPD-Kandidat f\u00fcr den FC aus, aber die Kandidatin der Gr\u00fcnen bleibt zu diesem Projekt auf Distanz.<\/p>\n\n\n\n<p><a href=\"https:\/\/de.wikipedia.org\/wiki\/Gleueler_Wiese\">Gleueler Wiese \u2013 Wikipedia<\/a> Derzeit ist noch ein Gerichtsverfahren anh\u00e4ngig, das eine B\u00fcrgerinitiative zur Erhaltung der Gleueler Wiese angesto\u00dfen hatte.<\/p>\n\n\n\n<p>\u00dcbigens, auch im Hinblick auf Natur ist dieses Wiesenterrain keineswegs belanglos &gt;<a href=\"https:\/\/wildeskoeln.de\/gleueler-wiese\/\">Gleuer Wiese &#8211; Insekten, Pflanzen, Biodiversit\u00e4t<\/a><\/p>\n\n\n\n<p class=\"has-text-align-center\"> <img decoding=\"async\" loading=\"lazy\" width=\"134\" height=\"100\" class=\"wp-image-8213\" style=\"width: 100px;\" src=\"https:\/\/www.fu-frechen.de\/wp-content\/uploads\/2023\/03\/1v-Vign.-wr-e1679515764871.jpg\" alt=\"\"><\/p>\n\n\n\n<p>Nachtrag am 25.09.25: &gt;<a href=\"https:\/\/www.spiegel.de\/wissenschaft\/klimakrise-experten-warnen-vor-mehr-extremwetter-durch-globale-erwaermung-a-32f141ea-29af-4483-a5f5-09aeb81e58bd\">Klimakrise: Experten warnen vor mehr Extremwetter durch globale Erw\u00e4rmung &#8211; DER SPIEGEL<\/a>  &#8212; Da haben wir&#8217;s! &#8212; <\/p>\n\n\n\n<p>Nachtrag am 29.09.25: In K\u00f6ln holte der SPD-Kandidat bei der Stichwahl zum OB die meisten Stimmen. Das hei\u00dft aber nicht, dass er im Stadtrat, wo die Gr\u00fcnen die st\u00e4rkste Fraktion bilden, die Bebauung der Gleueler Wiese leichter durchsetzen k\u00f6nnte. &#8212; <\/p>\n\n\n\n<p>W. R. <\/p>\n\n\n\n<p class=\"has-text-align-center\"><img decoding=\"async\" loading=\"lazy\" width=\"1742\" height=\"2560\" class=\"wp-image-9648\" style=\"width: 230px;\" src=\"https:\/\/www.fu-frechen.de\/wp-content\/uploads\/2025\/09\/20251103_195056-scaled.jpg\" alt=\"\" srcset=\"https:\/\/www.fu-frechen.de\/wp-content\/uploads\/2025\/09\/20251103_195056-scaled.jpg 1742w, https:\/\/www.fu-frechen.de\/wp-content\/uploads\/2025\/09\/20251103_195056-204x300.jpg 204w, https:\/\/www.fu-frechen.de\/wp-content\/uploads\/2025\/09\/20251103_195056-697x1024.jpg 697w, https:\/\/www.fu-frechen.de\/wp-content\/uploads\/2025\/09\/20251103_195056-768x1128.jpg 768w, https:\/\/www.fu-frechen.de\/wp-content\/uploads\/2025\/09\/20251103_195056-1045x1536.jpg 1045w, https:\/\/www.fu-frechen.de\/wp-content\/uploads\/2025\/09\/20251103_195056-1394x2048.jpg 1394w, https:\/\/www.fu-frechen.de\/wp-content\/uploads\/2025\/09\/20251103_195056-624x917.jpg 624w\" sizes=\"(max-width: 1742px) 100vw, 1742px\" \/><\/p>\n","protected":false},"excerpt":{"rendered":"<p>ALSO sprach der gr\u00f6\u00dfte Prophet ever: &#8222;Der Klimawandel ist der gr\u00f6\u00dfte Betrug aller Zeiten.&#8220; Da dies aber kontr\u00e4r zum heutigen Stand der Wissenschaft steht, misstraue ich den Behauptungen des gro\u00dfen L\u00fcgenbarons Trump auch in diesem Punkt und halte mich an vielfach belegte und von Allen beobachtbare Vorg\u00e4nge und Fakten. Ich verweise nur auf Beispiele wie [&hellip;]<\/p>\n","protected":false},"author":3,"featured_media":9573,"comment_status":"closed","ping_status":"open","sticky":false,"template":"","format":"standard","meta":[],"categories":[1,637,11,544],"tags":[746,750,655,507],"_links":{"self":[{"href":"https:\/\/www.fu-frechen.de\/index.php?rest_route=\/wp\/v2\/posts\/9590"}],"collection":[{"href":"https:\/\/www.fu-frechen.de\/index.php?rest_route=\/wp\/v2\/posts"}],"about":[{"href":"https:\/\/www.fu-frechen.de\/index.php?rest_route=\/wp\/v2\/types\/post"}],"author":[{"embeddable":true,"href":"https:\/\/www.fu-frechen.de\/index.php?rest_route=\/wp\/v2\/users\/3"}],"replies":[{"embeddable":true,"href":"https:\/\/www.fu-frechen.de\/index.php?rest_route=%2Fwp%2Fv2%2Fcomments&post=9590"}],"version-history":[{"count":8,"href":"https:\/\/www.fu-frechen.de\/index.php?rest_route=\/wp\/v2\/posts\/9590\/revisions"}],"predecessor-version":[{"id":9649,"href":"https:\/\/www.fu-frechen.de\/index.php?rest_route=\/wp\/v2\/posts\/9590\/revisions\/9649"}],"wp:featuredmedia":[{"embeddable":true,"href":"https:\/\/www.fu-frechen.de\/index.php?rest_route=\/wp\/v2\/media\/9573"}],"wp:attachment":[{"href":"https:\/\/www.fu-frechen.de\/index.php?rest_route=%2Fwp%2Fv2%2Fmedia&parent=9590"}],"wp:term":[{"taxonomy":"category","embeddable":true,"href":"https:\/\/www.fu-frechen.de\/index.php?rest_route=%2Fwp%2Fv2%2Fcategories&post=9590"},{"taxonomy":"post_tag","embeddable":true,"href":"https:\/\/www.fu-frechen.de\/index.php?rest_route=%2Fwp%2Fv2%2Ftags&post=9590"}],"curies":[{"name":"wp","href":"https:\/\/api.w.org\/{rel}","templated":true}]}}