{"id":9594,"date":"2025-11-16T21:33:51","date_gmt":"2025-11-16T20:33:51","guid":{"rendered":"https:\/\/www.fu-frechen.de\/?p=9594"},"modified":"2026-02-12T20:47:44","modified_gmt":"2026-02-12T19:47:44","slug":"frieden-schaffen-ohne-waffen","status":"publish","type":"post","link":"https:\/\/www.fu-frechen.de\/?p=9594","title":{"rendered":"Frieden schaffen ohne Waffen?"},"content":{"rendered":"\n<p class=\"has-drop-cap\">N<strong>eulich<\/strong> im TV: Leute auf der Stra\u00dfe werden zum Thema<em> Wehrpflicht <\/em>befragt. Ein junger Mann sagt: &#8222;Nee, f\u00fcr Merz werde ich nicht in den Krieg ziehen.&#8220; <br>Da frage ich mich: Warum sagt er nicht gleich, dass er sich dr\u00fccken will? Oder dass er sich nicht ein St\u00fcck Lebenszeit f\u00fcr den Wehrdienst klauen lassen will?<br>Wenn es aber Ernst wird mit einer milit\u00e4rischen Bedrohung, was dann? Von wem will er sich dann verteidigen lassen? Und wenn der Kanzler gar nicht mehr Merz hei\u00dft? <br>Pazifisten sagen, sie wollten gar nicht verteidigt werden, nicht mit Waffen. Im Ernstfall hie\u00dfe das: Kommt herein, feindlich gesinnte Soldaten, besetzt unser Land, tretet unsere Haust\u00fcr ein, macht mit uns, was Ihr wollt, wir werden uns nicht mit Gewalt wehren. Ja, sowas wie Butscha 2022 in der Ukraine, das war schlimm&#8230; aber das ist ja weit weg von uns, das wollen wir uns f\u00fcr hier gar nicht vorstellen, wir haben es auch fast schon verdr\u00e4ngt.<\/p>\n\n\n\n<p> Ja, schlie\u00dft die Augen und tr\u00e4umt weiter von der friedlichen Insel, auf der Ihr lebt! Ich pers\u00f6nlich habe in den 1960er Jahren widerwillig, weil ich gerade mein Studium angefangen hatte und sie mich dann eilig einberufen haben,18 Monate Wehrdienst abgeleistet. Nun ja, es war eben auch eine Erfahrung, 18 Monate f\u00fcr wenig Geld, aber ich kenne immerhin Dinge, die Nicht-Gedienten fremd geblieben sind. Und im Kriegsfall w\u00fcrde ich altersbedingt nicht einberufen, doch g\u00e4be man mir eine Handfeuerwaffe, ich w\u00fcrde wohl die VerteidigerInnen zu unterst\u00fctzen versuchen. Das w\u00e4re in meinen Augen dann Notwehr gegen eine akute Bedrohung.   <\/p>\n\n\n\n<p>Jetzt, wo Putin vermehrt die Nato und ihre Reaktionen auf allerlei Luftraumverletzungen u.a.m. testet, k\u00f6nnte es einigen Menschen hierzulande d\u00e4mmern, dass sie doch nicht auf jener Friedensinsel leben, die gaaanz sicher auf seeehr lange Zeit von Krieg verschont bleiben wird.<\/p>\n\n\n\n<p class=\"has-dark-gray-color has-text-color\">Wenn ich mir vor Augen halte, dass unsere Bundeswehr derzeit nur bedingt verteidigungsf\u00e4hig ist, ist mir nicht ganz wohl. Mir wird noch etwas mulmiger, wenn ich h\u00f6re, dass wir nur <strong>bedingt verteidigungs<em>willig<\/em><\/strong> sind. Einige Leute frage ich daher: Seid Ihr nicht bei Verstand, oder hat Putins verdeckte Propaganda auf Tiktok und anderswo Euch eingelullt und fest im Griff? <\/p>\n\n\n\n<p>Putin zeigt t\u00e4glich in der Ukraine, wie schrecklich Krieg ist, und wie kalt ihn all die Opfer lassen, auch die seiner eigenen Armee. Jede\/r hat inzwischen verstanden: Der will keinen Frieden und gibt keine Ruhe, erst recht nicht dann, wenn er mit Waffengewalt, Folter und Mord Erfolg hat. So einem Gangster und Kriegsverbrecher muss man zumindest Grenzen setzen. Aber das wisst Ihr doch selbst, oder?<\/p>\n\n\n\n<p>Wie? Daf\u00fcr sind Andere zust\u00e4ndig? Wer denn, welche Anderen? Sollen Soldaten anderer L\u00e4nder f\u00fcr Euch den Kopf hinhalten? Das tun sie, wenn \u00fcberhaupt, bestimmt nicht ohne Gegenleistung. Und was seid Ihr bereit zu geben und zu leisten, um die zu entlohnen, die f\u00fcr Euch ihre Gesundheit und ihr Leben einsetzen? <\/p>\n\n\n\n<p>Das wird sowieso nicht passieren, Russland ist weit genug weg &#8212; so glauben manche Traumt\u00e4nzer. Ich will nicht Angst verbreiten, aber rein milit\u00e4risch gesehen ist eine Hyperschallrakete aus der Region Kaliningrad (fr\u00fcher K\u00f6nigsberg) in wenigen Minuten \u00fcber Deutschland. Ohne dass hier gleich Soldaten einmarschieren, kann jemand wie Putin das befehlen, was er seit Jahren in der Ukraine anrichten l\u00e4sst: Zerst\u00f6rung von Infrastruktur, Bombardierung von Wohngebieten, Menschenjagd mit Drohnen, etc. Soviel bekommt Ihr ja sicher aus Nachrichten mit.<\/p>\n\n\n\n<p>W\u00fcrdet Ihr denn nicht wenigstens in unsere Bundeswehr eintreten, um die Luftabwehr zu st\u00e4rken, z.B. als IT-Spezialisten, die Drohnen durch Signalst\u00f6rungen abwehren, und \u00e4hnliche Aktionen? Habt Ihr \u00fcberhaupt mitgekriegt, wie derzeit moderne Kriegf\u00fchrung abl\u00e4uft? <\/p>\n\n\n\n<p>Also, \u00fcberdenkt mal in Ruhe Eure Ohne-mich-Haltung, informiert Euch \u00fcber das, was heute und morgen zu tun w\u00e4re, wenn der Verteidigungsfall eintr\u00e4te. Aber vielleicht w\u00e4re es dann schon zu sp\u00e4t, um sich f\u00fcr die Verteidigung unseres Landes und seiner Menschen zu entscheiden &#8212; und f\u00fcr die Bewahrung unserer freiheitlichen Staats- und Gesellschaftsordnung. Oder konkret: f\u00fcr den Schutz f\u00fcr dich und deine Familie &#8211; nicht nur Schutz vor feindlich gesinnten Soldaten, sondern auch Schutz vor Zerst\u00f6rung der Infrastruktur, die du heute wie selbstverst\u00e4ndlich nutzt. Wenn es dir dazu an Fantasie mangelt, dann schau mal die Berichte aus dem Krieg in der Ukraine an&#8230;<\/p>\n\n\n\n<p>W. R. <\/p>\n","protected":false},"excerpt":{"rendered":"<p>Neulich im TV: Leute auf der Stra\u00dfe werden zum Thema Wehrpflicht befragt. Ein junger Mann sagt: &#8222;Nee, f\u00fcr Merz werde ich nicht in den Krieg ziehen.&#8220; Da frage ich mich: Warum sagt er nicht gleich, dass er sich dr\u00fccken will? Oder dass er sich nicht ein St\u00fcck Lebenszeit f\u00fcr den Wehrdienst klauen lassen will?Wenn es [&hellip;]<\/p>\n","protected":false},"author":3,"featured_media":0,"comment_status":"closed","ping_status":"open","sticky":false,"template":"","format":"standard","meta":[],"categories":[1,636,544],"tags":[752,624,633,751,753],"_links":{"self":[{"href":"https:\/\/www.fu-frechen.de\/index.php?rest_route=\/wp\/v2\/posts\/9594"}],"collection":[{"href":"https:\/\/www.fu-frechen.de\/index.php?rest_route=\/wp\/v2\/posts"}],"about":[{"href":"https:\/\/www.fu-frechen.de\/index.php?rest_route=\/wp\/v2\/types\/post"}],"author":[{"embeddable":true,"href":"https:\/\/www.fu-frechen.de\/index.php?rest_route=\/wp\/v2\/users\/3"}],"replies":[{"embeddable":true,"href":"https:\/\/www.fu-frechen.de\/index.php?rest_route=%2Fwp%2Fv2%2Fcomments&post=9594"}],"version-history":[{"count":8,"href":"https:\/\/www.fu-frechen.de\/index.php?rest_route=\/wp\/v2\/posts\/9594\/revisions"}],"predecessor-version":[{"id":9782,"href":"https:\/\/www.fu-frechen.de\/index.php?rest_route=\/wp\/v2\/posts\/9594\/revisions\/9782"}],"wp:attachment":[{"href":"https:\/\/www.fu-frechen.de\/index.php?rest_route=%2Fwp%2Fv2%2Fmedia&parent=9594"}],"wp:term":[{"taxonomy":"category","embeddable":true,"href":"https:\/\/www.fu-frechen.de\/index.php?rest_route=%2Fwp%2Fv2%2Fcategories&post=9594"},{"taxonomy":"post_tag","embeddable":true,"href":"https:\/\/www.fu-frechen.de\/index.php?rest_route=%2Fwp%2Fv2%2Ftags&post=9594"}],"curies":[{"name":"wp","href":"https:\/\/api.w.org\/{rel}","templated":true}]}}