{"id":9711,"date":"2026-01-03T23:02:05","date_gmt":"2026-01-03T22:02:05","guid":{"rendered":"https:\/\/www.fu-frechen.de\/?p=9711"},"modified":"2026-01-25T18:10:47","modified_gmt":"2026-01-25T17:10:47","slug":"spezialoperationen","status":"publish","type":"post","link":"https:\/\/www.fu-frechen.de\/?p=9711","title":{"rendered":"Spezialoperationen"},"content":{"rendered":"\n<p class=\"has-drop-cap\">D<strong>ER<\/strong> Spiritus Rector der Freien Universit\u00e4t Frechen gr\u00fc\u00dft alle BesucherInnen im neuen Jahr und w\u00fcnscht <em><strong><mark style=\"background-color:rgba(0, 0, 0, 0)\" class=\"has-inline-color has-blue-color\">ein gutes 2026!<\/mark><\/strong><\/em><\/p>\n\n\n\n<p><\/p>\n\n\n\n<p class=\"has-drop-cap has-text-align-center\"><em><img decoding=\"async\" loading=\"lazy\" width=\"1461\" height=\"2445\" class=\"wp-image-9720\" style=\"width: 200px;\" src=\"https:\/\/www.fu-frechen.de\/wp-content\/uploads\/2026\/01\/2026-01.jpg\" alt=\"\" srcset=\"https:\/\/www.fu-frechen.de\/wp-content\/uploads\/2026\/01\/2026-01.jpg 1461w, https:\/\/www.fu-frechen.de\/wp-content\/uploads\/2026\/01\/2026-01-179x300.jpg 179w, https:\/\/www.fu-frechen.de\/wp-content\/uploads\/2026\/01\/2026-01-612x1024.jpg 612w, https:\/\/www.fu-frechen.de\/wp-content\/uploads\/2026\/01\/2026-01-768x1285.jpg 768w, https:\/\/www.fu-frechen.de\/wp-content\/uploads\/2026\/01\/2026-01-918x1536.jpg 918w, https:\/\/www.fu-frechen.de\/wp-content\/uploads\/2026\/01\/2026-01-1224x2048.jpg 1224w, https:\/\/www.fu-frechen.de\/wp-content\/uploads\/2026\/01\/2026-01-624x1044.jpg 624w\" sizes=\"(max-width: 1461px) 100vw, 1461px\" \/><\/em><\/p>\n\n\n\n<p class=\"has-drop-cap has-text-align-left\"><br><strong>W<\/strong>er wei\u00df, was alles passieren mag. Schon mehrfach habe ich darauf hingewiesen, dass W. Putins &#8222;standing&#8220; im Krieg gegen die Ukraine hierzulande oft \u00fcbersch\u00e4tzt wird. Man sollte dazu <em>das gr\u00f6\u00dfere Bild<\/em> nicht aus den Augen verlieren.<br>Zum gr\u00f6\u00dferen Bild geh\u00f6rt aktuell die j\u00fcngste &#8222;milit\u00e4rische Spezialoperation&#8220; von Donald Trump. Wer vom Schlag gegen Venezuela und der Entf\u00fchrung von Maduro und seiner Frau \u00fcberrascht ist, verkennt Trumps Bewunderung f\u00fcr Putin: Trump m\u00f6chte so wie Putin machen, was er will, ohne irgendwelche Hemmungen oder R\u00fccksichten.<br>Aber mit dieser &#8222;Spezialoperation&#8220;, die Trump gern als Strafverfolgungs-Aktion und nicht als milit\u00e4rische Intervention gesehen haben m\u00f6chte (offiziell: das US-Kriegsministerium leistete dem Justizministerium Hilfe, das Anklage gegen Maduro erhob), bringt Trump seinen Buddy Putin in die Bredouille.<br>Putin verliert ein weiteres Mal einen B\u00fcndnispartner, dem er nicht beistehen kann. Und warum? Weil seine Kr\u00e4fte durch den Krieg gegen die Ukraine gebunden sind. Das zeigte sich schon bei der Eroberung der Region Berg-Karabach durch Truppen Aserbaidschans (Sept. 2023), als Russland seinem Verb\u00fcndeten Armenien nicht beistand. Das zeigte sich beim Fall des Assad-Regimes in Syrien (8.12.2024), dem Putin fr\u00fcher bei der Bombardierung von Wohnvierteln und Krankenh\u00e4usern in Rebellengebieten unter die Arme gegriffen hatte. <\/p>\n\n\n\n<figure class=\"is-layout-flex wp-block-gallery-1 wp-block-gallery has-nested-images columns-default is-cropped\">\n<figure class=\"wp-block-image size-large\"><a href=\"https:\/\/www.fu-frechen.de\/wp-content\/uploads\/2026\/01\/20260103_192523-1-scaled.jpg\"><img decoding=\"async\" loading=\"lazy\" width=\"711\" height=\"1024\" data-id=\"9723\"  src=\"https:\/\/www.fu-frechen.de\/wp-content\/uploads\/2026\/01\/20260103_192523-1-711x1024.jpg\" alt=\"\" class=\"wp-image-9723\" srcset=\"https:\/\/www.fu-frechen.de\/wp-content\/uploads\/2026\/01\/20260103_192523-1-711x1024.jpg 711w, https:\/\/www.fu-frechen.de\/wp-content\/uploads\/2026\/01\/20260103_192523-1-208x300.jpg 208w, https:\/\/www.fu-frechen.de\/wp-content\/uploads\/2026\/01\/20260103_192523-1-768x1107.jpg 768w, https:\/\/www.fu-frechen.de\/wp-content\/uploads\/2026\/01\/20260103_192523-1-1066x1536.jpg 1066w, https:\/\/www.fu-frechen.de\/wp-content\/uploads\/2026\/01\/20260103_192523-1-1421x2048.jpg 1421w, https:\/\/www.fu-frechen.de\/wp-content\/uploads\/2026\/01\/20260103_192523-1-624x899.jpg 624w, https:\/\/www.fu-frechen.de\/wp-content\/uploads\/2026\/01\/20260103_192523-1-scaled.jpg 1777w\" sizes=\"(max-width: 711px) 100vw, 711px\" \/><\/a><\/figure>\n<\/figure>\n\n\n\n<p class=\"has-drop-cap has-text-align-left\">Und jetzt Maduro in Venezuela! Putin hat, auch wenn er das Gegenteil behauptet, alle H\u00e4nde voll zu tun, um nicht nur im Ukraine-Krieg nicht ins Hintertreffen zu geraten, sondern auch seine Herrschaft in Russland stabil zu halten.<br>Bisher hat Trump ihm immer wieder geholfen, als starker Mann dazustehen. Nun k\u00f6nnten aber einige Leute, mehr als zuvor, fragen, ob der Kaiser wirklich so tolle Kleider tr\u00e4gt, und ob seine Erfolgsstory in der Ukraine nicht in Wahrheit schon viel zu lange viel zu hohe Verluste einf\u00e4hrt &#8212; an der Front wie auch in der Wirtschaft. <br>Putin kann es sich nicht leisten, jetzt Trump zu ver\u00e4rgern, das w\u00fcrde seine Karten im Spiel mit Trump verschlechtern, das er bisher so gut beherrscht hat. Denn in Wahrheit h\u00e4ngt Putin inzwischen ein gro\u00dfes St\u00fcck weit vom Wohlwollen Trumps ab. Er k\u00f6nnte seine Karten \u00fcberreizen, wenn er wie bisher auf Maximalforderungen beharrt, auf de-facto-Kapitulation der Ukraine. F\u00fcr ihn k\u00f6nnte es sehr schnell darum gehen, das Gesicht nicht zu verlieren, vor allem innenpolitisch.<br>Trump versucht \u00fcbrigens auch, die Unzufriedenheit mit steigenden Lebenshaltungskosten in den USA durch Flucht in au\u00dfenpolitische Aktionen zu d\u00e4mpfen. Dabei tr\u00e4gt er selbst zur Misere bei, sowohl durch seine Zollwut als auch durch die Verfolgung illegaler Einwanderer, die nun als Arbeitskr\u00e4fte der Landwirtschaft fehlen.<br>Manchmal fragt sich der Beobachter, ob Trump \u00fcberhaupt in der Lage ist, wirtschaftliche Folgen seiner Dekrete im Voraus zu \u00fcberdenken. Vermutlich fehlen ihm dazu die richtigen Berater. Denn wer ihm widerspricht, auf den h\u00f6rt er nicht, der wird gefeuert. <br>Aber das wissen Sie, die informierteren BesucherInnen dieses Blogs, ohnehin schon. Also, genug davon. Ich will nicht wiederholen, was schon vor Wochen und Monaten hier zu lesen war. <\/p>\n\n\n\n<p class=\"has-drop-cap has-text-align-left\">Was viele BeobachterInnen vom neuen Jahr erhoffen: <strong>Europa<\/strong> m\u00f6ge sich endlich &#8212; endlich!! &#8212; zusammenraufen und, statt qu\u00e4lende Uneinigkeit zu demonstrieren, zu gemeinsamer Handlungsf\u00e4higkeit finden und damit seine St\u00e4rke realisieren. Du meine G\u00fcte, wenn 27 Staaten gemeinsam einstimmig abstimmen m\u00fcssen, ein paar wenige Politiker aber ihr nationalistisches S\u00fcppchen kochen und die Einigkeit torpedieren, dann werft sie raus, stellt sie kalt, sperrt ihnen die EU-Subventionen, da wird doch was gehen, nicht nur bei Orban aus Ungarn. Das w\u00e4re doch auch im eigenen, wohlverstandenen Interesse ihrer L\u00e4nder! Denn in der heutigen Weltlage gilt umso mehr: &#8222;Allein &#8212; machen sie dich ein!&#8220; (mehr &gt; <em>&#8230;und Europa?<\/em> vom 30.04.2025)<\/p>\n\n\n\n<p class=\"has-text-align-left\">S.R. <\/p>\n\n\n\n<p class=\"has-text-align-center\"><strong>&#8212;&#8212;&#8211;<\/strong><\/p>\n\n\n\n<p><em>Nachtrag am 05.01.2026:<\/em> Gro\u00dfes Ablenkungsgepolter kam vom Oberschmutzwerfer der russischen Propaganda, Medwedew: Er \u00fcberlegte laut, man k\u00f6nne doch eine Entf\u00fchrung von Kanzler Merz ins Auge fassen. Tja, wenn das schon ein akzeptiertes Mittel der Politik werden sollte, dann schau mal lieber auf deinen Chef Putin: Sicher, dass er es im Zweifel in den <em>Safe Room<\/em> schaffen w\u00fcrde? <\/p>\n\n\n\n<p><em>Erg\u00e4nzung am 07.01.2026:<\/em> Putin hat&#8217;s offenbar n\u00f6tig. Um Zweifel am Sinn seines Ukraine-Krieges m\u00f6glichst zu \u00fcbert\u00fcnchen, zieht er die religi\u00f6se Karte und nennt seine Soldaten &#8222;heilige Krieger&#8220;. Unterst\u00fctzung bekommt er dabei schon seit Jahren vom Metropoliten Moskaus, der auch aus kirchenpolitischem Eigeninteresse Putins Krieg gegen die Ukraine unterst\u00fctzt &#8212; ein klassisches B\u00fcndnis von Kirche und staatlicher Macht als Win-Win-Situation, wie wir es seit Jahrhunderten kennen. <\/p>\n\n\n\n<p><em>Nachtrag am 08.01.2026: <\/em> Trump w\u00e4re nicht Trump, wenn er seine Maduro-Show nicht nur auskosten, sondern &#8212; ehe Kritik zu laut wird &#8212; gleich noch einen draufsetzen w\u00fcrde. Weitere Staaten und Gebiete kommen ins Fadenkreuz seiner imperialistischen \u00dcberlegungen, er k\u00fcndigt eine enorme Erh\u00f6hung des US-R\u00fcstungsetats an (der eh schon Weltspitze ist), finanziert durch Strafz\u00f6lle, alles zu dem Zweck, der Welt den Stinkefinger zu zeigen: Uns bzw. mich kann keiner aufhalten, wagt es gar nicht erst!<\/p>\n\n\n\n<p>Und um auch im Inneren Klarheit zu schaffen, verurteilt er den t\u00f6dlichen Kopfschuss eines ICE-Mannes auf eine Autofahrerin nicht etwa, sondern entschuldigt das als Notwehr gegen eine &#8222;Terroristin&#8220;! Alles klar? Vergesst den Rechtsstaat ebenso wie internationales Recht, hier bestimme ich! Das ist Trumps Botschaft. <\/p>\n\n\n\n<p>Notabene am Rande: Trumps Vize Vance schwadroniert ohne Sachkenntis \u00fcber Gr\u00f6nland. D\u00e4nemark habe die Gr\u00f6nl\u00e4nder in der Vergangenheit zeitweise schlecht behandelt, und er vergisst dabei den Schulterblick zur\u00fcck auf die US-Vergangenheit, in der indigene Einwohner der USA (fr\u00fcher &#8222;Indianer&#8220; genannt) <em>ziemlich<\/em> schlecht behandelt wurden (Die Fakten sind bekannt, das braucht hier nicht n\u00e4her erl\u00e4utert zu werden). <\/p>\n\n\n\n<p class=\"has-text-align-center\">&#8212;&#8212;-<\/p>\n","protected":false},"excerpt":{"rendered":"<p>DER Spiritus Rector der Freien Universit\u00e4t Frechen gr\u00fc\u00dft alle BesucherInnen im neuen Jahr und w\u00fcnscht ein gutes 2026! Wer wei\u00df, was alles passieren mag. Schon mehrfach habe ich darauf hingewiesen, dass W. Putins &#8222;standing&#8220; im Krieg gegen die Ukraine hierzulande oft \u00fcbersch\u00e4tzt wird. Man sollte dazu das gr\u00f6\u00dfere Bild nicht aus den Augen verlieren.Zum gr\u00f6\u00dferen [&hellip;]<\/p>\n","protected":false},"author":3,"featured_media":0,"comment_status":"closed","ping_status":"open","sticky":false,"template":"","format":"standard","meta":[],"categories":[1,534,530,483,636],"tags":[769,395,356,723,768,624,633],"_links":{"self":[{"href":"https:\/\/www.fu-frechen.de\/index.php?rest_route=\/wp\/v2\/posts\/9711"}],"collection":[{"href":"https:\/\/www.fu-frechen.de\/index.php?rest_route=\/wp\/v2\/posts"}],"about":[{"href":"https:\/\/www.fu-frechen.de\/index.php?rest_route=\/wp\/v2\/types\/post"}],"author":[{"embeddable":true,"href":"https:\/\/www.fu-frechen.de\/index.php?rest_route=\/wp\/v2\/users\/3"}],"replies":[{"embeddable":true,"href":"https:\/\/www.fu-frechen.de\/index.php?rest_route=%2Fwp%2Fv2%2Fcomments&post=9711"}],"version-history":[{"count":15,"href":"https:\/\/www.fu-frechen.de\/index.php?rest_route=\/wp\/v2\/posts\/9711\/revisions"}],"predecessor-version":[{"id":9760,"href":"https:\/\/www.fu-frechen.de\/index.php?rest_route=\/wp\/v2\/posts\/9711\/revisions\/9760"}],"wp:attachment":[{"href":"https:\/\/www.fu-frechen.de\/index.php?rest_route=%2Fwp%2Fv2%2Fmedia&parent=9711"}],"wp:term":[{"taxonomy":"category","embeddable":true,"href":"https:\/\/www.fu-frechen.de\/index.php?rest_route=%2Fwp%2Fv2%2Fcategories&post=9711"},{"taxonomy":"post_tag","embeddable":true,"href":"https:\/\/www.fu-frechen.de\/index.php?rest_route=%2Fwp%2Fv2%2Ftags&post=9711"}],"curies":[{"name":"wp","href":"https:\/\/api.w.org\/{rel}","templated":true}]}}