{"id":9809,"date":"2026-03-17T23:50:21","date_gmt":"2026-03-17T22:50:21","guid":{"rendered":"https:\/\/www.fu-frechen.de\/?p=9809"},"modified":"2026-03-20T18:47:07","modified_gmt":"2026-03-20T17:47:07","slug":"ohne-plan","status":"publish","type":"post","link":"https:\/\/www.fu-frechen.de\/?p=9809","title":{"rendered":"Ohne Plan"},"content":{"rendered":"\n<p class=\"has-drop-cap\">N<strong>at\u00fcrlich<\/strong>, ich konnte es mir denken, der Tresen-Stammtisch in meiner Stammkneipe hatte mal wieder die Weltlage im Blick:<br>&#8222;Oha! Trump ist entt\u00e4uscht von der Nato. Weil sie ihm nicht mit Milit\u00e4r beispringt, um die Sperrung der Stra\u00dfe von Hormus durch den Iran aufzuheben. Sowas aber auch! Die Nato war f\u00fcr Trump immer ein l\u00e4stiger Klotz am Bein, die USA wollten allein stark genug sein, um alle Probleme in der Welt zu l\u00f6sen.&#8220;<br>&#8222;Ja, jetzt wei\u00df er nicht mehr weiter mit dem Krieg gegen den Iran, da sollen pl\u00f6tzlich Andere helfen, die er sonst gern vor&#8217;s Schienbein tritt.&#8220;<br>&#8222;Nun st\u00f6\u00dft er nebul\u00f6se Drohungen aus, was ja eine seiner Spezialit\u00e4ten ist. Ich will schon gar nicht mehr hinh\u00f6ren, wenn er in den Nachrichten zitiert wird.&#8220;<br>&#8222;Und bald redet er noch mehr Unsinn, weil er geistig abbaut. Sagen jedenfalls einige Mediziner, die ihn scharf beobachten.&#8220;<br>&#8222;Ach, der redet doch sowieso nicht wie ein Staatsmann, er ist im Dauerwahlkampf und wendet sich in einfacher Sprache an seine Stammw\u00e4hler. Die sollen ihm applaudieren. Und dazu m\u00f6glichst noch ausl\u00e4ndische Pollitiker.&#8220;<br>&#8222;Genau! Fr\u00fcher h\u00e4tte man gesagt: Als Politiker ist er unm\u00f6glich, den w\u00e4hlen doch h\u00f6chstens ein paar primitive Haudraufs ohne Bildung.&#8220;<br>&#8222;Er gibt sich auch gar keine M\u00fche, sowas wie staatsm\u00e4nnisches Format zu zeigen. Goldene Vorh\u00e4nge im Oval Office reichen, meint er, damit alle sehen, wie bedeutend er ist.&#8220;<br>&#8222;Und wie er \u00fcber Kuba redet! Das Land ist am Ende, ich kann damit machen, was ich will. Ich w\u00fcrde ihm am liebsten direkt eine reinhauen, dem Widerling!&#8220;<br>&#8222;Also bitte, jetzt komm mal runter! Gewalt ist keine L\u00f6sung, auch wenn Trump und seine Kumpane das meinen.&#8220;<br>&#8222;Gewalt ist keine L\u00f6sung, ja, aber es gibt Ausnahmen. Oder wie willste die verrohten Russen in der Ukraine stoppen? H\u00e4?&#8220;<br>&#8222;Ja, schon, da ist Gewalt von Vorneherein programmiert.&#8220;<br>&#8222;Die armen jungen Russen, sie tun mir schon leid! Erst werden sie in der Armee erbarmungslos geschleift und wie Vieh behandelt, um dann an der Front verheizt zu werden. Kein Wunder, dass Putin die Soldaten ausgehen.&#8220;<br>&#8222;Eben! Bei uns hie\u00df es immer, der Ukraine gehen die Soldaten aus, Russland ist so riesig, die haben viel mehr&#8230;&#8220;<br>&#8222;&#8230; arme Schlucker, die mit Geld in die Armee gek\u00f6dert werden. Aber das scheint auch nicht mehr richtig zu funktionieren. Oder warum mussten \u00fcber zehntausend Nordkoreaner als Kanonenfutter geholt werden?&#8220; <\/p>\n\n\n\n<p>&#8222;Aber Trump hilft ihm aus der Patsche, jetzt mit Lockerung der Sanktionen gegen russische \u00d6lausfuhren. Und warum? Aus Angst vor den W\u00e4hlern in den USA, die sich \u00fcber steigende Benzinpreise beschweren.&#8220;<\/p>\n\n\n\n<p>&#8222;Trump hat so Manches mit seinem Idol Putin gemeinsam, z.B. einen Krieg anfangen ohne Plan.&#8220;<\/p>\n\n\n\n<p>&#8222;Ohne Plan stehen noch ein paar Andere da, z.B. unsere Bundesregierung. Besessen von der R\u00fcckabwicklung gr\u00fcner Politik, rufen sie die R\u00fcckkehr zu mehr Verbrennung von \u00d6l und Gas aus, und Rumms, gibt&#8217;s auf dem Weltmarkt einen Preisschock, und Deutschland steht dumm da, weil es sich gerade wieder abh\u00e4ngiger macht von fossilen Energien. Wie bescheuert ist das denn!&#8220;<\/p>\n\n\n\n<p>&#8222;Eben! Wir sind nicht die USA, die auch \u00d6l und Gas exportieren. Wir sollten mehr erneuerbare Energien nutzen und unser Geld vor allem in die Bildung unserer Kinder und Heranwachsenden stecken. Das w\u00fcrde unserem Land nutzen&#8230;&#8220;<\/p>\n\n\n\n<p>&#8222;&#8230; und unsere Zukunftsaussichten verbessern, genau! Aber da passiert zu wenig, ich w\u00fcrde sagen: wider besseres Wissen. Lieber schielt man zur\u00fcck in eine \u00fcberholte Vergangenheit, allen voran die AfD. Ach h\u00f6r mir auf, mir wird gleich schlecht. Da hilft nur eins: Jupp, noch ne Runde von diesem goldenen Getr\u00e4nk!&#8220; &#8212;<\/p>\n\n\n\n<p class=\"has-text-align-center\">  <img decoding=\"async\" loading=\"lazy\" width=\"2352\" height=\"1061\" class=\"wp-image-8293\" style=\"width: 150px;\" src=\"https:\/\/www.fu-frechen.de\/wp-content\/uploads\/2023\/04\/2rbc.jpg\" alt=\"\" srcset=\"https:\/\/www.fu-frechen.de\/wp-content\/uploads\/2023\/04\/2rbc.jpg 2352w, https:\/\/www.fu-frechen.de\/wp-content\/uploads\/2023\/04\/2rbc-300x135.jpg 300w, https:\/\/www.fu-frechen.de\/wp-content\/uploads\/2023\/04\/2rbc-1024x462.jpg 1024w, https:\/\/www.fu-frechen.de\/wp-content\/uploads\/2023\/04\/2rbc-768x346.jpg 768w, https:\/\/www.fu-frechen.de\/wp-content\/uploads\/2023\/04\/2rbc-1536x693.jpg 1536w, https:\/\/www.fu-frechen.de\/wp-content\/uploads\/2023\/04\/2rbc-2048x924.jpg 2048w, https:\/\/www.fu-frechen.de\/wp-content\/uploads\/2023\/04\/2rbc-624x281.jpg 624w\" sizes=\"(max-width: 2352px) 100vw, 2352px\" \/><\/p>\n","protected":false},"excerpt":{"rendered":"<p>Nat\u00fcrlich, ich konnte es mir denken, der Tresen-Stammtisch in meiner Stammkneipe hatte mal wieder die Weltlage im Blick:&#8222;Oha! Trump ist entt\u00e4uscht von der Nato. Weil sie ihm nicht mit Milit\u00e4r beispringt, um die Sperrung der Stra\u00dfe von Hormus durch den Iran aufzuheben. Sowas aber auch! Die Nato war f\u00fcr Trump immer ein l\u00e4stiger Klotz am [&hellip;]<\/p>\n","protected":false},"author":3,"featured_media":0,"comment_status":"closed","ping_status":"open","sticky":false,"template":"","format":"standard","meta":[],"categories":[1,534,636,544],"tags":[342,395,624,633],"_links":{"self":[{"href":"https:\/\/www.fu-frechen.de\/index.php?rest_route=\/wp\/v2\/posts\/9809"}],"collection":[{"href":"https:\/\/www.fu-frechen.de\/index.php?rest_route=\/wp\/v2\/posts"}],"about":[{"href":"https:\/\/www.fu-frechen.de\/index.php?rest_route=\/wp\/v2\/types\/post"}],"author":[{"embeddable":true,"href":"https:\/\/www.fu-frechen.de\/index.php?rest_route=\/wp\/v2\/users\/3"}],"replies":[{"embeddable":true,"href":"https:\/\/www.fu-frechen.de\/index.php?rest_route=%2Fwp%2Fv2%2Fcomments&post=9809"}],"version-history":[{"count":4,"href":"https:\/\/www.fu-frechen.de\/index.php?rest_route=\/wp\/v2\/posts\/9809\/revisions"}],"predecessor-version":[{"id":9823,"href":"https:\/\/www.fu-frechen.de\/index.php?rest_route=\/wp\/v2\/posts\/9809\/revisions\/9823"}],"wp:attachment":[{"href":"https:\/\/www.fu-frechen.de\/index.php?rest_route=%2Fwp%2Fv2%2Fmedia&parent=9809"}],"wp:term":[{"taxonomy":"category","embeddable":true,"href":"https:\/\/www.fu-frechen.de\/index.php?rest_route=%2Fwp%2Fv2%2Fcategories&post=9809"},{"taxonomy":"post_tag","embeddable":true,"href":"https:\/\/www.fu-frechen.de\/index.php?rest_route=%2Fwp%2Fv2%2Ftags&post=9809"}],"curies":[{"name":"wp","href":"https:\/\/api.w.org\/{rel}","templated":true}]}}